{"id":1130,"date":"2015-04-27T09:14:14","date_gmt":"2015-04-27T08:14:14","guid":{"rendered":"http:\/\/presidentjosemontilla.cat\/es\/?p=1130"},"modified":"2015-04-27T09:14:14","modified_gmt":"2015-04-27T08:14:14","slug":"62-feria-de-los-esparragos-de-gava","status":"publish","type":"post","link":"https:\/\/presidentjosemontilla.cat\/es\/62-feria-de-los-esparragos-de-gava\/","title":{"rendered":"62 Feria de los Esp\u00e1rragos de Gav\u00e1"},"content":{"rendered":"<p><a href=\"http:\/\/presidentjosemontilla.cat\/wp-content\/uploads\/2015\/04\/Fira-Esparrecs-Gava-2.jpg\"><img loading=\"lazy\" decoding=\"async\" class=\"alignleft size-medium wp-image-1132\" src=\"http:\/\/presidentjosemontilla.cat\/wp-content\/uploads\/2015\/04\/Fira-Esparrecs-Gava-2-300x156.jpg\" alt=\"Fira Esparrecs Gava\" width=\"300\" height=\"156\" srcset=\"https:\/\/presidentjosemontilla.cat\/wp-content\/uploads\/2015\/04\/Fira-Esparrecs-Gava-2-300x156.jpg 300w, https:\/\/presidentjosemontilla.cat\/wp-content\/uploads\/2015\/04\/Fira-Esparrecs-Gava-2-768x398.jpg 768w, https:\/\/presidentjosemontilla.cat\/wp-content\/uploads\/2015\/04\/Fira-Esparrecs-Gava-2.jpg 833w\" sizes=\"auto, (max-width: 300px) 100vw, 300px\" \/><\/a>El Presidente Montilla ha asistido a la 62 Feria de Esp\u00e1rragos de Gav\u00e1, y ha aprovechado para acompa\u00f1ar a la alcaldesa Raquel S\u00e1nchez en un paseo por la ciudad, saludando a los principales productores de esp\u00e1rragos.<\/p>\n<p>Pod\u00e9is ver su visita en el\u00a0siguiente<span style=\"line-height: 1.5\">\u00a0<\/span><a style=\"line-height: 1.5\" title=\"62 Fira dels Esp\u00e0rrecs a Gav\u00e0\" href=\"http:\/\/www.gavatv.cat\/62a-fira-desparrecs\/capitol\/visita-jose-montilla-psc-a-la-fira\" target=\"_blank\" rel=\"noopener noreferrer\">v\u00eddeo\u00a0<\/a><\/p>\n","protected":false},"excerpt":{"rendered":"<p>El Presidente Montilla ha asistido a la 62 Feria de Esp\u00e1rragos de Gav\u00e1, y ha aprovechado para acompa\u00f1ar a la alcaldesa Raquel S\u00e1nchez en un paseo por la ciudad, saludando a los principales productores de esp\u00e1rragos. Pod\u00e9is ver su visita&hellip;<\/p>\n","protected":false},"author":5,"featured_media":1131,"comment_status":"open","ping_status":"open","sticky":false,"template":"","format":"standard","meta":{"footnotes":""},"categories":[3],"tags":[118,119,120,121],"post_series":[],"class_list":["post-1130","post","type-post","status-publish","format-standard","has-post-thumbnail","hentry","category-actividad","tag-62-feria-de-los-esparragos-gava","tag-agricultura","tag-economia-rural","tag-psc","entry","has-media"],"yoast_head":"<!-- This site is optimized with the Yoast SEO plugin v27.5 - https:\/\/yoast.com\/product\/yoast-seo-wordpress\/ -->\n<title>62 Feria de los Esp\u00e1rragos de Gav\u00e1 - President Jos\u00e9 Montilla<\/title>\n<meta name=\"robots\" content=\"index, follow, max-snippet:-1, max-image-preview:large, max-video-preview:-1\" \/>\n<link rel=\"canonical\" href=\"https:\/\/presidentjosemontilla.cat\/es\/62-feria-de-los-esparragos-de-gava\/\" \/>\n<meta property=\"og:locale\" content=\"es_ES\" \/>\n<meta property=\"og:type\" content=\"article\" \/>\n<meta property=\"og:title\" content=\"62 Feria de los Esp\u00e1rragos de Gav\u00e1 - President Jos\u00e9 Montilla\" \/>\n<meta property=\"og:description\" content=\"El Presidente Montilla ha asistido a la 62 Feria de Esp\u00e1rragos de Gav\u00e1, y ha aprovechado para acompa\u00f1ar a la alcaldesa Raquel S\u00e1nchez en un paseo por la ciudad, saludando a los principales productores de esp\u00e1rragos. Pod\u00e9is ver su visita&hellip;\" \/>\n<meta property=\"og:url\" content=\"https:\/\/presidentjosemontilla.cat\/es\/62-feria-de-los-esparragos-de-gava\/\" \/>\n<meta property=\"og:site_name\" content=\"President Jos\u00e9 Montilla\" \/>\n<meta property=\"article:published_time\" content=\"2015-04-27T08:14:14+00:00\" \/>\n<meta property=\"og:image\" content=\"https:\/\/presidentjosemontilla.cat\/wp-content\/uploads\/2015\/04\/62-Fira-Esparrecs-Gava-2.png\" \/>\n\t<meta property=\"og:image:width\" content=\"243\" \/>\n\t<meta property=\"og:image:height\" content=\"310\" \/>\n\t<meta property=\"og:image:type\" content=\"image\/png\" \/>\n<meta name=\"author\" content=\"Oficina de Jos\u00e9 Montilla\" \/>\n<meta name=\"twitter:card\" content=\"summary_large_image\" \/>\n<meta name=\"twitter:label1\" content=\"Escrito por\" \/>\n\t<meta name=\"twitter:data1\" content=\"Oficina de Jos\u00e9 Montilla\" \/>\n<script type=\"application\/ld+json\" class=\"yoast-schema-graph\">{\"@context\":\"https:\\\/\\\/schema.org\",\"@graph\":[{\"@type\":\"Article\",\"@id\":\"https:\\\/\\\/presidentjosemontilla.cat\\\/es\\\/62-feria-de-los-esparragos-de-gava\\\/#article\",\"isPartOf\":{\"@id\":\"https:\\\/\\\/presidentjosemontilla.cat\\\/es\\\/62-feria-de-los-esparragos-de-gava\\\/\"},\"author\":{\"name\":\"Oficina de Jos\u00e9 Montilla\",\"@id\":\"https:\\\/\\\/presidentjosemontilla.cat\\\/es\\\/#\\\/schema\\\/person\\\/f36cbd21c0ca240e3f825efdf1149484\"},\"headline\":\"62 Feria de los Esp\u00e1rragos de Gav\u00e1\",\"datePublished\":\"2015-04-27T08:14:14+00:00\",\"mainEntityOfPage\":{\"@id\":\"https:\\\/\\\/presidentjosemontilla.cat\\\/es\\\/62-feria-de-los-esparragos-de-gava\\\/\"},\"wordCount\":56,\"commentCount\":0,\"publisher\":{\"@id\":\"https:\\\/\\\/presidentjosemontilla.cat\\\/es\\\/#organization\"},\"image\":{\"@id\":\"https:\\\/\\\/presidentjosemontilla.cat\\\/es\\\/62-feria-de-los-esparragos-de-gava\\\/#primaryimage\"},\"thumbnailUrl\":\"https:\\\/\\\/presidentjosemontilla.cat\\\/wp-content\\\/uploads\\\/2015\\\/04\\\/62-Fira-Esparrecs-Gava-2.png\",\"keywords\":[\"62 Feria de los Esp\u00e1rragos Gav\u00e1\",\"Agricultura\",\"Econom\u00eda Rural\",\"PSC\"],\"articleSection\":[\"Actividad\"],\"inLanguage\":\"es\",\"potentialAction\":[{\"@type\":\"CommentAction\",\"name\":\"Comment\",\"target\":[\"https:\\\/\\\/presidentjosemontilla.cat\\\/es\\\/62-feria-de-los-esparragos-de-gava\\\/#respond\"]}]},{\"@type\":\"WebPage\",\"@id\":\"https:\\\/\\\/presidentjosemontilla.cat\\\/es\\\/62-feria-de-los-esparragos-de-gava\\\/\",\"url\":\"https:\\\/\\\/presidentjosemontilla.cat\\\/es\\\/62-feria-de-los-esparragos-de-gava\\\/\",\"name\":\"62 Feria de los Esp\u00e1rragos de Gav\u00e1 - President Jos\u00e9 Montilla\",\"isPartOf\":{\"@id\":\"https:\\\/\\\/presidentjosemontilla.cat\\\/es\\\/#website\"},\"primaryImageOfPage\":{\"@id\":\"https:\\\/\\\/presidentjosemontilla.cat\\\/es\\\/62-feria-de-los-esparragos-de-gava\\\/#primaryimage\"},\"image\":{\"@id\":\"https:\\\/\\\/presidentjosemontilla.cat\\\/es\\\/62-feria-de-los-esparragos-de-gava\\\/#primaryimage\"},\"thumbnailUrl\":\"https:\\\/\\\/presidentjosemontilla.cat\\\/wp-content\\\/uploads\\\/2015\\\/04\\\/62-Fira-Esparrecs-Gava-2.png\",\"datePublished\":\"2015-04-27T08:14:14+00:00\",\"breadcrumb\":{\"@id\":\"https:\\\/\\\/presidentjosemontilla.cat\\\/es\\\/62-feria-de-los-esparragos-de-gava\\\/#breadcrumb\"},\"inLanguage\":\"es\",\"potentialAction\":[{\"@type\":\"ReadAction\",\"target\":[\"https:\\\/\\\/presidentjosemontilla.cat\\\/es\\\/62-feria-de-los-esparragos-de-gava\\\/\"]}]},{\"@type\":\"ImageObject\",\"inLanguage\":\"es\",\"@id\":\"https:\\\/\\\/presidentjosemontilla.cat\\\/es\\\/62-feria-de-los-esparragos-de-gava\\\/#primaryimage\",\"url\":\"https:\\\/\\\/presidentjosemontilla.cat\\\/wp-content\\\/uploads\\\/2015\\\/04\\\/62-Fira-Esparrecs-Gava-2.png\",\"contentUrl\":\"https:\\\/\\\/presidentjosemontilla.cat\\\/wp-content\\\/uploads\\\/2015\\\/04\\\/62-Fira-Esparrecs-Gava-2.png\",\"width\":243,\"height\":310},{\"@type\":\"BreadcrumbList\",\"@id\":\"https:\\\/\\\/presidentjosemontilla.cat\\\/es\\\/62-feria-de-los-esparragos-de-gava\\\/#breadcrumb\",\"itemListElement\":[{\"@type\":\"ListItem\",\"position\":1,\"name\":\"Portada\",\"item\":\"https:\\\/\\\/presidentjosemontilla.cat\\\/es\\\/\"},{\"@type\":\"ListItem\",\"position\":2,\"name\":\"62 Feria de los Esp\u00e1rragos de Gav\u00e1\"}]},{\"@type\":\"WebSite\",\"@id\":\"https:\\\/\\\/presidentjosemontilla.cat\\\/es\\\/#website\",\"url\":\"https:\\\/\\\/presidentjosemontilla.cat\\\/es\\\/\",\"name\":\"President Jos\u00e9 Montilla\",\"description\":\"Web del 128\u00e8 president de la Generalitat de Catalunya\",\"publisher\":{\"@id\":\"https:\\\/\\\/presidentjosemontilla.cat\\\/es\\\/#organization\"},\"potentialAction\":[{\"@type\":\"SearchAction\",\"target\":{\"@type\":\"EntryPoint\",\"urlTemplate\":\"https:\\\/\\\/presidentjosemontilla.cat\\\/es\\\/?s={search_term_string}\"},\"query-input\":{\"@type\":\"PropertyValueSpecification\",\"valueRequired\":true,\"valueName\":\"search_term_string\"}}],\"inLanguage\":\"es\"},{\"@type\":\"Organization\",\"@id\":\"https:\\\/\\\/presidentjosemontilla.cat\\\/es\\\/#organization\",\"name\":\"President Jos\u00e9 Montilla\",\"url\":\"https:\\\/\\\/presidentjosemontilla.cat\\\/es\\\/\",\"logo\":{\"@type\":\"ImageObject\",\"inLanguage\":\"es\",\"@id\":\"https:\\\/\\\/presidentjosemontilla.cat\\\/es\\\/#\\\/schema\\\/logo\\\/image\\\/\",\"url\":\"https:\\\/\\\/presidentjosemontilla.cat\\\/wp-content\\\/uploads\\\/2019\\\/09\\\/logo2.png\",\"contentUrl\":\"https:\\\/\\\/presidentjosemontilla.cat\\\/wp-content\\\/uploads\\\/2019\\\/09\\\/logo2.png\",\"width\":350,\"height\":60,\"caption\":\"President Jos\u00e9 Montilla\"},\"image\":{\"@id\":\"https:\\\/\\\/presidentjosemontilla.cat\\\/es\\\/#\\\/schema\\\/logo\\\/image\\\/\"}},{\"@type\":\"Person\",\"@id\":\"https:\\\/\\\/presidentjosemontilla.cat\\\/es\\\/#\\\/schema\\\/person\\\/f36cbd21c0ca240e3f825efdf1149484\",\"name\":\"Oficina de Jos\u00e9 Montilla\",\"image\":{\"@type\":\"ImageObject\",\"inLanguage\":\"es\",\"@id\":\"https:\\\/\\\/secure.gravatar.com\\\/avatar\\\/33c91c345935ef6b4b0dea373a0addb58d127dab8ae459c970458ce720d66dad?s=96&d=mm&r=g\",\"url\":\"https:\\\/\\\/secure.gravatar.com\\\/avatar\\\/33c91c345935ef6b4b0dea373a0addb58d127dab8ae459c970458ce720d66dad?s=96&d=mm&r=g\",\"contentUrl\":\"https:\\\/\\\/secure.gravatar.com\\\/avatar\\\/33c91c345935ef6b4b0dea373a0addb58d127dab8ae459c970458ce720d66dad?s=96&d=mm&r=g\",\"caption\":\"Oficina de Jos\u00e9 Montilla\"},\"url\":\"https:\\\/\\\/presidentjosemontilla.cat\\\/es\\\/author\\\/oficina-jose-montilla\\\/\"}]}<\/script>\n<!-- \/ Yoast SEO plugin. -->","yoast_head_json":{"title":"62 Feria de los Esp\u00e1rragos de Gav\u00e1 - President Jos\u00e9 Montilla","robots":{"index":"index","follow":"follow","max-snippet":"max-snippet:-1","max-image-preview":"max-image-preview:large","max-video-preview":"max-video-preview:-1"},"canonical":"https:\/\/presidentjosemontilla.cat\/es\/62-feria-de-los-esparragos-de-gava\/","og_locale":"es_ES","og_type":"article","og_title":"62 Feria de los Esp\u00e1rragos de Gav\u00e1 - President Jos\u00e9 Montilla","og_description":"El Presidente Montilla ha asistido a la 62 Feria de Esp\u00e1rragos de Gav\u00e1, y ha aprovechado para acompa\u00f1ar a la alcaldesa Raquel S\u00e1nchez en un paseo por la ciudad, saludando a los principales productores de esp\u00e1rragos. Pod\u00e9is ver su visita&hellip;","og_url":"https:\/\/presidentjosemontilla.cat\/es\/62-feria-de-los-esparragos-de-gava\/","og_site_name":"President Jos\u00e9 Montilla","article_published_time":"2015-04-27T08:14:14+00:00","og_image":[{"width":243,"height":310,"url":"https:\/\/presidentjosemontilla.cat\/wp-content\/uploads\/2015\/04\/62-Fira-Esparrecs-Gava-2.png","type":"image\/png"}],"author":"Oficina de Jos\u00e9 Montilla","twitter_card":"summary_large_image","twitter_misc":{"Escrito por":"Oficina de Jos\u00e9 Montilla"},"schema":{"@context":"https:\/\/schema.org","@graph":[{"@type":"Article","@id":"https:\/\/presidentjosemontilla.cat\/es\/62-feria-de-los-esparragos-de-gava\/#article","isPartOf":{"@id":"https:\/\/presidentjosemontilla.cat\/es\/62-feria-de-los-esparragos-de-gava\/"},"author":{"name":"Oficina de Jos\u00e9 Montilla","@id":"https:\/\/presidentjosemontilla.cat\/es\/#\/schema\/person\/f36cbd21c0ca240e3f825efdf1149484"},"headline":"62 Feria de los Esp\u00e1rragos de Gav\u00e1","datePublished":"2015-04-27T08:14:14+00:00","mainEntityOfPage":{"@id":"https:\/\/presidentjosemontilla.cat\/es\/62-feria-de-los-esparragos-de-gava\/"},"wordCount":56,"commentCount":0,"publisher":{"@id":"https:\/\/presidentjosemontilla.cat\/es\/#organization"},"image":{"@id":"https:\/\/presidentjosemontilla.cat\/es\/62-feria-de-los-esparragos-de-gava\/#primaryimage"},"thumbnailUrl":"https:\/\/presidentjosemontilla.cat\/wp-content\/uploads\/2015\/04\/62-Fira-Esparrecs-Gava-2.png","keywords":["62 Feria de los Esp\u00e1rragos Gav\u00e1","Agricultura","Econom\u00eda Rural","PSC"],"articleSection":["Actividad"],"inLanguage":"es","potentialAction":[{"@type":"CommentAction","name":"Comment","target":["https:\/\/presidentjosemontilla.cat\/es\/62-feria-de-los-esparragos-de-gava\/#respond"]}]},{"@type":"WebPage","@id":"https:\/\/presidentjosemontilla.cat\/es\/62-feria-de-los-esparragos-de-gava\/","url":"https:\/\/presidentjosemontilla.cat\/es\/62-feria-de-los-esparragos-de-gava\/","name":"62 Feria de los Esp\u00e1rragos de Gav\u00e1 - President Jos\u00e9 Montilla","isPartOf":{"@id":"https:\/\/presidentjosemontilla.cat\/es\/#website"},"primaryImageOfPage":{"@id":"https:\/\/presidentjosemontilla.cat\/es\/62-feria-de-los-esparragos-de-gava\/#primaryimage"},"image":{"@id":"https:\/\/presidentjosemontilla.cat\/es\/62-feria-de-los-esparragos-de-gava\/#primaryimage"},"thumbnailUrl":"https:\/\/presidentjosemontilla.cat\/wp-content\/uploads\/2015\/04\/62-Fira-Esparrecs-Gava-2.png","datePublished":"2015-04-27T08:14:14+00:00","breadcrumb":{"@id":"https:\/\/presidentjosemontilla.cat\/es\/62-feria-de-los-esparragos-de-gava\/#breadcrumb"},"inLanguage":"es","potentialAction":[{"@type":"ReadAction","target":["https:\/\/presidentjosemontilla.cat\/es\/62-feria-de-los-esparragos-de-gava\/"]}]},{"@type":"ImageObject","inLanguage":"es","@id":"https:\/\/presidentjosemontilla.cat\/es\/62-feria-de-los-esparragos-de-gava\/#primaryimage","url":"https:\/\/presidentjosemontilla.cat\/wp-content\/uploads\/2015\/04\/62-Fira-Esparrecs-Gava-2.png","contentUrl":"https:\/\/presidentjosemontilla.cat\/wp-content\/uploads\/2015\/04\/62-Fira-Esparrecs-Gava-2.png","width":243,"height":310},{"@type":"BreadcrumbList","@id":"https:\/\/presidentjosemontilla.cat\/es\/62-feria-de-los-esparragos-de-gava\/#breadcrumb","itemListElement":[{"@type":"ListItem","position":1,"name":"Portada","item":"https:\/\/presidentjosemontilla.cat\/es\/"},{"@type":"ListItem","position":2,"name":"62 Feria de los Esp\u00e1rragos de Gav\u00e1"}]},{"@type":"WebSite","@id":"https:\/\/presidentjosemontilla.cat\/es\/#website","url":"https:\/\/presidentjosemontilla.cat\/es\/","name":"President Jos\u00e9 Montilla","description":"Web del 128\u00e8 president de la Generalitat de Catalunya","publisher":{"@id":"https:\/\/presidentjosemontilla.cat\/es\/#organization"},"potentialAction":[{"@type":"SearchAction","target":{"@type":"EntryPoint","urlTemplate":"https:\/\/presidentjosemontilla.cat\/es\/?s={search_term_string}"},"query-input":{"@type":"PropertyValueSpecification","valueRequired":true,"valueName":"search_term_string"}}],"inLanguage":"es"},{"@type":"Organization","@id":"https:\/\/presidentjosemontilla.cat\/es\/#organization","name":"President Jos\u00e9 Montilla","url":"https:\/\/presidentjosemontilla.cat\/es\/","logo":{"@type":"ImageObject","inLanguage":"es","@id":"https:\/\/presidentjosemontilla.cat\/es\/#\/schema\/logo\/image\/","url":"https:\/\/presidentjosemontilla.cat\/wp-content\/uploads\/2019\/09\/logo2.png","contentUrl":"https:\/\/presidentjosemontilla.cat\/wp-content\/uploads\/2019\/09\/logo2.png","width":350,"height":60,"caption":"President Jos\u00e9 Montilla"},"image":{"@id":"https:\/\/presidentjosemontilla.cat\/es\/#\/schema\/logo\/image\/"}},{"@type":"Person","@id":"https:\/\/presidentjosemontilla.cat\/es\/#\/schema\/person\/f36cbd21c0ca240e3f825efdf1149484","name":"Oficina de Jos\u00e9 Montilla","image":{"@type":"ImageObject","inLanguage":"es","@id":"https:\/\/secure.gravatar.com\/avatar\/33c91c345935ef6b4b0dea373a0addb58d127dab8ae459c970458ce720d66dad?s=96&d=mm&r=g","url":"https:\/\/secure.gravatar.com\/avatar\/33c91c345935ef6b4b0dea373a0addb58d127dab8ae459c970458ce720d66dad?s=96&d=mm&r=g","contentUrl":"https:\/\/secure.gravatar.com\/avatar\/33c91c345935ef6b4b0dea373a0addb58d127dab8ae459c970458ce720d66dad?s=96&d=mm&r=g","caption":"Oficina de Jos\u00e9 Montilla"},"url":"https:\/\/presidentjosemontilla.cat\/es\/author\/oficina-jose-montilla\/"}]}},"_links":{"self":[{"href":"https:\/\/presidentjosemontilla.cat\/es\/wp-json\/wp\/v2\/posts\/1130","targetHints":{"allow":["GET"]}}],"collection":[{"href":"https:\/\/presidentjosemontilla.cat\/es\/wp-json\/wp\/v2\/posts"}],"about":[{"href":"https:\/\/presidentjosemontilla.cat\/es\/wp-json\/wp\/v2\/types\/post"}],"author":[{"embeddable":true,"href":"https:\/\/presidentjosemontilla.cat\/es\/wp-json\/wp\/v2\/users\/5"}],"replies":[{"embeddable":true,"href":"https:\/\/presidentjosemontilla.cat\/es\/wp-json\/wp\/v2\/comments?post=1130"}],"version-history":[{"count":0,"href":"https:\/\/presidentjosemontilla.cat\/es\/wp-json\/wp\/v2\/posts\/1130\/revisions"}],"wp:featuredmedia":[{"embeddable":true,"href":"https:\/\/presidentjosemontilla.cat\/es\/wp-json\/wp\/v2\/media\/1131"}],"wp:attachment":[{"href":"https:\/\/presidentjosemontilla.cat\/es\/wp-json\/wp\/v2\/media?parent=1130"}],"wp:term":[{"taxonomy":"category","embeddable":true,"href":"https:\/\/presidentjosemontilla.cat\/es\/wp-json\/wp\/v2\/categories?post=1130"},{"taxonomy":"post_tag","embeddable":true,"href":"https:\/\/presidentjosemontilla.cat\/es\/wp-json\/wp\/v2\/tags?post=1130"},{"taxonomy":"post_series","embeddable":true,"href":"https:\/\/presidentjosemontilla.cat\/es\/wp-json\/wp\/v2\/post_series?post=1130"}],"curies":[{"name":"wp","href":"https:\/\/api.w.org\/{rel}","templated":true}]}}