{"id":1252,"date":"2015-09-29T16:54:12","date_gmt":"2015-09-29T16:54:12","guid":{"rendered":"http:\/\/presidentjosemontilla.cat\/es\/?p=1252"},"modified":"2020-07-20T08:32:14","modified_gmt":"2020-07-20T08:32:14","slug":"el-presidente-montilla-censura-la-ausencia-de-rajoy-en-la-sesion-de-control-del-senado","status":"publish","type":"post","link":"https:\/\/presidentjosemontilla.cat\/es\/el-presidente-montilla-censura-la-ausencia-de-rajoy-en-la-sesion-de-control-del-senado\/","title":{"rendered":"El presidente Montilla censura la ausencia de Rajoy en la sesi\u00f3n de control del Senado"},"content":{"rendered":"<p><a href=\"http:\/\/presidentjosemontilla.cat\/wp-content\/uploads\/2015\/09\/Senat1-2.jpg\"><img loading=\"lazy\" decoding=\"async\" class=\"alignleft size-medium wp-image-1254\" src=\"http:\/\/presidentjosemontilla.cat\/wp-content\/uploads\/2015\/09\/Senat1-2-300x171.jpg\" alt=\"Senado\" width=\"300\" height=\"171\" srcset=\"https:\/\/presidentjosemontilla.cat\/wp-content\/uploads\/2015\/09\/Senat1-2-300x171.jpg 300w, https:\/\/presidentjosemontilla.cat\/wp-content\/uploads\/2015\/09\/Senat1-2.jpg 308w\" sizes=\"auto, (max-width: 300px) 100vw, 300px\" \/><\/a>Desde el mes de Junio \u200b\u200bel presidente Rajoy no se somete a las sesiones \u00bb de control \u00bb del Senado. La totalidad de los grupos parlamentarios han presentado una pregunta sobre su ausencia, pero la Mesa &#8211; por imposici\u00f3n del PP &#8211; no ha permitido su tramitaci\u00f3n. Esto ha provocado una reacci\u00f3n de indignaci\u00f3n de todos los portavoces. El presidente Montilla ha dirigido al presidente Rajoy una carta abierta:<a href=\"http:\/\/presidentjosemontilla.cat\/wp-content\/uploads\/2015\/09\/Carta-Abierta-a-Mariano-Rajoy-2.pdf\">Carta Abierta a Mariano Rajoy<\/a><\/p>\n","protected":false},"excerpt":{"rendered":"<p>Desde el mes de Junio \u200b\u200bel presidente Rajoy no se somete a las sesiones \u00bb de control \u00bb del Senado. La totalidad de los grupos parlamentarios han presentado una pregunta sobre su ausencia, pero la Mesa &#8211; por imposici\u00f3n del&hellip;<\/p>\n","protected":false},"author":5,"featured_media":0,"comment_status":"open","ping_status":"open","sticky":false,"template":"","format":"standard","meta":{"footnotes":""},"categories":[3,4,8],"tags":[135,136,31],"post_series":[],"class_list":["post-1252","post","type-post","status-publish","format-standard","hentry","category-actividad","category-opinion","category-textos-es","tag-carta-abierta","tag-mariano-rajoy","tag-senado","entry","no-media"],"yoast_head":"<!-- This site is optimized with the Yoast SEO plugin v27.5 - https:\/\/yoast.com\/product\/yoast-seo-wordpress\/ -->\n<title>El presidente Montilla censura la ausencia de Rajoy en la sesi\u00f3n de control del Senado - President Jos\u00e9 Montilla<\/title>\n<meta name=\"robots\" content=\"index, follow, max-snippet:-1, max-image-preview:large, max-video-preview:-1\" \/>\n<link rel=\"canonical\" href=\"https:\/\/presidentjosemontilla.cat\/es\/el-presidente-montilla-censura-la-ausencia-de-rajoy-en-la-sesion-de-control-del-senado\/\" \/>\n<meta property=\"og:locale\" content=\"es_ES\" \/>\n<meta property=\"og:type\" content=\"article\" \/>\n<meta property=\"og:title\" content=\"El presidente Montilla censura la ausencia de Rajoy en la sesi\u00f3n de control del Senado - President Jos\u00e9 Montilla\" \/>\n<meta property=\"og:description\" content=\"Desde el mes de Junio \u200b\u200bel presidente Rajoy no se somete a las sesiones \u00bb de control \u00bb del Senado. La totalidad de los grupos parlamentarios han presentado una pregunta sobre su ausencia, pero la Mesa &#8211; por imposici\u00f3n del&hellip;\" \/>\n<meta property=\"og:url\" content=\"https:\/\/presidentjosemontilla.cat\/es\/el-presidente-montilla-censura-la-ausencia-de-rajoy-en-la-sesion-de-control-del-senado\/\" \/>\n<meta property=\"og:site_name\" content=\"President Jos\u00e9 Montilla\" \/>\n<meta property=\"article:published_time\" content=\"2015-09-29T16:54:12+00:00\" \/>\n<meta property=\"article:modified_time\" content=\"2020-07-20T08:32:14+00:00\" \/>\n<meta property=\"og:image\" content=\"http:\/\/presidentjosemontilla.cat\/wp-content\/uploads\/2015\/09\/Senat1-2-300x171.jpg\" \/>\n<meta name=\"author\" content=\"Oficina de Jos\u00e9 Montilla\" \/>\n<meta name=\"twitter:card\" content=\"summary_large_image\" \/>\n<meta name=\"twitter:label1\" content=\"Escrito por\" \/>\n\t<meta name=\"twitter:data1\" content=\"Oficina de Jos\u00e9 Montilla\" \/>\n<script type=\"application\/ld+json\" class=\"yoast-schema-graph\">{\"@context\":\"https:\\\/\\\/schema.org\",\"@graph\":[{\"@type\":\"Article\",\"@id\":\"https:\\\/\\\/presidentjosemontilla.cat\\\/es\\\/el-presidente-montilla-censura-la-ausencia-de-rajoy-en-la-sesion-de-control-del-senado\\\/#article\",\"isPartOf\":{\"@id\":\"https:\\\/\\\/presidentjosemontilla.cat\\\/es\\\/el-presidente-montilla-censura-la-ausencia-de-rajoy-en-la-sesion-de-control-del-senado\\\/\"},\"author\":{\"name\":\"Oficina de Jos\u00e9 Montilla\",\"@id\":\"https:\\\/\\\/presidentjosemontilla.cat\\\/es\\\/#\\\/schema\\\/person\\\/f36cbd21c0ca240e3f825efdf1149484\"},\"headline\":\"El presidente Montilla censura la ausencia de Rajoy en la sesi\u00f3n de control del Senado\",\"datePublished\":\"2015-09-29T16:54:12+00:00\",\"dateModified\":\"2020-07-20T08:32:14+00:00\",\"mainEntityOfPage\":{\"@id\":\"https:\\\/\\\/presidentjosemontilla.cat\\\/es\\\/el-presidente-montilla-censura-la-ausencia-de-rajoy-en-la-sesion-de-control-del-senado\\\/\"},\"wordCount\":92,\"commentCount\":0,\"publisher\":{\"@id\":\"https:\\\/\\\/presidentjosemontilla.cat\\\/es\\\/#organization\"},\"image\":{\"@id\":\"https:\\\/\\\/presidentjosemontilla.cat\\\/es\\\/el-presidente-montilla-censura-la-ausencia-de-rajoy-en-la-sesion-de-control-del-senado\\\/#primaryimage\"},\"thumbnailUrl\":\"http:\\\/\\\/presidentjosemontilla.cat\\\/wp-content\\\/uploads\\\/2015\\\/09\\\/Senat1-2-300x171.jpg\",\"keywords\":[\"Carta abierta\",\"Mariano Rajoy\",\"Senado\"],\"articleSection\":[\"Actividad\",\"Opini\u00f3n\",\"Textos\"],\"inLanguage\":\"es\",\"potentialAction\":[{\"@type\":\"CommentAction\",\"name\":\"Comment\",\"target\":[\"https:\\\/\\\/presidentjosemontilla.cat\\\/es\\\/el-presidente-montilla-censura-la-ausencia-de-rajoy-en-la-sesion-de-control-del-senado\\\/#respond\"]}]},{\"@type\":\"WebPage\",\"@id\":\"https:\\\/\\\/presidentjosemontilla.cat\\\/es\\\/el-presidente-montilla-censura-la-ausencia-de-rajoy-en-la-sesion-de-control-del-senado\\\/\",\"url\":\"https:\\\/\\\/presidentjosemontilla.cat\\\/es\\\/el-presidente-montilla-censura-la-ausencia-de-rajoy-en-la-sesion-de-control-del-senado\\\/\",\"name\":\"El presidente Montilla censura la ausencia de Rajoy en la sesi\u00f3n de control del Senado - President Jos\u00e9 Montilla\",\"isPartOf\":{\"@id\":\"https:\\\/\\\/presidentjosemontilla.cat\\\/es\\\/#website\"},\"primaryImageOfPage\":{\"@id\":\"https:\\\/\\\/presidentjosemontilla.cat\\\/es\\\/el-presidente-montilla-censura-la-ausencia-de-rajoy-en-la-sesion-de-control-del-senado\\\/#primaryimage\"},\"image\":{\"@id\":\"https:\\\/\\\/presidentjosemontilla.cat\\\/es\\\/el-presidente-montilla-censura-la-ausencia-de-rajoy-en-la-sesion-de-control-del-senado\\\/#primaryimage\"},\"thumbnailUrl\":\"http:\\\/\\\/presidentjosemontilla.cat\\\/wp-content\\\/uploads\\\/2015\\\/09\\\/Senat1-2-300x171.jpg\",\"datePublished\":\"2015-09-29T16:54:12+00:00\",\"dateModified\":\"2020-07-20T08:32:14+00:00\",\"breadcrumb\":{\"@id\":\"https:\\\/\\\/presidentjosemontilla.cat\\\/es\\\/el-presidente-montilla-censura-la-ausencia-de-rajoy-en-la-sesion-de-control-del-senado\\\/#breadcrumb\"},\"inLanguage\":\"es\",\"potentialAction\":[{\"@type\":\"ReadAction\",\"target\":[\"https:\\\/\\\/presidentjosemontilla.cat\\\/es\\\/el-presidente-montilla-censura-la-ausencia-de-rajoy-en-la-sesion-de-control-del-senado\\\/\"]}]},{\"@type\":\"ImageObject\",\"inLanguage\":\"es\",\"@id\":\"https:\\\/\\\/presidentjosemontilla.cat\\\/es\\\/el-presidente-montilla-censura-la-ausencia-de-rajoy-en-la-sesion-de-control-del-senado\\\/#primaryimage\",\"url\":\"http:\\\/\\\/presidentjosemontilla.cat\\\/wp-content\\\/uploads\\\/2015\\\/09\\\/Senat1-2-300x171.jpg\",\"contentUrl\":\"http:\\\/\\\/presidentjosemontilla.cat\\\/wp-content\\\/uploads\\\/2015\\\/09\\\/Senat1-2-300x171.jpg\"},{\"@type\":\"BreadcrumbList\",\"@id\":\"https:\\\/\\\/presidentjosemontilla.cat\\\/es\\\/el-presidente-montilla-censura-la-ausencia-de-rajoy-en-la-sesion-de-control-del-senado\\\/#breadcrumb\",\"itemListElement\":[{\"@type\":\"ListItem\",\"position\":1,\"name\":\"Portada\",\"item\":\"https:\\\/\\\/presidentjosemontilla.cat\\\/es\\\/\"},{\"@type\":\"ListItem\",\"position\":2,\"name\":\"El presidente Montilla censura la ausencia de Rajoy en la sesi\u00f3n de control del Senado\"}]},{\"@type\":\"WebSite\",\"@id\":\"https:\\\/\\\/presidentjosemontilla.cat\\\/es\\\/#website\",\"url\":\"https:\\\/\\\/presidentjosemontilla.cat\\\/es\\\/\",\"name\":\"President Jos\u00e9 Montilla\",\"description\":\"Web del 128\u00e8 president de la Generalitat de Catalunya\",\"publisher\":{\"@id\":\"https:\\\/\\\/presidentjosemontilla.cat\\\/es\\\/#organization\"},\"potentialAction\":[{\"@type\":\"SearchAction\",\"target\":{\"@type\":\"EntryPoint\",\"urlTemplate\":\"https:\\\/\\\/presidentjosemontilla.cat\\\/es\\\/?s={search_term_string}\"},\"query-input\":{\"@type\":\"PropertyValueSpecification\",\"valueRequired\":true,\"valueName\":\"search_term_string\"}}],\"inLanguage\":\"es\"},{\"@type\":\"Organization\",\"@id\":\"https:\\\/\\\/presidentjosemontilla.cat\\\/es\\\/#organization\",\"name\":\"President Jos\u00e9 Montilla\",\"url\":\"https:\\\/\\\/presidentjosemontilla.cat\\\/es\\\/\",\"logo\":{\"@type\":\"ImageObject\",\"inLanguage\":\"es\",\"@id\":\"https:\\\/\\\/presidentjosemontilla.cat\\\/es\\\/#\\\/schema\\\/logo\\\/image\\\/\",\"url\":\"https:\\\/\\\/presidentjosemontilla.cat\\\/wp-content\\\/uploads\\\/2019\\\/09\\\/logo2.png\",\"contentUrl\":\"https:\\\/\\\/presidentjosemontilla.cat\\\/wp-content\\\/uploads\\\/2019\\\/09\\\/logo2.png\",\"width\":350,\"height\":60,\"caption\":\"President Jos\u00e9 Montilla\"},\"image\":{\"@id\":\"https:\\\/\\\/presidentjosemontilla.cat\\\/es\\\/#\\\/schema\\\/logo\\\/image\\\/\"}},{\"@type\":\"Person\",\"@id\":\"https:\\\/\\\/presidentjosemontilla.cat\\\/es\\\/#\\\/schema\\\/person\\\/f36cbd21c0ca240e3f825efdf1149484\",\"name\":\"Oficina de Jos\u00e9 Montilla\",\"image\":{\"@type\":\"ImageObject\",\"inLanguage\":\"es\",\"@id\":\"https:\\\/\\\/secure.gravatar.com\\\/avatar\\\/33c91c345935ef6b4b0dea373a0addb58d127dab8ae459c970458ce720d66dad?s=96&d=mm&r=g\",\"url\":\"https:\\\/\\\/secure.gravatar.com\\\/avatar\\\/33c91c345935ef6b4b0dea373a0addb58d127dab8ae459c970458ce720d66dad?s=96&d=mm&r=g\",\"contentUrl\":\"https:\\\/\\\/secure.gravatar.com\\\/avatar\\\/33c91c345935ef6b4b0dea373a0addb58d127dab8ae459c970458ce720d66dad?s=96&d=mm&r=g\",\"caption\":\"Oficina de Jos\u00e9 Montilla\"},\"url\":\"https:\\\/\\\/presidentjosemontilla.cat\\\/es\\\/author\\\/oficina-jose-montilla\\\/\"}]}<\/script>\n<!-- \/ Yoast SEO plugin. -->","yoast_head_json":{"title":"El presidente Montilla censura la ausencia de Rajoy en la sesi\u00f3n de control del Senado - President Jos\u00e9 Montilla","robots":{"index":"index","follow":"follow","max-snippet":"max-snippet:-1","max-image-preview":"max-image-preview:large","max-video-preview":"max-video-preview:-1"},"canonical":"https:\/\/presidentjosemontilla.cat\/es\/el-presidente-montilla-censura-la-ausencia-de-rajoy-en-la-sesion-de-control-del-senado\/","og_locale":"es_ES","og_type":"article","og_title":"El presidente Montilla censura la ausencia de Rajoy en la sesi\u00f3n de control del Senado - President Jos\u00e9 Montilla","og_description":"Desde el mes de Junio \u200b\u200bel presidente Rajoy no se somete a las sesiones \u00bb de control \u00bb del Senado. La totalidad de los grupos parlamentarios han presentado una pregunta sobre su ausencia, pero la Mesa &#8211; por imposici\u00f3n del&hellip;","og_url":"https:\/\/presidentjosemontilla.cat\/es\/el-presidente-montilla-censura-la-ausencia-de-rajoy-en-la-sesion-de-control-del-senado\/","og_site_name":"President Jos\u00e9 Montilla","article_published_time":"2015-09-29T16:54:12+00:00","article_modified_time":"2020-07-20T08:32:14+00:00","og_image":[{"url":"http:\/\/presidentjosemontilla.cat\/wp-content\/uploads\/2015\/09\/Senat1-2-300x171.jpg","type":"","width":"","height":""}],"author":"Oficina de Jos\u00e9 Montilla","twitter_card":"summary_large_image","twitter_misc":{"Escrito por":"Oficina de Jos\u00e9 Montilla"},"schema":{"@context":"https:\/\/schema.org","@graph":[{"@type":"Article","@id":"https:\/\/presidentjosemontilla.cat\/es\/el-presidente-montilla-censura-la-ausencia-de-rajoy-en-la-sesion-de-control-del-senado\/#article","isPartOf":{"@id":"https:\/\/presidentjosemontilla.cat\/es\/el-presidente-montilla-censura-la-ausencia-de-rajoy-en-la-sesion-de-control-del-senado\/"},"author":{"name":"Oficina de Jos\u00e9 Montilla","@id":"https:\/\/presidentjosemontilla.cat\/es\/#\/schema\/person\/f36cbd21c0ca240e3f825efdf1149484"},"headline":"El presidente Montilla censura la ausencia de Rajoy en la sesi\u00f3n de control del Senado","datePublished":"2015-09-29T16:54:12+00:00","dateModified":"2020-07-20T08:32:14+00:00","mainEntityOfPage":{"@id":"https:\/\/presidentjosemontilla.cat\/es\/el-presidente-montilla-censura-la-ausencia-de-rajoy-en-la-sesion-de-control-del-senado\/"},"wordCount":92,"commentCount":0,"publisher":{"@id":"https:\/\/presidentjosemontilla.cat\/es\/#organization"},"image":{"@id":"https:\/\/presidentjosemontilla.cat\/es\/el-presidente-montilla-censura-la-ausencia-de-rajoy-en-la-sesion-de-control-del-senado\/#primaryimage"},"thumbnailUrl":"http:\/\/presidentjosemontilla.cat\/wp-content\/uploads\/2015\/09\/Senat1-2-300x171.jpg","keywords":["Carta abierta","Mariano Rajoy","Senado"],"articleSection":["Actividad","Opini\u00f3n","Textos"],"inLanguage":"es","potentialAction":[{"@type":"CommentAction","name":"Comment","target":["https:\/\/presidentjosemontilla.cat\/es\/el-presidente-montilla-censura-la-ausencia-de-rajoy-en-la-sesion-de-control-del-senado\/#respond"]}]},{"@type":"WebPage","@id":"https:\/\/presidentjosemontilla.cat\/es\/el-presidente-montilla-censura-la-ausencia-de-rajoy-en-la-sesion-de-control-del-senado\/","url":"https:\/\/presidentjosemontilla.cat\/es\/el-presidente-montilla-censura-la-ausencia-de-rajoy-en-la-sesion-de-control-del-senado\/","name":"El presidente Montilla censura la ausencia de Rajoy en la sesi\u00f3n de control del Senado - President Jos\u00e9 Montilla","isPartOf":{"@id":"https:\/\/presidentjosemontilla.cat\/es\/#website"},"primaryImageOfPage":{"@id":"https:\/\/presidentjosemontilla.cat\/es\/el-presidente-montilla-censura-la-ausencia-de-rajoy-en-la-sesion-de-control-del-senado\/#primaryimage"},"image":{"@id":"https:\/\/presidentjosemontilla.cat\/es\/el-presidente-montilla-censura-la-ausencia-de-rajoy-en-la-sesion-de-control-del-senado\/#primaryimage"},"thumbnailUrl":"http:\/\/presidentjosemontilla.cat\/wp-content\/uploads\/2015\/09\/Senat1-2-300x171.jpg","datePublished":"2015-09-29T16:54:12+00:00","dateModified":"2020-07-20T08:32:14+00:00","breadcrumb":{"@id":"https:\/\/presidentjosemontilla.cat\/es\/el-presidente-montilla-censura-la-ausencia-de-rajoy-en-la-sesion-de-control-del-senado\/#breadcrumb"},"inLanguage":"es","potentialAction":[{"@type":"ReadAction","target":["https:\/\/presidentjosemontilla.cat\/es\/el-presidente-montilla-censura-la-ausencia-de-rajoy-en-la-sesion-de-control-del-senado\/"]}]},{"@type":"ImageObject","inLanguage":"es","@id":"https:\/\/presidentjosemontilla.cat\/es\/el-presidente-montilla-censura-la-ausencia-de-rajoy-en-la-sesion-de-control-del-senado\/#primaryimage","url":"http:\/\/presidentjosemontilla.cat\/wp-content\/uploads\/2015\/09\/Senat1-2-300x171.jpg","contentUrl":"http:\/\/presidentjosemontilla.cat\/wp-content\/uploads\/2015\/09\/Senat1-2-300x171.jpg"},{"@type":"BreadcrumbList","@id":"https:\/\/presidentjosemontilla.cat\/es\/el-presidente-montilla-censura-la-ausencia-de-rajoy-en-la-sesion-de-control-del-senado\/#breadcrumb","itemListElement":[{"@type":"ListItem","position":1,"name":"Portada","item":"https:\/\/presidentjosemontilla.cat\/es\/"},{"@type":"ListItem","position":2,"name":"El presidente Montilla censura la ausencia de Rajoy en la sesi\u00f3n de control del Senado"}]},{"@type":"WebSite","@id":"https:\/\/presidentjosemontilla.cat\/es\/#website","url":"https:\/\/presidentjosemontilla.cat\/es\/","name":"President Jos\u00e9 Montilla","description":"Web del 128\u00e8 president de la Generalitat de Catalunya","publisher":{"@id":"https:\/\/presidentjosemontilla.cat\/es\/#organization"},"potentialAction":[{"@type":"SearchAction","target":{"@type":"EntryPoint","urlTemplate":"https:\/\/presidentjosemontilla.cat\/es\/?s={search_term_string}"},"query-input":{"@type":"PropertyValueSpecification","valueRequired":true,"valueName":"search_term_string"}}],"inLanguage":"es"},{"@type":"Organization","@id":"https:\/\/presidentjosemontilla.cat\/es\/#organization","name":"President Jos\u00e9 Montilla","url":"https:\/\/presidentjosemontilla.cat\/es\/","logo":{"@type":"ImageObject","inLanguage":"es","@id":"https:\/\/presidentjosemontilla.cat\/es\/#\/schema\/logo\/image\/","url":"https:\/\/presidentjosemontilla.cat\/wp-content\/uploads\/2019\/09\/logo2.png","contentUrl":"https:\/\/presidentjosemontilla.cat\/wp-content\/uploads\/2019\/09\/logo2.png","width":350,"height":60,"caption":"President Jos\u00e9 Montilla"},"image":{"@id":"https:\/\/presidentjosemontilla.cat\/es\/#\/schema\/logo\/image\/"}},{"@type":"Person","@id":"https:\/\/presidentjosemontilla.cat\/es\/#\/schema\/person\/f36cbd21c0ca240e3f825efdf1149484","name":"Oficina de Jos\u00e9 Montilla","image":{"@type":"ImageObject","inLanguage":"es","@id":"https:\/\/secure.gravatar.com\/avatar\/33c91c345935ef6b4b0dea373a0addb58d127dab8ae459c970458ce720d66dad?s=96&d=mm&r=g","url":"https:\/\/secure.gravatar.com\/avatar\/33c91c345935ef6b4b0dea373a0addb58d127dab8ae459c970458ce720d66dad?s=96&d=mm&r=g","contentUrl":"https:\/\/secure.gravatar.com\/avatar\/33c91c345935ef6b4b0dea373a0addb58d127dab8ae459c970458ce720d66dad?s=96&d=mm&r=g","caption":"Oficina de Jos\u00e9 Montilla"},"url":"https:\/\/presidentjosemontilla.cat\/es\/author\/oficina-jose-montilla\/"}]}},"_links":{"self":[{"href":"https:\/\/presidentjosemontilla.cat\/es\/wp-json\/wp\/v2\/posts\/1252","targetHints":{"allow":["GET"]}}],"collection":[{"href":"https:\/\/presidentjosemontilla.cat\/es\/wp-json\/wp\/v2\/posts"}],"about":[{"href":"https:\/\/presidentjosemontilla.cat\/es\/wp-json\/wp\/v2\/types\/post"}],"author":[{"embeddable":true,"href":"https:\/\/presidentjosemontilla.cat\/es\/wp-json\/wp\/v2\/users\/5"}],"replies":[{"embeddable":true,"href":"https:\/\/presidentjosemontilla.cat\/es\/wp-json\/wp\/v2\/comments?post=1252"}],"version-history":[{"count":2,"href":"https:\/\/presidentjosemontilla.cat\/es\/wp-json\/wp\/v2\/posts\/1252\/revisions"}],"predecessor-version":[{"id":5160,"href":"https:\/\/presidentjosemontilla.cat\/es\/wp-json\/wp\/v2\/posts\/1252\/revisions\/5160"}],"wp:attachment":[{"href":"https:\/\/presidentjosemontilla.cat\/es\/wp-json\/wp\/v2\/media?parent=1252"}],"wp:term":[{"taxonomy":"category","embeddable":true,"href":"https:\/\/presidentjosemontilla.cat\/es\/wp-json\/wp\/v2\/categories?post=1252"},{"taxonomy":"post_tag","embeddable":true,"href":"https:\/\/presidentjosemontilla.cat\/es\/wp-json\/wp\/v2\/tags?post=1252"},{"taxonomy":"post_series","embeddable":true,"href":"https:\/\/presidentjosemontilla.cat\/es\/wp-json\/wp\/v2\/post_series?post=1252"}],"curies":[{"name":"wp","href":"https:\/\/api.w.org\/{rel}","templated":true}]}}