{"id":1349,"date":"2016-04-15T11:01:32","date_gmt":"2016-04-15T10:01:32","guid":{"rendered":"http:\/\/presidentjosemontilla.cat\/es\/?p=1349"},"modified":"2016-04-15T11:01:32","modified_gmt":"2016-04-15T10:01:32","slug":"la-revista-el-llobregat-que-enguany-celebra-els-seu-dese-aniversari-publica-una-entrevista-al-president-montilla-en-el-que-fa-un-balanc-de-la-seva-trajectoria-parla-del-proces-estatutari-i-de-la-sit","status":"publish","type":"post","link":"https:\/\/presidentjosemontilla.cat\/es\/la-revista-el-llobregat-que-enguany-celebra-els-seu-dese-aniversari-publica-una-entrevista-al-president-montilla-en-el-que-fa-un-balanc-de-la-seva-trajectoria-parla-del-proces-estatutari-i-de-la-sit\/","title":{"rendered":"La revista El Llobregat, que enguany celebra els seu des\u00e8 aniversari publica una entrevista al president Montilla en el que fa un balan\u00e7 de la seva traject\u00f2ria, parla del proc\u00e9s estatutari i de la situaci\u00f3 pol\u00edtica: \u00abEstem en una redefinici\u00f3 del mapa pol\u00edtic i no si tornarem a tenir mapes mes definitius. Ens trobem amb una societat que  cada vegada es m\u00e9s l\u00edquida o gasosa, dep\u00e8n de com es miri\u00bb Podeu llegir l&#8217;entrevista aqu\u00ed"},"content":{"rendered":"<p><a href=\"http:\/\/presidentjosemontilla.cat\/wp-content\/uploads\/2016\/04\/84_personal-2.jpg\" rel=\"attachment wp-att-1350\"><img loading=\"lazy\" decoding=\"async\" class=\"alignleft size-medium wp-image-1350\" src=\"http:\/\/presidentjosemontilla.cat\/wp-content\/uploads\/2016\/04\/84_personal-2-196x300.jpg\" alt=\"Jos\u00e9 Montilla\" width=\"196\" height=\"300\" srcset=\"https:\/\/presidentjosemontilla.cat\/wp-content\/uploads\/2016\/04\/84_personal-2-196x300.jpg 196w, https:\/\/presidentjosemontilla.cat\/wp-content\/uploads\/2016\/04\/84_personal-2-768x1178.jpg 768w, https:\/\/presidentjosemontilla.cat\/wp-content\/uploads\/2016\/04\/84_personal-2-668x1024.jpg 668w, https:\/\/presidentjosemontilla.cat\/wp-content\/uploads\/2016\/04\/84_personal-2.jpg 948w\" sizes=\"auto, (max-width: 196px) 100vw, 196px\" \/><\/a>La revista El Llobregat , que este a\u00f1o celebra su d\u00e9cimo aniversario publica una entrevista al presidente Montilla en el que hace un balance de su trayectoria , habla del proceso estatutario y de la situaci\u00f3n pol\u00edtica : \u00abEstamos en una redefinici\u00f3n del mapa pol\u00edtico y no si volveremos a tener mapas m\u00e1s definitivos. Nos encontramos con una sociedad que cada vez es m\u00e1s l\u00edquida o gaseosa , depende de c\u00f3mo se mire \u00bb<\/p>\n<p>Puede leer la entrevista <a href=\"http:\/\/www.elllobregat.com\/noticia\/12002\/qu-va-ser-de\/montilla:-ser-alcalde-ha-estat-el-mes-gratificant-de-la-meva-trajectria-politica.html\" target=\"_blank\" rel=\"noopener noreferrer\">aqu\u00ed<\/a><\/p>\n","protected":false},"excerpt":{"rendered":"<p>La revista El Llobregat , que este a\u00f1o celebra su d\u00e9cimo aniversario publica una entrevista al presidente Montilla en el que hace un balance de su trayectoria , habla del proceso estatutario y de la situaci\u00f3n pol\u00edtica : \u00abEstamos en&hellip;<\/p>\n","protected":false},"author":5,"featured_media":1350,"comment_status":"open","ping_status":"open","sticky":false,"template":"","format":"standard","meta":{"footnotes":""},"categories":[4,5],"tags":[158,34,159,160,161],"post_series":[],"class_list":["post-1349","post","type-post","status-publish","format-standard","has-post-thumbnail","hentry","category-opinion","category-reflexiones-compartidas","tag-alcalde","tag-cornella","tag-el-llobregat","tag-politica","tag-revista","entry","has-media"],"yoast_head":"<!-- This site is optimized with the Yoast SEO plugin v27.5 - https:\/\/yoast.com\/product\/yoast-seo-wordpress\/ -->\n<title>La revista El Llobregat, que enguany celebra els seu des\u00e8 aniversari publica una entrevista al president Montilla en el que fa un balan\u00e7 de la seva traject\u00f2ria, parla del proc\u00e9s estatutari i de la situaci\u00f3 pol\u00edtica: &quot;Estem en una redefinici\u00f3 del mapa pol\u00edtic i no si tornarem a tenir mapes mes definitius. Ens trobem amb una societat que cada vegada es m\u00e9s l\u00edquida o gasosa, dep\u00e8n de com es miri&quot; Podeu llegir l&#039;entrevista aqu\u00ed - President Jos\u00e9 Montilla<\/title>\n<meta name=\"robots\" content=\"index, follow, max-snippet:-1, max-image-preview:large, max-video-preview:-1\" \/>\n<link rel=\"canonical\" href=\"https:\/\/presidentjosemontilla.cat\/es\/la-revista-el-llobregat-que-enguany-celebra-els-seu-dese-aniversari-publica-una-entrevista-al-president-montilla-en-el-que-fa-un-balanc-de-la-seva-trajectoria-parla-del-proces-estatutari-i-de-la-sit\/\" \/>\n<meta property=\"og:locale\" content=\"es_ES\" \/>\n<meta property=\"og:type\" content=\"article\" \/>\n<meta property=\"og:title\" content=\"La revista El Llobregat, que enguany celebra els seu des\u00e8 aniversari publica una entrevista al president Montilla en el que fa un balan\u00e7 de la seva traject\u00f2ria, parla del proc\u00e9s estatutari i de la situaci\u00f3 pol\u00edtica: &quot;Estem en una redefinici\u00f3 del mapa pol\u00edtic i no si tornarem a tenir mapes mes definitius. Ens trobem amb una societat que cada vegada es m\u00e9s l\u00edquida o gasosa, dep\u00e8n de com es miri&quot; Podeu llegir l&#039;entrevista aqu\u00ed - President Jos\u00e9 Montilla\" \/>\n<meta property=\"og:description\" content=\"La revista El Llobregat , que este a\u00f1o celebra su d\u00e9cimo aniversario publica una entrevista al presidente Montilla en el que hace un balance de su trayectoria , habla del proceso estatutario y de la situaci\u00f3n pol\u00edtica : \u00abEstamos en&hellip;\" \/>\n<meta property=\"og:url\" content=\"https:\/\/presidentjosemontilla.cat\/es\/la-revista-el-llobregat-que-enguany-celebra-els-seu-dese-aniversari-publica-una-entrevista-al-president-montilla-en-el-que-fa-un-balanc-de-la-seva-trajectoria-parla-del-proces-estatutari-i-de-la-sit\/\" \/>\n<meta property=\"og:site_name\" content=\"President Jos\u00e9 Montilla\" \/>\n<meta property=\"article:published_time\" content=\"2016-04-15T10:01:32+00:00\" \/>\n<meta property=\"og:image\" content=\"https:\/\/presidentjosemontilla.cat\/wp-content\/uploads\/2016\/04\/84_personal-2.jpg\" \/>\n\t<meta property=\"og:image:width\" content=\"948\" \/>\n\t<meta property=\"og:image:height\" content=\"1454\" \/>\n\t<meta property=\"og:image:type\" content=\"image\/jpeg\" \/>\n<meta name=\"author\" content=\"Oficina de Jos\u00e9 Montilla\" \/>\n<meta name=\"twitter:card\" content=\"summary_large_image\" \/>\n<meta name=\"twitter:label1\" content=\"Escrito por\" \/>\n\t<meta name=\"twitter:data1\" content=\"Oficina de Jos\u00e9 Montilla\" \/>\n<script type=\"application\/ld+json\" class=\"yoast-schema-graph\">{\"@context\":\"https:\\\/\\\/schema.org\",\"@graph\":[{\"@type\":\"Article\",\"@id\":\"https:\\\/\\\/presidentjosemontilla.cat\\\/es\\\/la-revista-el-llobregat-que-enguany-celebra-els-seu-dese-aniversari-publica-una-entrevista-al-president-montilla-en-el-que-fa-un-balanc-de-la-seva-trajectoria-parla-del-proces-estatutari-i-de-la-sit\\\/#article\",\"isPartOf\":{\"@id\":\"https:\\\/\\\/presidentjosemontilla.cat\\\/es\\\/la-revista-el-llobregat-que-enguany-celebra-els-seu-dese-aniversari-publica-una-entrevista-al-president-montilla-en-el-que-fa-un-balanc-de-la-seva-trajectoria-parla-del-proces-estatutari-i-de-la-sit\\\/\"},\"author\":{\"name\":\"Oficina de Jos\u00e9 Montilla\",\"@id\":\"https:\\\/\\\/presidentjosemontilla.cat\\\/es\\\/#\\\/schema\\\/person\\\/f36cbd21c0ca240e3f825efdf1149484\"},\"headline\":\"La revista El Llobregat, que enguany celebra els seu des\u00e8 aniversari publica una entrevista al president Montilla en el que fa un balan\u00e7 de la seva traject\u00f2ria, parla del proc\u00e9s estatutari i de la situaci\u00f3 pol\u00edtica: \u00abEstem en una redefinici\u00f3 del mapa pol\u00edtic i no si tornarem a tenir mapes mes definitius. Ens trobem amb una societat que cada vegada es m\u00e9s l\u00edquida o gasosa, dep\u00e8n de com es miri\u00bb Podeu llegir l&#8217;entrevista aqu\u00ed\",\"datePublished\":\"2016-04-15T10:01:32+00:00\",\"mainEntityOfPage\":{\"@id\":\"https:\\\/\\\/presidentjosemontilla.cat\\\/es\\\/la-revista-el-llobregat-que-enguany-celebra-els-seu-dese-aniversari-publica-una-entrevista-al-president-montilla-en-el-que-fa-un-balanc-de-la-seva-trajectoria-parla-del-proces-estatutari-i-de-la-sit\\\/\"},\"wordCount\":165,\"commentCount\":0,\"publisher\":{\"@id\":\"https:\\\/\\\/presidentjosemontilla.cat\\\/es\\\/#organization\"},\"image\":{\"@id\":\"https:\\\/\\\/presidentjosemontilla.cat\\\/es\\\/la-revista-el-llobregat-que-enguany-celebra-els-seu-dese-aniversari-publica-una-entrevista-al-president-montilla-en-el-que-fa-un-balanc-de-la-seva-trajectoria-parla-del-proces-estatutari-i-de-la-sit\\\/#primaryimage\"},\"thumbnailUrl\":\"https:\\\/\\\/presidentjosemontilla.cat\\\/wp-content\\\/uploads\\\/2016\\\/04\\\/84_personal-2.jpg\",\"keywords\":[\"Alcalde\",\"Cornell\u00e0\",\"El Llobregat\",\"Pol\u00edtica\",\"revista\"],\"articleSection\":[\"Opini\u00f3n\",\"Reflexiones compartidas\"],\"inLanguage\":\"es\",\"potentialAction\":[{\"@type\":\"CommentAction\",\"name\":\"Comment\",\"target\":[\"https:\\\/\\\/presidentjosemontilla.cat\\\/es\\\/la-revista-el-llobregat-que-enguany-celebra-els-seu-dese-aniversari-publica-una-entrevista-al-president-montilla-en-el-que-fa-un-balanc-de-la-seva-trajectoria-parla-del-proces-estatutari-i-de-la-sit\\\/#respond\"]}]},{\"@type\":\"WebPage\",\"@id\":\"https:\\\/\\\/presidentjosemontilla.cat\\\/es\\\/la-revista-el-llobregat-que-enguany-celebra-els-seu-dese-aniversari-publica-una-entrevista-al-president-montilla-en-el-que-fa-un-balanc-de-la-seva-trajectoria-parla-del-proces-estatutari-i-de-la-sit\\\/\",\"url\":\"https:\\\/\\\/presidentjosemontilla.cat\\\/es\\\/la-revista-el-llobregat-que-enguany-celebra-els-seu-dese-aniversari-publica-una-entrevista-al-president-montilla-en-el-que-fa-un-balanc-de-la-seva-trajectoria-parla-del-proces-estatutari-i-de-la-sit\\\/\",\"name\":\"La revista El Llobregat, que enguany celebra els seu des\u00e8 aniversari publica una entrevista al president Montilla en el que fa un balan\u00e7 de la seva traject\u00f2ria, parla del proc\u00e9s estatutari i de la situaci\u00f3 pol\u00edtica: \\\"Estem en una redefinici\u00f3 del mapa pol\u00edtic i no si tornarem a tenir mapes mes definitius. Ens trobem amb una societat que cada vegada es m\u00e9s l\u00edquida o gasosa, dep\u00e8n de com es miri\\\" Podeu llegir l'entrevista aqu\u00ed - President Jos\u00e9 Montilla\",\"isPartOf\":{\"@id\":\"https:\\\/\\\/presidentjosemontilla.cat\\\/es\\\/#website\"},\"primaryImageOfPage\":{\"@id\":\"https:\\\/\\\/presidentjosemontilla.cat\\\/es\\\/la-revista-el-llobregat-que-enguany-celebra-els-seu-dese-aniversari-publica-una-entrevista-al-president-montilla-en-el-que-fa-un-balanc-de-la-seva-trajectoria-parla-del-proces-estatutari-i-de-la-sit\\\/#primaryimage\"},\"image\":{\"@id\":\"https:\\\/\\\/presidentjosemontilla.cat\\\/es\\\/la-revista-el-llobregat-que-enguany-celebra-els-seu-dese-aniversari-publica-una-entrevista-al-president-montilla-en-el-que-fa-un-balanc-de-la-seva-trajectoria-parla-del-proces-estatutari-i-de-la-sit\\\/#primaryimage\"},\"thumbnailUrl\":\"https:\\\/\\\/presidentjosemontilla.cat\\\/wp-content\\\/uploads\\\/2016\\\/04\\\/84_personal-2.jpg\",\"datePublished\":\"2016-04-15T10:01:32+00:00\",\"breadcrumb\":{\"@id\":\"https:\\\/\\\/presidentjosemontilla.cat\\\/es\\\/la-revista-el-llobregat-que-enguany-celebra-els-seu-dese-aniversari-publica-una-entrevista-al-president-montilla-en-el-que-fa-un-balanc-de-la-seva-trajectoria-parla-del-proces-estatutari-i-de-la-sit\\\/#breadcrumb\"},\"inLanguage\":\"es\",\"potentialAction\":[{\"@type\":\"ReadAction\",\"target\":[\"https:\\\/\\\/presidentjosemontilla.cat\\\/es\\\/la-revista-el-llobregat-que-enguany-celebra-els-seu-dese-aniversari-publica-una-entrevista-al-president-montilla-en-el-que-fa-un-balanc-de-la-seva-trajectoria-parla-del-proces-estatutari-i-de-la-sit\\\/\"]}]},{\"@type\":\"ImageObject\",\"inLanguage\":\"es\",\"@id\":\"https:\\\/\\\/presidentjosemontilla.cat\\\/es\\\/la-revista-el-llobregat-que-enguany-celebra-els-seu-dese-aniversari-publica-una-entrevista-al-president-montilla-en-el-que-fa-un-balanc-de-la-seva-trajectoria-parla-del-proces-estatutari-i-de-la-sit\\\/#primaryimage\",\"url\":\"https:\\\/\\\/presidentjosemontilla.cat\\\/wp-content\\\/uploads\\\/2016\\\/04\\\/84_personal-2.jpg\",\"contentUrl\":\"https:\\\/\\\/presidentjosemontilla.cat\\\/wp-content\\\/uploads\\\/2016\\\/04\\\/84_personal-2.jpg\",\"width\":948,\"height\":1454},{\"@type\":\"BreadcrumbList\",\"@id\":\"https:\\\/\\\/presidentjosemontilla.cat\\\/es\\\/la-revista-el-llobregat-que-enguany-celebra-els-seu-dese-aniversari-publica-una-entrevista-al-president-montilla-en-el-que-fa-un-balanc-de-la-seva-trajectoria-parla-del-proces-estatutari-i-de-la-sit\\\/#breadcrumb\",\"itemListElement\":[{\"@type\":\"ListItem\",\"position\":1,\"name\":\"Portada\",\"item\":\"https:\\\/\\\/presidentjosemontilla.cat\\\/es\\\/\"},{\"@type\":\"ListItem\",\"position\":2,\"name\":\"La revista El Llobregat, que enguany celebra els seu des\u00e8 aniversari publica una entrevista al president Montilla en el que fa un balan\u00e7 de la seva traject\u00f2ria, parla del proc\u00e9s estatutari i de la situaci\u00f3 pol\u00edtica: &#8220;Estem en una redefinici\u00f3 del mapa pol\u00edtic i no si tornarem a tenir mapes mes definitius. Ens trobem amb una societat que cada vegada es m\u00e9s l\u00edquida o gasosa, dep\u00e8n de com es miri&#8221; Podeu llegir l&#8217;entrevista aqu\u00ed\"}]},{\"@type\":\"WebSite\",\"@id\":\"https:\\\/\\\/presidentjosemontilla.cat\\\/es\\\/#website\",\"url\":\"https:\\\/\\\/presidentjosemontilla.cat\\\/es\\\/\",\"name\":\"President Jos\u00e9 Montilla\",\"description\":\"Web del 128\u00e8 president de la Generalitat de Catalunya\",\"publisher\":{\"@id\":\"https:\\\/\\\/presidentjosemontilla.cat\\\/es\\\/#organization\"},\"potentialAction\":[{\"@type\":\"SearchAction\",\"target\":{\"@type\":\"EntryPoint\",\"urlTemplate\":\"https:\\\/\\\/presidentjosemontilla.cat\\\/es\\\/?s={search_term_string}\"},\"query-input\":{\"@type\":\"PropertyValueSpecification\",\"valueRequired\":true,\"valueName\":\"search_term_string\"}}],\"inLanguage\":\"es\"},{\"@type\":\"Organization\",\"@id\":\"https:\\\/\\\/presidentjosemontilla.cat\\\/es\\\/#organization\",\"name\":\"President Jos\u00e9 Montilla\",\"url\":\"https:\\\/\\\/presidentjosemontilla.cat\\\/es\\\/\",\"logo\":{\"@type\":\"ImageObject\",\"inLanguage\":\"es\",\"@id\":\"https:\\\/\\\/presidentjosemontilla.cat\\\/es\\\/#\\\/schema\\\/logo\\\/image\\\/\",\"url\":\"https:\\\/\\\/presidentjosemontilla.cat\\\/wp-content\\\/uploads\\\/2019\\\/09\\\/logo2.png\",\"contentUrl\":\"https:\\\/\\\/presidentjosemontilla.cat\\\/wp-content\\\/uploads\\\/2019\\\/09\\\/logo2.png\",\"width\":350,\"height\":60,\"caption\":\"President Jos\u00e9 Montilla\"},\"image\":{\"@id\":\"https:\\\/\\\/presidentjosemontilla.cat\\\/es\\\/#\\\/schema\\\/logo\\\/image\\\/\"}},{\"@type\":\"Person\",\"@id\":\"https:\\\/\\\/presidentjosemontilla.cat\\\/es\\\/#\\\/schema\\\/person\\\/f36cbd21c0ca240e3f825efdf1149484\",\"name\":\"Oficina de Jos\u00e9 Montilla\",\"image\":{\"@type\":\"ImageObject\",\"inLanguage\":\"es\",\"@id\":\"https:\\\/\\\/secure.gravatar.com\\\/avatar\\\/33c91c345935ef6b4b0dea373a0addb58d127dab8ae459c970458ce720d66dad?s=96&d=mm&r=g\",\"url\":\"https:\\\/\\\/secure.gravatar.com\\\/avatar\\\/33c91c345935ef6b4b0dea373a0addb58d127dab8ae459c970458ce720d66dad?s=96&d=mm&r=g\",\"contentUrl\":\"https:\\\/\\\/secure.gravatar.com\\\/avatar\\\/33c91c345935ef6b4b0dea373a0addb58d127dab8ae459c970458ce720d66dad?s=96&d=mm&r=g\",\"caption\":\"Oficina de Jos\u00e9 Montilla\"},\"url\":\"https:\\\/\\\/presidentjosemontilla.cat\\\/es\\\/author\\\/oficina-jose-montilla\\\/\"}]}<\/script>\n<!-- \/ Yoast SEO plugin. -->","yoast_head_json":{"title":"La revista El Llobregat, que enguany celebra els seu des\u00e8 aniversari publica una entrevista al president Montilla en el que fa un balan\u00e7 de la seva traject\u00f2ria, parla del proc\u00e9s estatutari i de la situaci\u00f3 pol\u00edtica: \"Estem en una redefinici\u00f3 del mapa pol\u00edtic i no si tornarem a tenir mapes mes definitius. Ens trobem amb una societat que cada vegada es m\u00e9s l\u00edquida o gasosa, dep\u00e8n de com es miri\" Podeu llegir l'entrevista aqu\u00ed - President Jos\u00e9 Montilla","robots":{"index":"index","follow":"follow","max-snippet":"max-snippet:-1","max-image-preview":"max-image-preview:large","max-video-preview":"max-video-preview:-1"},"canonical":"https:\/\/presidentjosemontilla.cat\/es\/la-revista-el-llobregat-que-enguany-celebra-els-seu-dese-aniversari-publica-una-entrevista-al-president-montilla-en-el-que-fa-un-balanc-de-la-seva-trajectoria-parla-del-proces-estatutari-i-de-la-sit\/","og_locale":"es_ES","og_type":"article","og_title":"La revista El Llobregat, que enguany celebra els seu des\u00e8 aniversari publica una entrevista al president Montilla en el que fa un balan\u00e7 de la seva traject\u00f2ria, parla del proc\u00e9s estatutari i de la situaci\u00f3 pol\u00edtica: \"Estem en una redefinici\u00f3 del mapa pol\u00edtic i no si tornarem a tenir mapes mes definitius. Ens trobem amb una societat que cada vegada es m\u00e9s l\u00edquida o gasosa, dep\u00e8n de com es miri\" Podeu llegir l'entrevista aqu\u00ed - President Jos\u00e9 Montilla","og_description":"La revista El Llobregat , que este a\u00f1o celebra su d\u00e9cimo aniversario publica una entrevista al presidente Montilla en el que hace un balance de su trayectoria , habla del proceso estatutario y de la situaci\u00f3n pol\u00edtica : \u00abEstamos en&hellip;","og_url":"https:\/\/presidentjosemontilla.cat\/es\/la-revista-el-llobregat-que-enguany-celebra-els-seu-dese-aniversari-publica-una-entrevista-al-president-montilla-en-el-que-fa-un-balanc-de-la-seva-trajectoria-parla-del-proces-estatutari-i-de-la-sit\/","og_site_name":"President Jos\u00e9 Montilla","article_published_time":"2016-04-15T10:01:32+00:00","og_image":[{"width":948,"height":1454,"url":"https:\/\/presidentjosemontilla.cat\/wp-content\/uploads\/2016\/04\/84_personal-2.jpg","type":"image\/jpeg"}],"author":"Oficina de Jos\u00e9 Montilla","twitter_card":"summary_large_image","twitter_misc":{"Escrito por":"Oficina de Jos\u00e9 Montilla"},"schema":{"@context":"https:\/\/schema.org","@graph":[{"@type":"Article","@id":"https:\/\/presidentjosemontilla.cat\/es\/la-revista-el-llobregat-que-enguany-celebra-els-seu-dese-aniversari-publica-una-entrevista-al-president-montilla-en-el-que-fa-un-balanc-de-la-seva-trajectoria-parla-del-proces-estatutari-i-de-la-sit\/#article","isPartOf":{"@id":"https:\/\/presidentjosemontilla.cat\/es\/la-revista-el-llobregat-que-enguany-celebra-els-seu-dese-aniversari-publica-una-entrevista-al-president-montilla-en-el-que-fa-un-balanc-de-la-seva-trajectoria-parla-del-proces-estatutari-i-de-la-sit\/"},"author":{"name":"Oficina de Jos\u00e9 Montilla","@id":"https:\/\/presidentjosemontilla.cat\/es\/#\/schema\/person\/f36cbd21c0ca240e3f825efdf1149484"},"headline":"La revista El Llobregat, que enguany celebra els seu des\u00e8 aniversari publica una entrevista al president Montilla en el que fa un balan\u00e7 de la seva traject\u00f2ria, parla del proc\u00e9s estatutari i de la situaci\u00f3 pol\u00edtica: \u00abEstem en una redefinici\u00f3 del mapa pol\u00edtic i no si tornarem a tenir mapes mes definitius. Ens trobem amb una societat que cada vegada es m\u00e9s l\u00edquida o gasosa, dep\u00e8n de com es miri\u00bb Podeu llegir l&#8217;entrevista aqu\u00ed","datePublished":"2016-04-15T10:01:32+00:00","mainEntityOfPage":{"@id":"https:\/\/presidentjosemontilla.cat\/es\/la-revista-el-llobregat-que-enguany-celebra-els-seu-dese-aniversari-publica-una-entrevista-al-president-montilla-en-el-que-fa-un-balanc-de-la-seva-trajectoria-parla-del-proces-estatutari-i-de-la-sit\/"},"wordCount":165,"commentCount":0,"publisher":{"@id":"https:\/\/presidentjosemontilla.cat\/es\/#organization"},"image":{"@id":"https:\/\/presidentjosemontilla.cat\/es\/la-revista-el-llobregat-que-enguany-celebra-els-seu-dese-aniversari-publica-una-entrevista-al-president-montilla-en-el-que-fa-un-balanc-de-la-seva-trajectoria-parla-del-proces-estatutari-i-de-la-sit\/#primaryimage"},"thumbnailUrl":"https:\/\/presidentjosemontilla.cat\/wp-content\/uploads\/2016\/04\/84_personal-2.jpg","keywords":["Alcalde","Cornell\u00e0","El Llobregat","Pol\u00edtica","revista"],"articleSection":["Opini\u00f3n","Reflexiones compartidas"],"inLanguage":"es","potentialAction":[{"@type":"CommentAction","name":"Comment","target":["https:\/\/presidentjosemontilla.cat\/es\/la-revista-el-llobregat-que-enguany-celebra-els-seu-dese-aniversari-publica-una-entrevista-al-president-montilla-en-el-que-fa-un-balanc-de-la-seva-trajectoria-parla-del-proces-estatutari-i-de-la-sit\/#respond"]}]},{"@type":"WebPage","@id":"https:\/\/presidentjosemontilla.cat\/es\/la-revista-el-llobregat-que-enguany-celebra-els-seu-dese-aniversari-publica-una-entrevista-al-president-montilla-en-el-que-fa-un-balanc-de-la-seva-trajectoria-parla-del-proces-estatutari-i-de-la-sit\/","url":"https:\/\/presidentjosemontilla.cat\/es\/la-revista-el-llobregat-que-enguany-celebra-els-seu-dese-aniversari-publica-una-entrevista-al-president-montilla-en-el-que-fa-un-balanc-de-la-seva-trajectoria-parla-del-proces-estatutari-i-de-la-sit\/","name":"La revista El Llobregat, que enguany celebra els seu des\u00e8 aniversari publica una entrevista al president Montilla en el que fa un balan\u00e7 de la seva traject\u00f2ria, parla del proc\u00e9s estatutari i de la situaci\u00f3 pol\u00edtica: \"Estem en una redefinici\u00f3 del mapa pol\u00edtic i no si tornarem a tenir mapes mes definitius. Ens trobem amb una societat que cada vegada es m\u00e9s l\u00edquida o gasosa, dep\u00e8n de com es miri\" Podeu llegir l'entrevista aqu\u00ed - President Jos\u00e9 Montilla","isPartOf":{"@id":"https:\/\/presidentjosemontilla.cat\/es\/#website"},"primaryImageOfPage":{"@id":"https:\/\/presidentjosemontilla.cat\/es\/la-revista-el-llobregat-que-enguany-celebra-els-seu-dese-aniversari-publica-una-entrevista-al-president-montilla-en-el-que-fa-un-balanc-de-la-seva-trajectoria-parla-del-proces-estatutari-i-de-la-sit\/#primaryimage"},"image":{"@id":"https:\/\/presidentjosemontilla.cat\/es\/la-revista-el-llobregat-que-enguany-celebra-els-seu-dese-aniversari-publica-una-entrevista-al-president-montilla-en-el-que-fa-un-balanc-de-la-seva-trajectoria-parla-del-proces-estatutari-i-de-la-sit\/#primaryimage"},"thumbnailUrl":"https:\/\/presidentjosemontilla.cat\/wp-content\/uploads\/2016\/04\/84_personal-2.jpg","datePublished":"2016-04-15T10:01:32+00:00","breadcrumb":{"@id":"https:\/\/presidentjosemontilla.cat\/es\/la-revista-el-llobregat-que-enguany-celebra-els-seu-dese-aniversari-publica-una-entrevista-al-president-montilla-en-el-que-fa-un-balanc-de-la-seva-trajectoria-parla-del-proces-estatutari-i-de-la-sit\/#breadcrumb"},"inLanguage":"es","potentialAction":[{"@type":"ReadAction","target":["https:\/\/presidentjosemontilla.cat\/es\/la-revista-el-llobregat-que-enguany-celebra-els-seu-dese-aniversari-publica-una-entrevista-al-president-montilla-en-el-que-fa-un-balanc-de-la-seva-trajectoria-parla-del-proces-estatutari-i-de-la-sit\/"]}]},{"@type":"ImageObject","inLanguage":"es","@id":"https:\/\/presidentjosemontilla.cat\/es\/la-revista-el-llobregat-que-enguany-celebra-els-seu-dese-aniversari-publica-una-entrevista-al-president-montilla-en-el-que-fa-un-balanc-de-la-seva-trajectoria-parla-del-proces-estatutari-i-de-la-sit\/#primaryimage","url":"https:\/\/presidentjosemontilla.cat\/wp-content\/uploads\/2016\/04\/84_personal-2.jpg","contentUrl":"https:\/\/presidentjosemontilla.cat\/wp-content\/uploads\/2016\/04\/84_personal-2.jpg","width":948,"height":1454},{"@type":"BreadcrumbList","@id":"https:\/\/presidentjosemontilla.cat\/es\/la-revista-el-llobregat-que-enguany-celebra-els-seu-dese-aniversari-publica-una-entrevista-al-president-montilla-en-el-que-fa-un-balanc-de-la-seva-trajectoria-parla-del-proces-estatutari-i-de-la-sit\/#breadcrumb","itemListElement":[{"@type":"ListItem","position":1,"name":"Portada","item":"https:\/\/presidentjosemontilla.cat\/es\/"},{"@type":"ListItem","position":2,"name":"La revista El Llobregat, que enguany celebra els seu des\u00e8 aniversari publica una entrevista al president Montilla en el que fa un balan\u00e7 de la seva traject\u00f2ria, parla del proc\u00e9s estatutari i de la situaci\u00f3 pol\u00edtica: &#8220;Estem en una redefinici\u00f3 del mapa pol\u00edtic i no si tornarem a tenir mapes mes definitius. Ens trobem amb una societat que cada vegada es m\u00e9s l\u00edquida o gasosa, dep\u00e8n de com es miri&#8221; Podeu llegir l&#8217;entrevista aqu\u00ed"}]},{"@type":"WebSite","@id":"https:\/\/presidentjosemontilla.cat\/es\/#website","url":"https:\/\/presidentjosemontilla.cat\/es\/","name":"President Jos\u00e9 Montilla","description":"Web del 128\u00e8 president de la Generalitat de Catalunya","publisher":{"@id":"https:\/\/presidentjosemontilla.cat\/es\/#organization"},"potentialAction":[{"@type":"SearchAction","target":{"@type":"EntryPoint","urlTemplate":"https:\/\/presidentjosemontilla.cat\/es\/?s={search_term_string}"},"query-input":{"@type":"PropertyValueSpecification","valueRequired":true,"valueName":"search_term_string"}}],"inLanguage":"es"},{"@type":"Organization","@id":"https:\/\/presidentjosemontilla.cat\/es\/#organization","name":"President Jos\u00e9 Montilla","url":"https:\/\/presidentjosemontilla.cat\/es\/","logo":{"@type":"ImageObject","inLanguage":"es","@id":"https:\/\/presidentjosemontilla.cat\/es\/#\/schema\/logo\/image\/","url":"https:\/\/presidentjosemontilla.cat\/wp-content\/uploads\/2019\/09\/logo2.png","contentUrl":"https:\/\/presidentjosemontilla.cat\/wp-content\/uploads\/2019\/09\/logo2.png","width":350,"height":60,"caption":"President Jos\u00e9 Montilla"},"image":{"@id":"https:\/\/presidentjosemontilla.cat\/es\/#\/schema\/logo\/image\/"}},{"@type":"Person","@id":"https:\/\/presidentjosemontilla.cat\/es\/#\/schema\/person\/f36cbd21c0ca240e3f825efdf1149484","name":"Oficina de Jos\u00e9 Montilla","image":{"@type":"ImageObject","inLanguage":"es","@id":"https:\/\/secure.gravatar.com\/avatar\/33c91c345935ef6b4b0dea373a0addb58d127dab8ae459c970458ce720d66dad?s=96&d=mm&r=g","url":"https:\/\/secure.gravatar.com\/avatar\/33c91c345935ef6b4b0dea373a0addb58d127dab8ae459c970458ce720d66dad?s=96&d=mm&r=g","contentUrl":"https:\/\/secure.gravatar.com\/avatar\/33c91c345935ef6b4b0dea373a0addb58d127dab8ae459c970458ce720d66dad?s=96&d=mm&r=g","caption":"Oficina de Jos\u00e9 Montilla"},"url":"https:\/\/presidentjosemontilla.cat\/es\/author\/oficina-jose-montilla\/"}]}},"_links":{"self":[{"href":"https:\/\/presidentjosemontilla.cat\/es\/wp-json\/wp\/v2\/posts\/1349","targetHints":{"allow":["GET"]}}],"collection":[{"href":"https:\/\/presidentjosemontilla.cat\/es\/wp-json\/wp\/v2\/posts"}],"about":[{"href":"https:\/\/presidentjosemontilla.cat\/es\/wp-json\/wp\/v2\/types\/post"}],"author":[{"embeddable":true,"href":"https:\/\/presidentjosemontilla.cat\/es\/wp-json\/wp\/v2\/users\/5"}],"replies":[{"embeddable":true,"href":"https:\/\/presidentjosemontilla.cat\/es\/wp-json\/wp\/v2\/comments?post=1349"}],"version-history":[{"count":0,"href":"https:\/\/presidentjosemontilla.cat\/es\/wp-json\/wp\/v2\/posts\/1349\/revisions"}],"wp:featuredmedia":[{"embeddable":true,"href":"https:\/\/presidentjosemontilla.cat\/es\/wp-json\/wp\/v2\/media\/1350"}],"wp:attachment":[{"href":"https:\/\/presidentjosemontilla.cat\/es\/wp-json\/wp\/v2\/media?parent=1349"}],"wp:term":[{"taxonomy":"category","embeddable":true,"href":"https:\/\/presidentjosemontilla.cat\/es\/wp-json\/wp\/v2\/categories?post=1349"},{"taxonomy":"post_tag","embeddable":true,"href":"https:\/\/presidentjosemontilla.cat\/es\/wp-json\/wp\/v2\/tags?post=1349"},{"taxonomy":"post_series","embeddable":true,"href":"https:\/\/presidentjosemontilla.cat\/es\/wp-json\/wp\/v2\/post_series?post=1349"}],"curies":[{"name":"wp","href":"https:\/\/api.w.org\/{rel}","templated":true}]}}