{"id":1380,"date":"2016-09-09T12:02:15","date_gmt":"2016-09-09T12:02:15","guid":{"rendered":"http:\/\/presidentjosemontilla.cat\/es\/?p=1380"},"modified":"2020-11-18T13:01:46","modified_gmt":"2020-11-18T13:01:46","slug":"comunicado-del-presidente-montilla-sobre-la-diada-nacional-2016","status":"publish","type":"post","link":"https:\/\/presidentjosemontilla.cat\/es\/comunicado-del-presidente-montilla-sobre-la-diada-nacional-2016\/","title":{"rendered":"Comunicado del Presidente Montilla sobre la Diada Nacional 2016"},"content":{"rendered":"<p><strong>DIADA NACIONAL 2016<br \/>\n<\/strong><br \/>\nLa Diada Nacional, la fiesta del 11 de septiembre, debe ser una fecha de concordia entre todos los catalanes y las catalanas. Debe ser la fecha de homenaje a nuestros s\u00edmbolos y a nuestras instituciones de autogobierno. Debe ser, tambi\u00e9n, la expresi\u00f3n colectiva de un sentimiento de pertenencia a una naci\u00f3n lo suficiente abierta y generosa como para tratar como patriotas a todos los ciudadanos y ciudadanas comprometidos con el bien com\u00fan, con la democracia y con la libertad, por encima de su ideolog\u00eda y de su adscripci\u00f3n a una fuerza pol\u00edtica determinada. La Diada Nacional debe significar el reencuentro de todos alrededor de nuestra bandera cuatribarrada, la que a todos nos representa, tengamos un proyecto pol\u00edtico u otro bien distinto.<br \/>\nCreo, y lo sigo diciendo con la misma preocupaci\u00f3n que en estos a\u00f1os anteriores, que corremos un riesgo muy elevado de que nuestra Diada nacional se convierta en s\u00ed misma en motivo de confrontaci\u00f3n. Si a las celebraciones de la Diada s\u00f3lo se pueden encontrar c\u00f3modos los que promueven una determinada v\u00eda para la soluci\u00f3n de nuestros problemas pol\u00edticos, econ\u00f3micos y de autogobierno &#8211; que son reales &#8211; estaremos debilitando el valor institucional y transversal de la Diada y esta acabar\u00e1 perdiendo vigor y capacidad de atracci\u00f3n, ya que no todo el mundo la considerar\u00e1 como propia. Por eso es tan importante que, de nuevo, afirmemos que Catalunya es una sociedad plural y todos, especialmente los que tienen o hemos tenido responsabilidades pol\u00edticas e institucionales, lo sepamos reconocer y actuemos en consecuencia. Es preciso repetir una vez m\u00e1s que nadie puede pretender el monopolio de la catalanidad y del patriotismo.<\/p>\n<p>Nuestro pa\u00eds sigue, ciertamente, en medio de una severa crisis institucional producida por la incapacidad de los gobiernos de Catalunya y de Espa\u00f1a para iniciar una v\u00eda de di\u00e1logo, negociaci\u00f3n y pacto sobre la necesaria actualizaci\u00f3n de nuestro autogobierno y, muy especialmente, del sistema de financiaci\u00f3n de nuestras instituciones de gobierno.<\/p>\n<p>Los problemas son reales y el paso del tiempo, ocupados en la ret\u00f3rica de la confrontaci\u00f3n unos y otros, no ha permitido encontrar el camino para solucionarlos. Catalunya necesita un marco legal y constitucional que reconozca su car\u00e1cter nacional y garantice un mayor respecto a sus instituciones, clarifique sus competencias y su ejercicio, fije las reglas de juego para la participaci\u00f3n en las decisiones comunes de Espa\u00f1a y establezca un sistema de financiaci\u00f3n de nuestras pol\u00edticas p\u00fablicas, basado en la corresponsabilidad fiscal, la solidaridad de todos con todos, un reparto justo de los recursos que entre todos generamos y unos mecanismos federales de acuerdo y de reconocimiento de las respectivas responsabilidades.<\/p>\n<p>Son muchos los catalanes y las catalanas que piensan que la \u00fanica v\u00eda posible es la secesi\u00f3n y la creaci\u00f3n de un nuevo Estado independiente. Y se merecen el respeto de todos. Tambi\u00e9n son muchos, y conviene que nadie lo pierda de vista, los que no comparten esta visi\u00f3n. Y se merecen el mismo respeto.<\/p>\n<p>Pero el hecho es que el camino transcurrido en estos \u00faltimos a\u00f1os, en el que el discurso oficial que se ha impuesto es el de la secesi\u00f3n, no ha aportado ninguna mejora en ninguno de los problemas planteados. Lo que hemos visto a lo largo de estos a\u00f1os es que la mejora del autogobierno, de las competencias de la Generalidad y los cambios necesarios en la financiaci\u00f3n, no han venido de la mano de la ret\u00f3rica y de las declaraciones.<\/p>\n<p>Algunos, de entre los partidarios del proceso secesionista, reconocen abiertamente la desorientaci\u00f3n y la fatiga que sufre el movimiento independentista por su falta de resultados tangibles. Y es cada vez m\u00e1s frecuente o\u00edr apelaciones al riesgo de situarnos, todos, en un callej\u00f3n sin salida, si no ponemos un poco m\u00e1s de sensatez y menos de intransigencia pol\u00edtica e ideol\u00f3gica. Conviene no olvidar que los momentos de nuestra Historia donde la sensatez y el esp\u00edritu de concordia se han debilitado han supuesto grandes retrocesos colectivos. Reconozcamos que no hay soluciones m\u00e1gicas ni atajos maravillosos. Tampoco hay, al margen de la literatura, ni Itaca ni el Para\u00edso perdido.<\/p>\n<p>Lo que tenemos son problemas concretos que requieren soluciones concretas. Los problemas son reales, pese a que el gobierno espa\u00f1ol se haya empe\u00f1ado en ignorarlos. Pero las soluciones tambi\u00e9n est\u00e1n ah\u00ed: tan reales como lo puedan ser los mismos problemas. Reales y al mismo tiempo dif\u00edciles y ciertamente contradictorias.<\/p>\n<p>Superar la situaci\u00f3n de bloqueo en la que nos encontramos requiere un cambio de actitud.<br \/>\nEn primer lugar es necesario que haya gobierno en Espa\u00f1a y que este gobierno entienda que es imprescindible encontrar una soluci\u00f3n, que s\u00f3lo puede construirse si hace un diagn\u00f3stico compartido y acepta la necesidad de construir un nuevo pacto constitucional que facilite el encaje de Catalunya en Espa\u00f1a. Un nuevo gobierno que reconociendo el valor innegable de la Constituci\u00f3n y su positiva trayectoria, admita la necesidad y la urgencia de su reforma y abra el camino para concertarla con las fuerzas pol\u00edticas, con el horizonte puesto en el refer\u00e9ndum que deber\u00e1 validar. De aqu\u00ed debe salir el nuevo pacto entre Catalunya y Espa\u00f1a que nos permita a nosotros, catalanes y catalanas, recuperar el liderazgo en la econom\u00eda, la pol\u00edtica, la cultura y el buen gobierno. Cierto es que debemos recordar que el gobierno central ha caminado justamente en la direcci\u00f3n contraria y as\u00ed, con la intransigencia y falta de respeto hacia nuestro autogobierno que ha presidido sus pol\u00edticas, ha contribuido como el que m\u00e1s a deteriorar una situaci\u00f3n que s\u00f3lo nos lleva al debilitamiento del autogobierno y a la divisi\u00f3n de la sociedad catalana.<\/p>\n<p>Y en segundo lugar es necesario que el gobierno y las instituciones de Catalunya comprendan que la v\u00eda del \u00abnosotros solos\u00bb o del \u00abtodo o nada\u00bb no fortalecen, sino al contrario, debilitan nuestras instituciones. Este camino no lleva ni al bienestar ni a la concordia que nuestra sociedad reclama.<\/p>\n<p>Esta v\u00eda no facilita una acci\u00f3n de gobierno que vuelva a poner en el centro de nuestra vida pol\u00edtica las medidas necesarias para el desarrollo industrial, el impulso de la investigaci\u00f3n o la protecci\u00f3n de las pol\u00edticas p\u00fablicas relacionadas con la educaci\u00f3n, la salud o los servicios a las personas.<\/p>\n<p>Hago un llamamiento, con toda la modestia que corresponde, a las personas que tienen responsabilidades p\u00fablicas e institucionales para que reflexionen y sean capaces de superar el momento de bloqueo y confrontaci\u00f3n. Eso exige una voluntad, que debe ser compartida, de di\u00e1logo, negociaci\u00f3n y pacto, elementos consustanciales de la pol\u00edtica democr\u00e1tica.<\/p>\n<p>&nbsp;<\/p>\n<p>Jos\u00e9 Montilla<\/p>\n<p>9 de septiembre de 2016<\/p>\n","protected":false},"excerpt":{"rendered":"<p>DIADA NACIONAL 2016 La Diada Nacional, la fiesta del 11 de septiembre, debe ser una fecha de concordia entre todos los catalanes y las catalanas. Debe ser la fecha de homenaje a nuestros s\u00edmbolos y a nuestras instituciones de autogobierno.&hellip;<\/p>\n","protected":false},"author":5,"featured_media":1381,"comment_status":"open","ping_status":"open","sticky":false,"template":"","format":"standard","meta":{"footnotes":""},"categories":[3,9,4],"tags":[177,19,206,97],"post_series":[],"class_list":["post-1380","post","type-post","status-publish","format-standard","has-post-thumbnail","hentry","category-actividad","category-declaraciones","category-opinion","tag-177","tag-catalunya","tag-diada-nacional-de-catalunya","tag-espana","entry","has-media"],"yoast_head":"<!-- This site is optimized with the Yoast SEO plugin v27.5 - https:\/\/yoast.com\/product\/yoast-seo-wordpress\/ -->\n<title>Comunicado del Presidente Montilla sobre la Diada Nacional 2016 - President Jos\u00e9 Montilla<\/title>\n<meta name=\"robots\" content=\"index, follow, max-snippet:-1, max-image-preview:large, max-video-preview:-1\" \/>\n<link rel=\"canonical\" href=\"https:\/\/presidentjosemontilla.cat\/es\/comunicado-del-presidente-montilla-sobre-la-diada-nacional-2016\/\" \/>\n<meta property=\"og:locale\" content=\"es_ES\" \/>\n<meta property=\"og:type\" content=\"article\" \/>\n<meta property=\"og:title\" content=\"Comunicado del Presidente Montilla sobre la Diada Nacional 2016 - President Jos\u00e9 Montilla\" \/>\n<meta property=\"og:description\" content=\"DIADA NACIONAL 2016 La Diada Nacional, la fiesta del 11 de septiembre, debe ser una fecha de concordia entre todos los catalanes y las catalanas. Debe ser la fecha de homenaje a nuestros s\u00edmbolos y a nuestras instituciones de autogobierno.&hellip;\" \/>\n<meta property=\"og:url\" content=\"https:\/\/presidentjosemontilla.cat\/es\/comunicado-del-presidente-montilla-sobre-la-diada-nacional-2016\/\" \/>\n<meta property=\"og:site_name\" content=\"President Jos\u00e9 Montilla\" \/>\n<meta property=\"article:published_time\" content=\"2016-09-09T12:02:15+00:00\" \/>\n<meta property=\"article:modified_time\" content=\"2020-11-18T13:01:46+00:00\" \/>\n<meta property=\"og:image\" content=\"https:\/\/presidentjosemontilla.cat\/wp-content\/uploads\/2016\/09\/diada2016-2.jpg\" \/>\n\t<meta property=\"og:image:width\" content=\"262\" \/>\n\t<meta property=\"og:image:height\" content=\"300\" \/>\n\t<meta property=\"og:image:type\" content=\"image\/jpeg\" \/>\n<meta name=\"author\" content=\"Oficina de Jos\u00e9 Montilla\" \/>\n<meta name=\"twitter:card\" content=\"summary_large_image\" \/>\n<meta name=\"twitter:label1\" content=\"Escrito por\" \/>\n\t<meta name=\"twitter:data1\" content=\"Oficina de Jos\u00e9 Montilla\" \/>\n\t<meta name=\"twitter:label2\" content=\"Tiempo de lectura\" \/>\n\t<meta name=\"twitter:data2\" content=\"6 minutos\" \/>\n<script type=\"application\/ld+json\" class=\"yoast-schema-graph\">{\"@context\":\"https:\\\/\\\/schema.org\",\"@graph\":[{\"@type\":\"Article\",\"@id\":\"https:\\\/\\\/presidentjosemontilla.cat\\\/es\\\/comunicado-del-presidente-montilla-sobre-la-diada-nacional-2016\\\/#article\",\"isPartOf\":{\"@id\":\"https:\\\/\\\/presidentjosemontilla.cat\\\/es\\\/comunicado-del-presidente-montilla-sobre-la-diada-nacional-2016\\\/\"},\"author\":{\"name\":\"Oficina de Jos\u00e9 Montilla\",\"@id\":\"https:\\\/\\\/presidentjosemontilla.cat\\\/es\\\/#\\\/schema\\\/person\\\/f36cbd21c0ca240e3f825efdf1149484\"},\"headline\":\"Comunicado del Presidente Montilla sobre la Diada Nacional 2016\",\"datePublished\":\"2016-09-09T12:02:15+00:00\",\"dateModified\":\"2020-11-18T13:01:46+00:00\",\"mainEntityOfPage\":{\"@id\":\"https:\\\/\\\/presidentjosemontilla.cat\\\/es\\\/comunicado-del-presidente-montilla-sobre-la-diada-nacional-2016\\\/\"},\"wordCount\":1181,\"commentCount\":0,\"publisher\":{\"@id\":\"https:\\\/\\\/presidentjosemontilla.cat\\\/es\\\/#organization\"},\"image\":{\"@id\":\"https:\\\/\\\/presidentjosemontilla.cat\\\/es\\\/comunicado-del-presidente-montilla-sobre-la-diada-nacional-2016\\\/#primaryimage\"},\"thumbnailUrl\":\"https:\\\/\\\/presidentjosemontilla.cat\\\/wp-content\\\/uploads\\\/2016\\\/09\\\/diada2016-2.jpg\",\"keywords\":[\"2016\",\"Catalunya\",\"Diada Nacional de Catalunya\",\"Espa\u00f1a\"],\"articleSection\":[\"Actividad\",\"Declaraciones\",\"Opini\u00f3n\"],\"inLanguage\":\"es\",\"potentialAction\":[{\"@type\":\"CommentAction\",\"name\":\"Comment\",\"target\":[\"https:\\\/\\\/presidentjosemontilla.cat\\\/es\\\/comunicado-del-presidente-montilla-sobre-la-diada-nacional-2016\\\/#respond\"]}]},{\"@type\":\"WebPage\",\"@id\":\"https:\\\/\\\/presidentjosemontilla.cat\\\/es\\\/comunicado-del-presidente-montilla-sobre-la-diada-nacional-2016\\\/\",\"url\":\"https:\\\/\\\/presidentjosemontilla.cat\\\/es\\\/comunicado-del-presidente-montilla-sobre-la-diada-nacional-2016\\\/\",\"name\":\"Comunicado del Presidente Montilla sobre la Diada Nacional 2016 - President Jos\u00e9 Montilla\",\"isPartOf\":{\"@id\":\"https:\\\/\\\/presidentjosemontilla.cat\\\/es\\\/#website\"},\"primaryImageOfPage\":{\"@id\":\"https:\\\/\\\/presidentjosemontilla.cat\\\/es\\\/comunicado-del-presidente-montilla-sobre-la-diada-nacional-2016\\\/#primaryimage\"},\"image\":{\"@id\":\"https:\\\/\\\/presidentjosemontilla.cat\\\/es\\\/comunicado-del-presidente-montilla-sobre-la-diada-nacional-2016\\\/#primaryimage\"},\"thumbnailUrl\":\"https:\\\/\\\/presidentjosemontilla.cat\\\/wp-content\\\/uploads\\\/2016\\\/09\\\/diada2016-2.jpg\",\"datePublished\":\"2016-09-09T12:02:15+00:00\",\"dateModified\":\"2020-11-18T13:01:46+00:00\",\"breadcrumb\":{\"@id\":\"https:\\\/\\\/presidentjosemontilla.cat\\\/es\\\/comunicado-del-presidente-montilla-sobre-la-diada-nacional-2016\\\/#breadcrumb\"},\"inLanguage\":\"es\",\"potentialAction\":[{\"@type\":\"ReadAction\",\"target\":[\"https:\\\/\\\/presidentjosemontilla.cat\\\/es\\\/comunicado-del-presidente-montilla-sobre-la-diada-nacional-2016\\\/\"]}]},{\"@type\":\"ImageObject\",\"inLanguage\":\"es\",\"@id\":\"https:\\\/\\\/presidentjosemontilla.cat\\\/es\\\/comunicado-del-presidente-montilla-sobre-la-diada-nacional-2016\\\/#primaryimage\",\"url\":\"https:\\\/\\\/presidentjosemontilla.cat\\\/wp-content\\\/uploads\\\/2016\\\/09\\\/diada2016-2.jpg\",\"contentUrl\":\"https:\\\/\\\/presidentjosemontilla.cat\\\/wp-content\\\/uploads\\\/2016\\\/09\\\/diada2016-2.jpg\",\"width\":262,\"height\":300},{\"@type\":\"BreadcrumbList\",\"@id\":\"https:\\\/\\\/presidentjosemontilla.cat\\\/es\\\/comunicado-del-presidente-montilla-sobre-la-diada-nacional-2016\\\/#breadcrumb\",\"itemListElement\":[{\"@type\":\"ListItem\",\"position\":1,\"name\":\"Portada\",\"item\":\"https:\\\/\\\/presidentjosemontilla.cat\\\/es\\\/\"},{\"@type\":\"ListItem\",\"position\":2,\"name\":\"Comunicado del Presidente Montilla sobre la Diada Nacional 2016\"}]},{\"@type\":\"WebSite\",\"@id\":\"https:\\\/\\\/presidentjosemontilla.cat\\\/es\\\/#website\",\"url\":\"https:\\\/\\\/presidentjosemontilla.cat\\\/es\\\/\",\"name\":\"President Jos\u00e9 Montilla\",\"description\":\"Web del 128\u00e8 president de la Generalitat de Catalunya\",\"publisher\":{\"@id\":\"https:\\\/\\\/presidentjosemontilla.cat\\\/es\\\/#organization\"},\"potentialAction\":[{\"@type\":\"SearchAction\",\"target\":{\"@type\":\"EntryPoint\",\"urlTemplate\":\"https:\\\/\\\/presidentjosemontilla.cat\\\/es\\\/?s={search_term_string}\"},\"query-input\":{\"@type\":\"PropertyValueSpecification\",\"valueRequired\":true,\"valueName\":\"search_term_string\"}}],\"inLanguage\":\"es\"},{\"@type\":\"Organization\",\"@id\":\"https:\\\/\\\/presidentjosemontilla.cat\\\/es\\\/#organization\",\"name\":\"President Jos\u00e9 Montilla\",\"url\":\"https:\\\/\\\/presidentjosemontilla.cat\\\/es\\\/\",\"logo\":{\"@type\":\"ImageObject\",\"inLanguage\":\"es\",\"@id\":\"https:\\\/\\\/presidentjosemontilla.cat\\\/es\\\/#\\\/schema\\\/logo\\\/image\\\/\",\"url\":\"https:\\\/\\\/presidentjosemontilla.cat\\\/wp-content\\\/uploads\\\/2019\\\/09\\\/logo2.png\",\"contentUrl\":\"https:\\\/\\\/presidentjosemontilla.cat\\\/wp-content\\\/uploads\\\/2019\\\/09\\\/logo2.png\",\"width\":350,\"height\":60,\"caption\":\"President Jos\u00e9 Montilla\"},\"image\":{\"@id\":\"https:\\\/\\\/presidentjosemontilla.cat\\\/es\\\/#\\\/schema\\\/logo\\\/image\\\/\"}},{\"@type\":\"Person\",\"@id\":\"https:\\\/\\\/presidentjosemontilla.cat\\\/es\\\/#\\\/schema\\\/person\\\/f36cbd21c0ca240e3f825efdf1149484\",\"name\":\"Oficina de Jos\u00e9 Montilla\",\"image\":{\"@type\":\"ImageObject\",\"inLanguage\":\"es\",\"@id\":\"https:\\\/\\\/secure.gravatar.com\\\/avatar\\\/33c91c345935ef6b4b0dea373a0addb58d127dab8ae459c970458ce720d66dad?s=96&d=mm&r=g\",\"url\":\"https:\\\/\\\/secure.gravatar.com\\\/avatar\\\/33c91c345935ef6b4b0dea373a0addb58d127dab8ae459c970458ce720d66dad?s=96&d=mm&r=g\",\"contentUrl\":\"https:\\\/\\\/secure.gravatar.com\\\/avatar\\\/33c91c345935ef6b4b0dea373a0addb58d127dab8ae459c970458ce720d66dad?s=96&d=mm&r=g\",\"caption\":\"Oficina de Jos\u00e9 Montilla\"},\"url\":\"https:\\\/\\\/presidentjosemontilla.cat\\\/es\\\/author\\\/oficina-jose-montilla\\\/\"}]}<\/script>\n<!-- \/ Yoast SEO plugin. -->","yoast_head_json":{"title":"Comunicado del Presidente Montilla sobre la Diada Nacional 2016 - President Jos\u00e9 Montilla","robots":{"index":"index","follow":"follow","max-snippet":"max-snippet:-1","max-image-preview":"max-image-preview:large","max-video-preview":"max-video-preview:-1"},"canonical":"https:\/\/presidentjosemontilla.cat\/es\/comunicado-del-presidente-montilla-sobre-la-diada-nacional-2016\/","og_locale":"es_ES","og_type":"article","og_title":"Comunicado del Presidente Montilla sobre la Diada Nacional 2016 - President Jos\u00e9 Montilla","og_description":"DIADA NACIONAL 2016 La Diada Nacional, la fiesta del 11 de septiembre, debe ser una fecha de concordia entre todos los catalanes y las catalanas. Debe ser la fecha de homenaje a nuestros s\u00edmbolos y a nuestras instituciones de autogobierno.&hellip;","og_url":"https:\/\/presidentjosemontilla.cat\/es\/comunicado-del-presidente-montilla-sobre-la-diada-nacional-2016\/","og_site_name":"President Jos\u00e9 Montilla","article_published_time":"2016-09-09T12:02:15+00:00","article_modified_time":"2020-11-18T13:01:46+00:00","og_image":[{"width":262,"height":300,"url":"https:\/\/presidentjosemontilla.cat\/wp-content\/uploads\/2016\/09\/diada2016-2.jpg","type":"image\/jpeg"}],"author":"Oficina de Jos\u00e9 Montilla","twitter_card":"summary_large_image","twitter_misc":{"Escrito por":"Oficina de Jos\u00e9 Montilla","Tiempo de lectura":"6 minutos"},"schema":{"@context":"https:\/\/schema.org","@graph":[{"@type":"Article","@id":"https:\/\/presidentjosemontilla.cat\/es\/comunicado-del-presidente-montilla-sobre-la-diada-nacional-2016\/#article","isPartOf":{"@id":"https:\/\/presidentjosemontilla.cat\/es\/comunicado-del-presidente-montilla-sobre-la-diada-nacional-2016\/"},"author":{"name":"Oficina de Jos\u00e9 Montilla","@id":"https:\/\/presidentjosemontilla.cat\/es\/#\/schema\/person\/f36cbd21c0ca240e3f825efdf1149484"},"headline":"Comunicado del Presidente Montilla sobre la Diada Nacional 2016","datePublished":"2016-09-09T12:02:15+00:00","dateModified":"2020-11-18T13:01:46+00:00","mainEntityOfPage":{"@id":"https:\/\/presidentjosemontilla.cat\/es\/comunicado-del-presidente-montilla-sobre-la-diada-nacional-2016\/"},"wordCount":1181,"commentCount":0,"publisher":{"@id":"https:\/\/presidentjosemontilla.cat\/es\/#organization"},"image":{"@id":"https:\/\/presidentjosemontilla.cat\/es\/comunicado-del-presidente-montilla-sobre-la-diada-nacional-2016\/#primaryimage"},"thumbnailUrl":"https:\/\/presidentjosemontilla.cat\/wp-content\/uploads\/2016\/09\/diada2016-2.jpg","keywords":["2016","Catalunya","Diada Nacional de Catalunya","Espa\u00f1a"],"articleSection":["Actividad","Declaraciones","Opini\u00f3n"],"inLanguage":"es","potentialAction":[{"@type":"CommentAction","name":"Comment","target":["https:\/\/presidentjosemontilla.cat\/es\/comunicado-del-presidente-montilla-sobre-la-diada-nacional-2016\/#respond"]}]},{"@type":"WebPage","@id":"https:\/\/presidentjosemontilla.cat\/es\/comunicado-del-presidente-montilla-sobre-la-diada-nacional-2016\/","url":"https:\/\/presidentjosemontilla.cat\/es\/comunicado-del-presidente-montilla-sobre-la-diada-nacional-2016\/","name":"Comunicado del Presidente Montilla sobre la Diada Nacional 2016 - President Jos\u00e9 Montilla","isPartOf":{"@id":"https:\/\/presidentjosemontilla.cat\/es\/#website"},"primaryImageOfPage":{"@id":"https:\/\/presidentjosemontilla.cat\/es\/comunicado-del-presidente-montilla-sobre-la-diada-nacional-2016\/#primaryimage"},"image":{"@id":"https:\/\/presidentjosemontilla.cat\/es\/comunicado-del-presidente-montilla-sobre-la-diada-nacional-2016\/#primaryimage"},"thumbnailUrl":"https:\/\/presidentjosemontilla.cat\/wp-content\/uploads\/2016\/09\/diada2016-2.jpg","datePublished":"2016-09-09T12:02:15+00:00","dateModified":"2020-11-18T13:01:46+00:00","breadcrumb":{"@id":"https:\/\/presidentjosemontilla.cat\/es\/comunicado-del-presidente-montilla-sobre-la-diada-nacional-2016\/#breadcrumb"},"inLanguage":"es","potentialAction":[{"@type":"ReadAction","target":["https:\/\/presidentjosemontilla.cat\/es\/comunicado-del-presidente-montilla-sobre-la-diada-nacional-2016\/"]}]},{"@type":"ImageObject","inLanguage":"es","@id":"https:\/\/presidentjosemontilla.cat\/es\/comunicado-del-presidente-montilla-sobre-la-diada-nacional-2016\/#primaryimage","url":"https:\/\/presidentjosemontilla.cat\/wp-content\/uploads\/2016\/09\/diada2016-2.jpg","contentUrl":"https:\/\/presidentjosemontilla.cat\/wp-content\/uploads\/2016\/09\/diada2016-2.jpg","width":262,"height":300},{"@type":"BreadcrumbList","@id":"https:\/\/presidentjosemontilla.cat\/es\/comunicado-del-presidente-montilla-sobre-la-diada-nacional-2016\/#breadcrumb","itemListElement":[{"@type":"ListItem","position":1,"name":"Portada","item":"https:\/\/presidentjosemontilla.cat\/es\/"},{"@type":"ListItem","position":2,"name":"Comunicado del Presidente Montilla sobre la Diada Nacional 2016"}]},{"@type":"WebSite","@id":"https:\/\/presidentjosemontilla.cat\/es\/#website","url":"https:\/\/presidentjosemontilla.cat\/es\/","name":"President Jos\u00e9 Montilla","description":"Web del 128\u00e8 president de la Generalitat de Catalunya","publisher":{"@id":"https:\/\/presidentjosemontilla.cat\/es\/#organization"},"potentialAction":[{"@type":"SearchAction","target":{"@type":"EntryPoint","urlTemplate":"https:\/\/presidentjosemontilla.cat\/es\/?s={search_term_string}"},"query-input":{"@type":"PropertyValueSpecification","valueRequired":true,"valueName":"search_term_string"}}],"inLanguage":"es"},{"@type":"Organization","@id":"https:\/\/presidentjosemontilla.cat\/es\/#organization","name":"President Jos\u00e9 Montilla","url":"https:\/\/presidentjosemontilla.cat\/es\/","logo":{"@type":"ImageObject","inLanguage":"es","@id":"https:\/\/presidentjosemontilla.cat\/es\/#\/schema\/logo\/image\/","url":"https:\/\/presidentjosemontilla.cat\/wp-content\/uploads\/2019\/09\/logo2.png","contentUrl":"https:\/\/presidentjosemontilla.cat\/wp-content\/uploads\/2019\/09\/logo2.png","width":350,"height":60,"caption":"President Jos\u00e9 Montilla"},"image":{"@id":"https:\/\/presidentjosemontilla.cat\/es\/#\/schema\/logo\/image\/"}},{"@type":"Person","@id":"https:\/\/presidentjosemontilla.cat\/es\/#\/schema\/person\/f36cbd21c0ca240e3f825efdf1149484","name":"Oficina de Jos\u00e9 Montilla","image":{"@type":"ImageObject","inLanguage":"es","@id":"https:\/\/secure.gravatar.com\/avatar\/33c91c345935ef6b4b0dea373a0addb58d127dab8ae459c970458ce720d66dad?s=96&d=mm&r=g","url":"https:\/\/secure.gravatar.com\/avatar\/33c91c345935ef6b4b0dea373a0addb58d127dab8ae459c970458ce720d66dad?s=96&d=mm&r=g","contentUrl":"https:\/\/secure.gravatar.com\/avatar\/33c91c345935ef6b4b0dea373a0addb58d127dab8ae459c970458ce720d66dad?s=96&d=mm&r=g","caption":"Oficina de Jos\u00e9 Montilla"},"url":"https:\/\/presidentjosemontilla.cat\/es\/author\/oficina-jose-montilla\/"}]}},"_links":{"self":[{"href":"https:\/\/presidentjosemontilla.cat\/es\/wp-json\/wp\/v2\/posts\/1380","targetHints":{"allow":["GET"]}}],"collection":[{"href":"https:\/\/presidentjosemontilla.cat\/es\/wp-json\/wp\/v2\/posts"}],"about":[{"href":"https:\/\/presidentjosemontilla.cat\/es\/wp-json\/wp\/v2\/types\/post"}],"author":[{"embeddable":true,"href":"https:\/\/presidentjosemontilla.cat\/es\/wp-json\/wp\/v2\/users\/5"}],"replies":[{"embeddable":true,"href":"https:\/\/presidentjosemontilla.cat\/es\/wp-json\/wp\/v2\/comments?post=1380"}],"version-history":[{"count":3,"href":"https:\/\/presidentjosemontilla.cat\/es\/wp-json\/wp\/v2\/posts\/1380\/revisions"}],"predecessor-version":[{"id":5857,"href":"https:\/\/presidentjosemontilla.cat\/es\/wp-json\/wp\/v2\/posts\/1380\/revisions\/5857"}],"wp:featuredmedia":[{"embeddable":true,"href":"https:\/\/presidentjosemontilla.cat\/es\/wp-json\/wp\/v2\/media\/1381"}],"wp:attachment":[{"href":"https:\/\/presidentjosemontilla.cat\/es\/wp-json\/wp\/v2\/media?parent=1380"}],"wp:term":[{"taxonomy":"category","embeddable":true,"href":"https:\/\/presidentjosemontilla.cat\/es\/wp-json\/wp\/v2\/categories?post=1380"},{"taxonomy":"post_tag","embeddable":true,"href":"https:\/\/presidentjosemontilla.cat\/es\/wp-json\/wp\/v2\/tags?post=1380"},{"taxonomy":"post_series","embeddable":true,"href":"https:\/\/presidentjosemontilla.cat\/es\/wp-json\/wp\/v2\/post_series?post=1380"}],"curies":[{"name":"wp","href":"https:\/\/api.w.org\/{rel}","templated":true}]}}