{"id":1444,"date":"2017-04-20T11:53:11","date_gmt":"2017-04-20T11:53:11","guid":{"rendered":"http:\/\/presidentjosemontilla.cat\/es\/?p=1444"},"modified":"2020-09-16T12:32:08","modified_gmt":"2020-09-16T12:32:08","slug":"presentacion-del-libro-el-liquido-misterioso","status":"publish","type":"post","link":"https:\/\/presidentjosemontilla.cat\/es\/presentacion-del-libro-el-liquido-misterioso\/","title":{"rendered":"Presentaci\u00f3n del libro \u00abEl l\u00edquido misterioso\u00bb"},"content":{"rendered":"<p>El pr\u00f3ximo s\u00e1bado\u00a0asistir\u00e9 a la presentaci\u00f3n del llibre \u00abEl l\u00edquido Misterioso\u00bb al Hospital Vall de Hebron , un cuento solidario en beneficio del c\u00e1ncer infantil.<\/p>\n<p>Adjuntamos not\u00edcia del acto: https:\/\/www.kernpharma.com\/es\/sala-de-prensa\/kern-pharma-copatrocina-el-libro-el-liquido-misterioso-de-la-asociacion-las-historias-de-sofia<\/p>\n","protected":false},"excerpt":{"rendered":"<p>El pr\u00f3ximo s\u00e1bado\u00a0asistir\u00e9 a la presentaci\u00f3n del llibre \u00abEl l\u00edquido Misterioso\u00bb al Hospital Vall de Hebron , un cuento solidario en beneficio del c\u00e1ncer infantil. Adjuntamos not\u00edcia del acto: https:\/\/www.kernpharma.com\/es\/sala-de-prensa\/kern-pharma-copatrocina-el-libro-el-liquido-misterioso-de-la-asociacion-las-historias-de-sofia<\/p>\n","protected":false},"author":5,"featured_media":1445,"comment_status":"closed","ping_status":"open","sticky":false,"template":"","format":"standard","meta":{"footnotes":""},"categories":[3],"tags":[1421,1419],"post_series":[],"class_list":["post-1444","post","type-post","status-publish","format-standard","has-post-thumbnail","hentry","category-actividad","tag-cancer-infantil-es","tag-libro","entry","has-media"],"yoast_head":"<!-- This site is optimized with the Yoast SEO plugin v27.5 - https:\/\/yoast.com\/product\/yoast-seo-wordpress\/ -->\n<title>Presentaci\u00f3n del libro &quot;El l\u00edquido misterioso&quot; - President Jos\u00e9 Montilla<\/title>\n<meta name=\"robots\" content=\"index, follow, max-snippet:-1, max-image-preview:large, max-video-preview:-1\" \/>\n<link rel=\"canonical\" href=\"https:\/\/presidentjosemontilla.cat\/es\/presentacion-del-libro-el-liquido-misterioso\/\" \/>\n<meta property=\"og:locale\" content=\"es_ES\" \/>\n<meta property=\"og:type\" content=\"article\" \/>\n<meta property=\"og:title\" content=\"Presentaci\u00f3n del libro &quot;El l\u00edquido misterioso&quot; - President Jos\u00e9 Montilla\" \/>\n<meta property=\"og:description\" content=\"El pr\u00f3ximo s\u00e1bado\u00a0asistir\u00e9 a la presentaci\u00f3n del llibre \u00abEl l\u00edquido Misterioso\u00bb al Hospital Vall de Hebron , un cuento solidario en beneficio del c\u00e1ncer infantil. Adjuntamos not\u00edcia del acto: https:\/\/www.kernpharma.com\/es\/sala-de-prensa\/kern-pharma-copatrocina-el-libro-el-liquido-misterioso-de-la-asociacion-las-historias-de-sofia\" \/>\n<meta property=\"og:url\" content=\"https:\/\/presidentjosemontilla.cat\/es\/presentacion-del-libro-el-liquido-misterioso\/\" \/>\n<meta property=\"og:site_name\" content=\"President Jos\u00e9 Montilla\" \/>\n<meta property=\"article:published_time\" content=\"2017-04-20T11:53:11+00:00\" \/>\n<meta property=\"article:modified_time\" content=\"2020-09-16T12:32:08+00:00\" \/>\n<meta property=\"og:image\" content=\"https:\/\/presidentjosemontilla.cat\/wp-content\/uploads\/2017\/04\/cartell-presentaci\u00f3-El-L\u00edquido-Misterioso-2.jpg\" \/>\n\t<meta property=\"og:image:width\" content=\"596\" \/>\n\t<meta property=\"og:image:height\" content=\"842\" \/>\n\t<meta property=\"og:image:type\" content=\"image\/jpeg\" \/>\n<meta name=\"author\" content=\"Oficina de Jos\u00e9 Montilla\" \/>\n<meta name=\"twitter:card\" content=\"summary_large_image\" \/>\n<meta name=\"twitter:label1\" content=\"Escrito por\" \/>\n\t<meta name=\"twitter:data1\" content=\"Oficina de Jos\u00e9 Montilla\" \/>\n<script type=\"application\/ld+json\" class=\"yoast-schema-graph\">{\"@context\":\"https:\\\/\\\/schema.org\",\"@graph\":[{\"@type\":\"Article\",\"@id\":\"https:\\\/\\\/presidentjosemontilla.cat\\\/es\\\/presentacion-del-libro-el-liquido-misterioso\\\/#article\",\"isPartOf\":{\"@id\":\"https:\\\/\\\/presidentjosemontilla.cat\\\/es\\\/presentacion-del-libro-el-liquido-misterioso\\\/\"},\"author\":{\"name\":\"Oficina de Jos\u00e9 Montilla\",\"@id\":\"https:\\\/\\\/presidentjosemontilla.cat\\\/es\\\/#\\\/schema\\\/person\\\/f36cbd21c0ca240e3f825efdf1149484\"},\"headline\":\"Presentaci\u00f3n del libro \u00abEl l\u00edquido misterioso\u00bb\",\"datePublished\":\"2017-04-20T11:53:11+00:00\",\"dateModified\":\"2020-09-16T12:32:08+00:00\",\"mainEntityOfPage\":{\"@id\":\"https:\\\/\\\/presidentjosemontilla.cat\\\/es\\\/presentacion-del-libro-el-liquido-misterioso\\\/\"},\"wordCount\":50,\"publisher\":{\"@id\":\"https:\\\/\\\/presidentjosemontilla.cat\\\/es\\\/#organization\"},\"image\":{\"@id\":\"https:\\\/\\\/presidentjosemontilla.cat\\\/es\\\/presentacion-del-libro-el-liquido-misterioso\\\/#primaryimage\"},\"thumbnailUrl\":\"https:\\\/\\\/presidentjosemontilla.cat\\\/wp-content\\\/uploads\\\/2017\\\/04\\\/cartell-presentaci\u00f3-El-L\u00edquido-Misterioso-2.jpg\",\"keywords\":[\"C\u00e0ncer Infantil\",\"Libro\"],\"articleSection\":[\"Actividad\"],\"inLanguage\":\"es\"},{\"@type\":\"WebPage\",\"@id\":\"https:\\\/\\\/presidentjosemontilla.cat\\\/es\\\/presentacion-del-libro-el-liquido-misterioso\\\/\",\"url\":\"https:\\\/\\\/presidentjosemontilla.cat\\\/es\\\/presentacion-del-libro-el-liquido-misterioso\\\/\",\"name\":\"Presentaci\u00f3n del libro \\\"El l\u00edquido misterioso\\\" - President Jos\u00e9 Montilla\",\"isPartOf\":{\"@id\":\"https:\\\/\\\/presidentjosemontilla.cat\\\/es\\\/#website\"},\"primaryImageOfPage\":{\"@id\":\"https:\\\/\\\/presidentjosemontilla.cat\\\/es\\\/presentacion-del-libro-el-liquido-misterioso\\\/#primaryimage\"},\"image\":{\"@id\":\"https:\\\/\\\/presidentjosemontilla.cat\\\/es\\\/presentacion-del-libro-el-liquido-misterioso\\\/#primaryimage\"},\"thumbnailUrl\":\"https:\\\/\\\/presidentjosemontilla.cat\\\/wp-content\\\/uploads\\\/2017\\\/04\\\/cartell-presentaci\u00f3-El-L\u00edquido-Misterioso-2.jpg\",\"datePublished\":\"2017-04-20T11:53:11+00:00\",\"dateModified\":\"2020-09-16T12:32:08+00:00\",\"breadcrumb\":{\"@id\":\"https:\\\/\\\/presidentjosemontilla.cat\\\/es\\\/presentacion-del-libro-el-liquido-misterioso\\\/#breadcrumb\"},\"inLanguage\":\"es\",\"potentialAction\":[{\"@type\":\"ReadAction\",\"target\":[\"https:\\\/\\\/presidentjosemontilla.cat\\\/es\\\/presentacion-del-libro-el-liquido-misterioso\\\/\"]}]},{\"@type\":\"ImageObject\",\"inLanguage\":\"es\",\"@id\":\"https:\\\/\\\/presidentjosemontilla.cat\\\/es\\\/presentacion-del-libro-el-liquido-misterioso\\\/#primaryimage\",\"url\":\"https:\\\/\\\/presidentjosemontilla.cat\\\/wp-content\\\/uploads\\\/2017\\\/04\\\/cartell-presentaci\u00f3-El-L\u00edquido-Misterioso-2.jpg\",\"contentUrl\":\"https:\\\/\\\/presidentjosemontilla.cat\\\/wp-content\\\/uploads\\\/2017\\\/04\\\/cartell-presentaci\u00f3-El-L\u00edquido-Misterioso-2.jpg\",\"width\":596,\"height\":842},{\"@type\":\"BreadcrumbList\",\"@id\":\"https:\\\/\\\/presidentjosemontilla.cat\\\/es\\\/presentacion-del-libro-el-liquido-misterioso\\\/#breadcrumb\",\"itemListElement\":[{\"@type\":\"ListItem\",\"position\":1,\"name\":\"Portada\",\"item\":\"https:\\\/\\\/presidentjosemontilla.cat\\\/es\\\/\"},{\"@type\":\"ListItem\",\"position\":2,\"name\":\"Presentaci\u00f3n del libro &#8220;El l\u00edquido misterioso&#8221;\"}]},{\"@type\":\"WebSite\",\"@id\":\"https:\\\/\\\/presidentjosemontilla.cat\\\/es\\\/#website\",\"url\":\"https:\\\/\\\/presidentjosemontilla.cat\\\/es\\\/\",\"name\":\"President Jos\u00e9 Montilla\",\"description\":\"Web del 128\u00e8 president de la Generalitat de Catalunya\",\"publisher\":{\"@id\":\"https:\\\/\\\/presidentjosemontilla.cat\\\/es\\\/#organization\"},\"potentialAction\":[{\"@type\":\"SearchAction\",\"target\":{\"@type\":\"EntryPoint\",\"urlTemplate\":\"https:\\\/\\\/presidentjosemontilla.cat\\\/es\\\/?s={search_term_string}\"},\"query-input\":{\"@type\":\"PropertyValueSpecification\",\"valueRequired\":true,\"valueName\":\"search_term_string\"}}],\"inLanguage\":\"es\"},{\"@type\":\"Organization\",\"@id\":\"https:\\\/\\\/presidentjosemontilla.cat\\\/es\\\/#organization\",\"name\":\"President Jos\u00e9 Montilla\",\"url\":\"https:\\\/\\\/presidentjosemontilla.cat\\\/es\\\/\",\"logo\":{\"@type\":\"ImageObject\",\"inLanguage\":\"es\",\"@id\":\"https:\\\/\\\/presidentjosemontilla.cat\\\/es\\\/#\\\/schema\\\/logo\\\/image\\\/\",\"url\":\"https:\\\/\\\/presidentjosemontilla.cat\\\/wp-content\\\/uploads\\\/2019\\\/09\\\/logo2.png\",\"contentUrl\":\"https:\\\/\\\/presidentjosemontilla.cat\\\/wp-content\\\/uploads\\\/2019\\\/09\\\/logo2.png\",\"width\":350,\"height\":60,\"caption\":\"President Jos\u00e9 Montilla\"},\"image\":{\"@id\":\"https:\\\/\\\/presidentjosemontilla.cat\\\/es\\\/#\\\/schema\\\/logo\\\/image\\\/\"}},{\"@type\":\"Person\",\"@id\":\"https:\\\/\\\/presidentjosemontilla.cat\\\/es\\\/#\\\/schema\\\/person\\\/f36cbd21c0ca240e3f825efdf1149484\",\"name\":\"Oficina de Jos\u00e9 Montilla\",\"image\":{\"@type\":\"ImageObject\",\"inLanguage\":\"es\",\"@id\":\"https:\\\/\\\/secure.gravatar.com\\\/avatar\\\/33c91c345935ef6b4b0dea373a0addb58d127dab8ae459c970458ce720d66dad?s=96&d=mm&r=g\",\"url\":\"https:\\\/\\\/secure.gravatar.com\\\/avatar\\\/33c91c345935ef6b4b0dea373a0addb58d127dab8ae459c970458ce720d66dad?s=96&d=mm&r=g\",\"contentUrl\":\"https:\\\/\\\/secure.gravatar.com\\\/avatar\\\/33c91c345935ef6b4b0dea373a0addb58d127dab8ae459c970458ce720d66dad?s=96&d=mm&r=g\",\"caption\":\"Oficina de Jos\u00e9 Montilla\"},\"url\":\"https:\\\/\\\/presidentjosemontilla.cat\\\/es\\\/author\\\/oficina-jose-montilla\\\/\"}]}<\/script>\n<!-- \/ Yoast SEO plugin. -->","yoast_head_json":{"title":"Presentaci\u00f3n del libro \"El l\u00edquido misterioso\" - President Jos\u00e9 Montilla","robots":{"index":"index","follow":"follow","max-snippet":"max-snippet:-1","max-image-preview":"max-image-preview:large","max-video-preview":"max-video-preview:-1"},"canonical":"https:\/\/presidentjosemontilla.cat\/es\/presentacion-del-libro-el-liquido-misterioso\/","og_locale":"es_ES","og_type":"article","og_title":"Presentaci\u00f3n del libro \"El l\u00edquido misterioso\" - President Jos\u00e9 Montilla","og_description":"El pr\u00f3ximo s\u00e1bado\u00a0asistir\u00e9 a la presentaci\u00f3n del llibre \u00abEl l\u00edquido Misterioso\u00bb al Hospital Vall de Hebron , un cuento solidario en beneficio del c\u00e1ncer infantil. Adjuntamos not\u00edcia del acto: https:\/\/www.kernpharma.com\/es\/sala-de-prensa\/kern-pharma-copatrocina-el-libro-el-liquido-misterioso-de-la-asociacion-las-historias-de-sofia","og_url":"https:\/\/presidentjosemontilla.cat\/es\/presentacion-del-libro-el-liquido-misterioso\/","og_site_name":"President Jos\u00e9 Montilla","article_published_time":"2017-04-20T11:53:11+00:00","article_modified_time":"2020-09-16T12:32:08+00:00","og_image":[{"width":596,"height":842,"url":"https:\/\/presidentjosemontilla.cat\/wp-content\/uploads\/2017\/04\/cartell-presentaci\u00f3-El-L\u00edquido-Misterioso-2.jpg","type":"image\/jpeg"}],"author":"Oficina de Jos\u00e9 Montilla","twitter_card":"summary_large_image","twitter_misc":{"Escrito por":"Oficina de Jos\u00e9 Montilla"},"schema":{"@context":"https:\/\/schema.org","@graph":[{"@type":"Article","@id":"https:\/\/presidentjosemontilla.cat\/es\/presentacion-del-libro-el-liquido-misterioso\/#article","isPartOf":{"@id":"https:\/\/presidentjosemontilla.cat\/es\/presentacion-del-libro-el-liquido-misterioso\/"},"author":{"name":"Oficina de Jos\u00e9 Montilla","@id":"https:\/\/presidentjosemontilla.cat\/es\/#\/schema\/person\/f36cbd21c0ca240e3f825efdf1149484"},"headline":"Presentaci\u00f3n del libro \u00abEl l\u00edquido misterioso\u00bb","datePublished":"2017-04-20T11:53:11+00:00","dateModified":"2020-09-16T12:32:08+00:00","mainEntityOfPage":{"@id":"https:\/\/presidentjosemontilla.cat\/es\/presentacion-del-libro-el-liquido-misterioso\/"},"wordCount":50,"publisher":{"@id":"https:\/\/presidentjosemontilla.cat\/es\/#organization"},"image":{"@id":"https:\/\/presidentjosemontilla.cat\/es\/presentacion-del-libro-el-liquido-misterioso\/#primaryimage"},"thumbnailUrl":"https:\/\/presidentjosemontilla.cat\/wp-content\/uploads\/2017\/04\/cartell-presentaci\u00f3-El-L\u00edquido-Misterioso-2.jpg","keywords":["C\u00e0ncer Infantil","Libro"],"articleSection":["Actividad"],"inLanguage":"es"},{"@type":"WebPage","@id":"https:\/\/presidentjosemontilla.cat\/es\/presentacion-del-libro-el-liquido-misterioso\/","url":"https:\/\/presidentjosemontilla.cat\/es\/presentacion-del-libro-el-liquido-misterioso\/","name":"Presentaci\u00f3n del libro \"El l\u00edquido misterioso\" - President Jos\u00e9 Montilla","isPartOf":{"@id":"https:\/\/presidentjosemontilla.cat\/es\/#website"},"primaryImageOfPage":{"@id":"https:\/\/presidentjosemontilla.cat\/es\/presentacion-del-libro-el-liquido-misterioso\/#primaryimage"},"image":{"@id":"https:\/\/presidentjosemontilla.cat\/es\/presentacion-del-libro-el-liquido-misterioso\/#primaryimage"},"thumbnailUrl":"https:\/\/presidentjosemontilla.cat\/wp-content\/uploads\/2017\/04\/cartell-presentaci\u00f3-El-L\u00edquido-Misterioso-2.jpg","datePublished":"2017-04-20T11:53:11+00:00","dateModified":"2020-09-16T12:32:08+00:00","breadcrumb":{"@id":"https:\/\/presidentjosemontilla.cat\/es\/presentacion-del-libro-el-liquido-misterioso\/#breadcrumb"},"inLanguage":"es","potentialAction":[{"@type":"ReadAction","target":["https:\/\/presidentjosemontilla.cat\/es\/presentacion-del-libro-el-liquido-misterioso\/"]}]},{"@type":"ImageObject","inLanguage":"es","@id":"https:\/\/presidentjosemontilla.cat\/es\/presentacion-del-libro-el-liquido-misterioso\/#primaryimage","url":"https:\/\/presidentjosemontilla.cat\/wp-content\/uploads\/2017\/04\/cartell-presentaci\u00f3-El-L\u00edquido-Misterioso-2.jpg","contentUrl":"https:\/\/presidentjosemontilla.cat\/wp-content\/uploads\/2017\/04\/cartell-presentaci\u00f3-El-L\u00edquido-Misterioso-2.jpg","width":596,"height":842},{"@type":"BreadcrumbList","@id":"https:\/\/presidentjosemontilla.cat\/es\/presentacion-del-libro-el-liquido-misterioso\/#breadcrumb","itemListElement":[{"@type":"ListItem","position":1,"name":"Portada","item":"https:\/\/presidentjosemontilla.cat\/es\/"},{"@type":"ListItem","position":2,"name":"Presentaci\u00f3n del libro &#8220;El l\u00edquido misterioso&#8221;"}]},{"@type":"WebSite","@id":"https:\/\/presidentjosemontilla.cat\/es\/#website","url":"https:\/\/presidentjosemontilla.cat\/es\/","name":"President Jos\u00e9 Montilla","description":"Web del 128\u00e8 president de la Generalitat de Catalunya","publisher":{"@id":"https:\/\/presidentjosemontilla.cat\/es\/#organization"},"potentialAction":[{"@type":"SearchAction","target":{"@type":"EntryPoint","urlTemplate":"https:\/\/presidentjosemontilla.cat\/es\/?s={search_term_string}"},"query-input":{"@type":"PropertyValueSpecification","valueRequired":true,"valueName":"search_term_string"}}],"inLanguage":"es"},{"@type":"Organization","@id":"https:\/\/presidentjosemontilla.cat\/es\/#organization","name":"President Jos\u00e9 Montilla","url":"https:\/\/presidentjosemontilla.cat\/es\/","logo":{"@type":"ImageObject","inLanguage":"es","@id":"https:\/\/presidentjosemontilla.cat\/es\/#\/schema\/logo\/image\/","url":"https:\/\/presidentjosemontilla.cat\/wp-content\/uploads\/2019\/09\/logo2.png","contentUrl":"https:\/\/presidentjosemontilla.cat\/wp-content\/uploads\/2019\/09\/logo2.png","width":350,"height":60,"caption":"President Jos\u00e9 Montilla"},"image":{"@id":"https:\/\/presidentjosemontilla.cat\/es\/#\/schema\/logo\/image\/"}},{"@type":"Person","@id":"https:\/\/presidentjosemontilla.cat\/es\/#\/schema\/person\/f36cbd21c0ca240e3f825efdf1149484","name":"Oficina de Jos\u00e9 Montilla","image":{"@type":"ImageObject","inLanguage":"es","@id":"https:\/\/secure.gravatar.com\/avatar\/33c91c345935ef6b4b0dea373a0addb58d127dab8ae459c970458ce720d66dad?s=96&d=mm&r=g","url":"https:\/\/secure.gravatar.com\/avatar\/33c91c345935ef6b4b0dea373a0addb58d127dab8ae459c970458ce720d66dad?s=96&d=mm&r=g","contentUrl":"https:\/\/secure.gravatar.com\/avatar\/33c91c345935ef6b4b0dea373a0addb58d127dab8ae459c970458ce720d66dad?s=96&d=mm&r=g","caption":"Oficina de Jos\u00e9 Montilla"},"url":"https:\/\/presidentjosemontilla.cat\/es\/author\/oficina-jose-montilla\/"}]}},"_links":{"self":[{"href":"https:\/\/presidentjosemontilla.cat\/es\/wp-json\/wp\/v2\/posts\/1444","targetHints":{"allow":["GET"]}}],"collection":[{"href":"https:\/\/presidentjosemontilla.cat\/es\/wp-json\/wp\/v2\/posts"}],"about":[{"href":"https:\/\/presidentjosemontilla.cat\/es\/wp-json\/wp\/v2\/types\/post"}],"author":[{"embeddable":true,"href":"https:\/\/presidentjosemontilla.cat\/es\/wp-json\/wp\/v2\/users\/5"}],"replies":[{"embeddable":true,"href":"https:\/\/presidentjosemontilla.cat\/es\/wp-json\/wp\/v2\/comments?post=1444"}],"version-history":[{"count":3,"href":"https:\/\/presidentjosemontilla.cat\/es\/wp-json\/wp\/v2\/posts\/1444\/revisions"}],"predecessor-version":[{"id":5540,"href":"https:\/\/presidentjosemontilla.cat\/es\/wp-json\/wp\/v2\/posts\/1444\/revisions\/5540"}],"wp:featuredmedia":[{"embeddable":true,"href":"https:\/\/presidentjosemontilla.cat\/es\/wp-json\/wp\/v2\/media\/1445"}],"wp:attachment":[{"href":"https:\/\/presidentjosemontilla.cat\/es\/wp-json\/wp\/v2\/media?parent=1444"}],"wp:term":[{"taxonomy":"category","embeddable":true,"href":"https:\/\/presidentjosemontilla.cat\/es\/wp-json\/wp\/v2\/categories?post=1444"},{"taxonomy":"post_tag","embeddable":true,"href":"https:\/\/presidentjosemontilla.cat\/es\/wp-json\/wp\/v2\/tags?post=1444"},{"taxonomy":"post_series","embeddable":true,"href":"https:\/\/presidentjosemontilla.cat\/es\/wp-json\/wp\/v2\/post_series?post=1444"}],"curies":[{"name":"wp","href":"https:\/\/api.w.org\/{rel}","templated":true}]}}