{"id":1634,"date":"2018-09-10T09:50:58","date_gmt":"2018-09-10T09:50:58","guid":{"rendered":"http:\/\/presidentjosemontilla.cat\/es\/?p=1634"},"modified":"2020-06-23T12:28:23","modified_gmt":"2020-06-23T12:28:23","slug":"comunicado-del-presidente-montilla-sobre-la-diada-nacional-2018","status":"publish","type":"post","link":"https:\/\/presidentjosemontilla.cat\/es\/comunicado-del-presidente-montilla-sobre-la-diada-nacional-2018\/","title":{"rendered":"Comunicado del Presidente Montilla sobre la Diada Nacional 2018"},"content":{"rendered":"<p><strong>DIADA NACIONAL 2018<\/strong><\/p>\n<p><strong><br \/>\n<\/strong>7 de setembre de 2018<\/p>\n<p>Una vez m\u00e1s, como s\u00edmbolo de una tradici\u00f3n que nos tendr\u00eda que hermanar y no dividir, los catalanes y las catalanas celebramos la Diada Nacional. Por encima del car\u00e1cter festivo de esta fecha, la actividad pol\u00edtica y los actos promovidos por el gobierno de nuestra Generalitat marcan de forma determinante su car\u00e1cter.<\/p>\n<p>Como he hecho a lo largo de los \u00faltimos a\u00f1os, quiero aprovechar la Diada para expresar mis reflexiones sobre la situaci\u00f3n que vive el Pa\u00eds, con el \u00fanico prop\u00f3sito de contribuir modestamente a la recuperaci\u00f3n de la concordia y a la difusi\u00f3n de un mensaje de esperanza: los problemas pol\u00edticos e institucionales que atraviesa Catalu\u00f1a tienen soluci\u00f3n si aprendemos de los errores cometidos y si todos los actores tienen el coraje suficiente para reconocerlos. Juntos tenemos que corregir un camino que no nos lleva a ninguna soluci\u00f3n y es preciso poner por encima de todo el inter\u00e9s de la mayor\u00eda de la sociedad catalana.<\/p>\n<p>Prescindiendo de la ret\u00f3rica\u00a0inflamada\u00a0pero vac\u00eda de contenido, tan habitual estos d\u00edas, tenemos que constatar que se han abierto dos ventanas de oportunidad:<\/p>\n<p>Por un lado, la recuperaci\u00f3n econ\u00f3mica de Catalu\u00f1a y del conjunto de Espa\u00f1a, con todas las cautelas y reservas, es un hecho. Nuestra econom\u00eda ha superado en gran medida la grav\u00edsima sacudida de la recesi\u00f3n, a pesar de que todav\u00eda son muchas las correcciones necesarias en relaci\u00f3n al modelo de crecimiento econ\u00f3mico, a los niveles de desigualdad social y a la calidad del empleo. Hay aqu\u00ed mucho trabajo por hacer y una buena parte de este trabajo lo deber\u00eda hacer nuestro govern.<\/p>\n<p>Por otro lado, el cambio de gobierno en Espa\u00f1a propicia un nuevo clima pol\u00edtico que, con todas sus limitaciones, puede permitir \u2013 si nadie lo hace imposible \u2013 que el di\u00e1logo se abra paso y sustituya el lenguaje de la confrontaci\u00f3n. Hoy hay, y no reconocer este hecho es absurdo, un gobierno de Espa\u00f1a que tiene una pol\u00edtica para Catalu\u00f1a, que ha de que permitir un mejor autogobierno mediante un acuerdo pol\u00edtico sometido a la ratificaci\u00f3n de los catalanes.<\/p>\n<p>La sociedad catalana no puede desaprovechar estas dos ventanas de oportunidad. Y el gobierno de la Generalitat tendr\u00eda que actuar en consecuencia y trabajar para construir un consenso catal\u00e1n que nos ayudara a todos a salir del camino sin salida en el que estamos instalados.<\/p>\n<p>Junto a estos dos aspectos positivos, no puedo dejar de constatar el deterioro de la vida pol\u00edtica e institucional que estamos viviendo.<\/p>\n<p>La celebraci\u00f3n de la Diada \u00a0Nacional, precisamente, deber\u00eda servir para poner \u00e9nfasis en todo aquello que es com\u00fan y nos hace fuertes. Desgraciadamente la Diada se ha convertido en una pieza m\u00e1s de una estrategia de incremento de la tensi\u00f3n pol\u00edtica que no contribuye a una soluci\u00f3n viable y compartida. Quiero referirme, especialmente, a los actos institucionales que, creo, resultan afectados por esta din\u00e1mica.<\/p>\n<p>Las instituciones son los instrumentos para el ejercicio de la pol\u00edtica, para representar a la ciudadan\u00eda y para hacer posible el autogobierno. Son de todos. Los gobiernos, que responden a una mayor\u00eda parlamentaria, administran y dirigen estas instituciones. Pero m\u00e1s all\u00e1 del leg\u00edtimo prop\u00f3sito de cumplir con un determinado programa de gobierno, deben proteger el car\u00e1cter plural de las instituciones.<\/p>\n<p>Un acto institucional no se puede convertir en una arenga, salvo que sus promotores est\u00e9n dispuestos a que las instituciones dejen de ser de todos. Los actos institucionales no pueden ser actos de parte. Quienes lo est\u00e1n propiciando no son lo suficiente conscientes de los efectos letales de este comportamiento: c\u00f3mo he apuntado en alguna otra ocasi\u00f3n, una parte muy importante de la sociedad catalana puede no sentirlas como propias. En efecto, uno de los riesgos que corremos es el de la desafecci\u00f3n y no reconocimiento de una parte de la ciudadan\u00eda hacia nuestras instituciones de autogobierno.<\/p>\n<p>Igualmente, los gobiernos tienen que proteger los espacios y los servicios p\u00fablicos como espacios de convivencia para el conjunto plural y diverso que conforma todo pa\u00eds. La pol\u00e9mica sobre los lazos amarillos en calles, plazas y dependencias p\u00fablicas pone de manifiesto que lo que est\u00e1 encima de la mesa no es la libertad de expresi\u00f3n, totalmente garantizada en nuestra vida democr\u00e1tica, sino la convivencia. Sin querer ser alarmista, insisto que hoy es este el principal valor a proteger. Es imprescindible evitar conductas que agraven este riesgo. Y quienes tienen la primera obligaci\u00f3n son, sin duda, los gobernantes. Tambi\u00e9n los dirigentes pol\u00edticos y sociales. Y, en general, todos los ciudadanos y las ciudadanas que queremos vivir en una sociedad cohesionada.<\/p>\n<p>No puedo dejar de considerar y lamentar la situaci\u00f3n de los dirigentes independentistas que permanecen en prisi\u00f3n provisional a la espera de juicio. Soy consciente de la gravedad de este hecho y de c\u00f3mo afecta a la situaci\u00f3n pol\u00edtica. Pero quiero alertar del error de pretender condicionar la decisi\u00f3n de jueces y fiscales en un sistema democr\u00e1tico en el que, como en nuestro caso, la justicia no est\u00e1 subordinada a ning\u00fan otro poder del Estado. La mejor manera de contribuir a resolver la situaci\u00f3n de los dirigentes presos es tender hacia una normalizaci\u00f3n de la situaci\u00f3n pol\u00edtica e institucional catalana. Generar m\u00e1s ambiente de tensi\u00f3n sobre su juicio no contribuye a mejorar su situaci\u00f3n, salvo que lo que se quiera sea utilizarlos como elemento de esta estrategia de mantenimiento del conflicto.<\/p>\n<p>El camino de las soluciones no es ni f\u00e1cil ni corto. Qui\u00e9n piense en soluciones f\u00e1ciles, sencillamente se equivoca. Los impacientes hacen un muy mal servicio en el pa\u00eds. Los que tienen prisa para llegar a \u00cdtaca prometida, cueste lo que cueste, confunden el deseo con la realidad. No es con apelaciones a sacrificios patri\u00f3ticos como esta realidad desaparece como por hechizo.<\/p>\n<p>Y los que tienen prisa por resolver el conflicto como sea y que siguen creyendo que no hay m\u00e1s problema de fondo que el respeto a la legalidad, tambi\u00e9n se equivocan. Ni unos ni otros nos ayudan.<\/p>\n<p>Hago, de nuevo, un llamamiento a la contenci\u00f3n y al esfuerzo de di\u00e1logo y negociaci\u00f3n. Que nos ha de permitir llegar a acuerdos para reforzar el autogobierno, mejorar la cohesi\u00f3n del pa\u00eds y asegurar un futuro de progreso.<\/p>\n<p>Catalu\u00f1a se lo merece.<\/p>\n<p>Jos\u00e9 Montilla<\/p>\n<p>11 de septiembre de 2018<\/p>\n","protected":false},"excerpt":{"rendered":"<p>DIADA NACIONAL 2018 7 de setembre de 2018 Una vez m\u00e1s, como s\u00edmbolo de una tradici\u00f3n que nos tendr\u00eda que hermanar y no dividir, los catalanes y las catalanas celebramos la Diada Nacional. Por encima del car\u00e1cter festivo de esta&hellip;<\/p>\n","protected":false},"author":5,"featured_media":1475,"comment_status":"closed","ping_status":"open","sticky":false,"template":"","format":"standard","meta":{"footnotes":""},"categories":[3,9,4],"tags":[250,19,251,206,252,29],"post_series":[],"class_list":["post-1634","post","type-post","status-publish","format-standard","has-post-thumbnail","hentry","category-actividad","category-declaraciones","category-opinion","tag-11-de-setembre","tag-catalunya","tag-diada-2018","tag-diada-nacional-de-catalunya","tag-generalitat-de-catalunya","tag-president-montilla","entry","has-media"],"yoast_head":"<!-- This site is optimized with the Yoast SEO plugin v27.5 - https:\/\/yoast.com\/product\/yoast-seo-wordpress\/ -->\n<title>Comunicado del Presidente Montilla sobre la Diada Nacional 2018 - President Jos\u00e9 Montilla<\/title>\n<meta name=\"robots\" content=\"index, follow, max-snippet:-1, max-image-preview:large, max-video-preview:-1\" \/>\n<link rel=\"canonical\" href=\"https:\/\/presidentjosemontilla.cat\/es\/comunicado-del-presidente-montilla-sobre-la-diada-nacional-2018\/\" \/>\n<meta property=\"og:locale\" content=\"es_ES\" \/>\n<meta property=\"og:type\" content=\"article\" \/>\n<meta property=\"og:title\" content=\"Comunicado del Presidente Montilla sobre la Diada Nacional 2018 - President Jos\u00e9 Montilla\" \/>\n<meta property=\"og:description\" content=\"DIADA NACIONAL 2018 7 de setembre de 2018 Una vez m\u00e1s, como s\u00edmbolo de una tradici\u00f3n que nos tendr\u00eda que hermanar y no dividir, los catalanes y las catalanas celebramos la Diada Nacional. Por encima del car\u00e1cter festivo de esta&hellip;\" \/>\n<meta property=\"og:url\" content=\"https:\/\/presidentjosemontilla.cat\/es\/comunicado-del-presidente-montilla-sobre-la-diada-nacional-2018\/\" \/>\n<meta property=\"og:site_name\" content=\"President Jos\u00e9 Montilla\" \/>\n<meta property=\"article:published_time\" content=\"2018-09-10T09:50:58+00:00\" \/>\n<meta property=\"article:modified_time\" content=\"2020-06-23T12:28:23+00:00\" \/>\n<meta property=\"og:image\" content=\"https:\/\/presidentjosemontilla.cat\/wp-content\/uploads\/2017\/09\/diada2017-2.jpg\" \/>\n\t<meta property=\"og:image:width\" content=\"262\" \/>\n\t<meta property=\"og:image:height\" content=\"300\" \/>\n\t<meta property=\"og:image:type\" content=\"image\/jpeg\" \/>\n<meta name=\"author\" content=\"Oficina de Jos\u00e9 Montilla\" \/>\n<meta name=\"twitter:card\" content=\"summary_large_image\" \/>\n<meta name=\"twitter:label1\" content=\"Escrito por\" \/>\n\t<meta name=\"twitter:data1\" content=\"Oficina de Jos\u00e9 Montilla\" \/>\n\t<meta name=\"twitter:label2\" content=\"Tiempo de lectura\" \/>\n\t<meta name=\"twitter:data2\" content=\"6 minutos\" \/>\n<script type=\"application\/ld+json\" class=\"yoast-schema-graph\">{\"@context\":\"https:\\\/\\\/schema.org\",\"@graph\":[{\"@type\":\"Article\",\"@id\":\"https:\\\/\\\/presidentjosemontilla.cat\\\/es\\\/comunicado-del-presidente-montilla-sobre-la-diada-nacional-2018\\\/#article\",\"isPartOf\":{\"@id\":\"https:\\\/\\\/presidentjosemontilla.cat\\\/es\\\/comunicado-del-presidente-montilla-sobre-la-diada-nacional-2018\\\/\"},\"author\":{\"name\":\"Oficina de Jos\u00e9 Montilla\",\"@id\":\"https:\\\/\\\/presidentjosemontilla.cat\\\/es\\\/#\\\/schema\\\/person\\\/f36cbd21c0ca240e3f825efdf1149484\"},\"headline\":\"Comunicado del Presidente Montilla sobre la Diada Nacional 2018\",\"datePublished\":\"2018-09-10T09:50:58+00:00\",\"dateModified\":\"2020-06-23T12:28:23+00:00\",\"mainEntityOfPage\":{\"@id\":\"https:\\\/\\\/presidentjosemontilla.cat\\\/es\\\/comunicado-del-presidente-montilla-sobre-la-diada-nacional-2018\\\/\"},\"wordCount\":1139,\"publisher\":{\"@id\":\"https:\\\/\\\/presidentjosemontilla.cat\\\/es\\\/#organization\"},\"image\":{\"@id\":\"https:\\\/\\\/presidentjosemontilla.cat\\\/es\\\/comunicado-del-presidente-montilla-sobre-la-diada-nacional-2018\\\/#primaryimage\"},\"thumbnailUrl\":\"https:\\\/\\\/presidentjosemontilla.cat\\\/wp-content\\\/uploads\\\/2017\\\/09\\\/diada2017-2.jpg\",\"keywords\":[\"11 de Setembre\",\"Catalunya\",\"Diada 2018\",\"Diada Nacional de Catalunya\",\"Generalitat de Catalunya\",\"President Montilla\"],\"articleSection\":[\"Actividad\",\"Declaraciones\",\"Opini\u00f3n\"],\"inLanguage\":\"es\"},{\"@type\":\"WebPage\",\"@id\":\"https:\\\/\\\/presidentjosemontilla.cat\\\/es\\\/comunicado-del-presidente-montilla-sobre-la-diada-nacional-2018\\\/\",\"url\":\"https:\\\/\\\/presidentjosemontilla.cat\\\/es\\\/comunicado-del-presidente-montilla-sobre-la-diada-nacional-2018\\\/\",\"name\":\"Comunicado del Presidente Montilla sobre la Diada Nacional 2018 - President Jos\u00e9 Montilla\",\"isPartOf\":{\"@id\":\"https:\\\/\\\/presidentjosemontilla.cat\\\/es\\\/#website\"},\"primaryImageOfPage\":{\"@id\":\"https:\\\/\\\/presidentjosemontilla.cat\\\/es\\\/comunicado-del-presidente-montilla-sobre-la-diada-nacional-2018\\\/#primaryimage\"},\"image\":{\"@id\":\"https:\\\/\\\/presidentjosemontilla.cat\\\/es\\\/comunicado-del-presidente-montilla-sobre-la-diada-nacional-2018\\\/#primaryimage\"},\"thumbnailUrl\":\"https:\\\/\\\/presidentjosemontilla.cat\\\/wp-content\\\/uploads\\\/2017\\\/09\\\/diada2017-2.jpg\",\"datePublished\":\"2018-09-10T09:50:58+00:00\",\"dateModified\":\"2020-06-23T12:28:23+00:00\",\"breadcrumb\":{\"@id\":\"https:\\\/\\\/presidentjosemontilla.cat\\\/es\\\/comunicado-del-presidente-montilla-sobre-la-diada-nacional-2018\\\/#breadcrumb\"},\"inLanguage\":\"es\",\"potentialAction\":[{\"@type\":\"ReadAction\",\"target\":[\"https:\\\/\\\/presidentjosemontilla.cat\\\/es\\\/comunicado-del-presidente-montilla-sobre-la-diada-nacional-2018\\\/\"]}]},{\"@type\":\"ImageObject\",\"inLanguage\":\"es\",\"@id\":\"https:\\\/\\\/presidentjosemontilla.cat\\\/es\\\/comunicado-del-presidente-montilla-sobre-la-diada-nacional-2018\\\/#primaryimage\",\"url\":\"https:\\\/\\\/presidentjosemontilla.cat\\\/wp-content\\\/uploads\\\/2017\\\/09\\\/diada2017-2.jpg\",\"contentUrl\":\"https:\\\/\\\/presidentjosemontilla.cat\\\/wp-content\\\/uploads\\\/2017\\\/09\\\/diada2017-2.jpg\",\"width\":262,\"height\":300},{\"@type\":\"BreadcrumbList\",\"@id\":\"https:\\\/\\\/presidentjosemontilla.cat\\\/es\\\/comunicado-del-presidente-montilla-sobre-la-diada-nacional-2018\\\/#breadcrumb\",\"itemListElement\":[{\"@type\":\"ListItem\",\"position\":1,\"name\":\"Portada\",\"item\":\"https:\\\/\\\/presidentjosemontilla.cat\\\/es\\\/\"},{\"@type\":\"ListItem\",\"position\":2,\"name\":\"Comunicado del Presidente Montilla sobre la Diada Nacional 2018\"}]},{\"@type\":\"WebSite\",\"@id\":\"https:\\\/\\\/presidentjosemontilla.cat\\\/es\\\/#website\",\"url\":\"https:\\\/\\\/presidentjosemontilla.cat\\\/es\\\/\",\"name\":\"President Jos\u00e9 Montilla\",\"description\":\"Web del 128\u00e8 president de la Generalitat de Catalunya\",\"publisher\":{\"@id\":\"https:\\\/\\\/presidentjosemontilla.cat\\\/es\\\/#organization\"},\"potentialAction\":[{\"@type\":\"SearchAction\",\"target\":{\"@type\":\"EntryPoint\",\"urlTemplate\":\"https:\\\/\\\/presidentjosemontilla.cat\\\/es\\\/?s={search_term_string}\"},\"query-input\":{\"@type\":\"PropertyValueSpecification\",\"valueRequired\":true,\"valueName\":\"search_term_string\"}}],\"inLanguage\":\"es\"},{\"@type\":\"Organization\",\"@id\":\"https:\\\/\\\/presidentjosemontilla.cat\\\/es\\\/#organization\",\"name\":\"President Jos\u00e9 Montilla\",\"url\":\"https:\\\/\\\/presidentjosemontilla.cat\\\/es\\\/\",\"logo\":{\"@type\":\"ImageObject\",\"inLanguage\":\"es\",\"@id\":\"https:\\\/\\\/presidentjosemontilla.cat\\\/es\\\/#\\\/schema\\\/logo\\\/image\\\/\",\"url\":\"https:\\\/\\\/presidentjosemontilla.cat\\\/wp-content\\\/uploads\\\/2019\\\/09\\\/logo2.png\",\"contentUrl\":\"https:\\\/\\\/presidentjosemontilla.cat\\\/wp-content\\\/uploads\\\/2019\\\/09\\\/logo2.png\",\"width\":350,\"height\":60,\"caption\":\"President Jos\u00e9 Montilla\"},\"image\":{\"@id\":\"https:\\\/\\\/presidentjosemontilla.cat\\\/es\\\/#\\\/schema\\\/logo\\\/image\\\/\"}},{\"@type\":\"Person\",\"@id\":\"https:\\\/\\\/presidentjosemontilla.cat\\\/es\\\/#\\\/schema\\\/person\\\/f36cbd21c0ca240e3f825efdf1149484\",\"name\":\"Oficina de Jos\u00e9 Montilla\",\"image\":{\"@type\":\"ImageObject\",\"inLanguage\":\"es\",\"@id\":\"https:\\\/\\\/secure.gravatar.com\\\/avatar\\\/33c91c345935ef6b4b0dea373a0addb58d127dab8ae459c970458ce720d66dad?s=96&d=mm&r=g\",\"url\":\"https:\\\/\\\/secure.gravatar.com\\\/avatar\\\/33c91c345935ef6b4b0dea373a0addb58d127dab8ae459c970458ce720d66dad?s=96&d=mm&r=g\",\"contentUrl\":\"https:\\\/\\\/secure.gravatar.com\\\/avatar\\\/33c91c345935ef6b4b0dea373a0addb58d127dab8ae459c970458ce720d66dad?s=96&d=mm&r=g\",\"caption\":\"Oficina de Jos\u00e9 Montilla\"},\"url\":\"https:\\\/\\\/presidentjosemontilla.cat\\\/es\\\/author\\\/oficina-jose-montilla\\\/\"}]}<\/script>\n<!-- \/ Yoast SEO plugin. -->","yoast_head_json":{"title":"Comunicado del Presidente Montilla sobre la Diada Nacional 2018 - President Jos\u00e9 Montilla","robots":{"index":"index","follow":"follow","max-snippet":"max-snippet:-1","max-image-preview":"max-image-preview:large","max-video-preview":"max-video-preview:-1"},"canonical":"https:\/\/presidentjosemontilla.cat\/es\/comunicado-del-presidente-montilla-sobre-la-diada-nacional-2018\/","og_locale":"es_ES","og_type":"article","og_title":"Comunicado del Presidente Montilla sobre la Diada Nacional 2018 - President Jos\u00e9 Montilla","og_description":"DIADA NACIONAL 2018 7 de setembre de 2018 Una vez m\u00e1s, como s\u00edmbolo de una tradici\u00f3n que nos tendr\u00eda que hermanar y no dividir, los catalanes y las catalanas celebramos la Diada Nacional. Por encima del car\u00e1cter festivo de esta&hellip;","og_url":"https:\/\/presidentjosemontilla.cat\/es\/comunicado-del-presidente-montilla-sobre-la-diada-nacional-2018\/","og_site_name":"President Jos\u00e9 Montilla","article_published_time":"2018-09-10T09:50:58+00:00","article_modified_time":"2020-06-23T12:28:23+00:00","og_image":[{"width":262,"height":300,"url":"https:\/\/presidentjosemontilla.cat\/wp-content\/uploads\/2017\/09\/diada2017-2.jpg","type":"image\/jpeg"}],"author":"Oficina de Jos\u00e9 Montilla","twitter_card":"summary_large_image","twitter_misc":{"Escrito por":"Oficina de Jos\u00e9 Montilla","Tiempo de lectura":"6 minutos"},"schema":{"@context":"https:\/\/schema.org","@graph":[{"@type":"Article","@id":"https:\/\/presidentjosemontilla.cat\/es\/comunicado-del-presidente-montilla-sobre-la-diada-nacional-2018\/#article","isPartOf":{"@id":"https:\/\/presidentjosemontilla.cat\/es\/comunicado-del-presidente-montilla-sobre-la-diada-nacional-2018\/"},"author":{"name":"Oficina de Jos\u00e9 Montilla","@id":"https:\/\/presidentjosemontilla.cat\/es\/#\/schema\/person\/f36cbd21c0ca240e3f825efdf1149484"},"headline":"Comunicado del Presidente Montilla sobre la Diada Nacional 2018","datePublished":"2018-09-10T09:50:58+00:00","dateModified":"2020-06-23T12:28:23+00:00","mainEntityOfPage":{"@id":"https:\/\/presidentjosemontilla.cat\/es\/comunicado-del-presidente-montilla-sobre-la-diada-nacional-2018\/"},"wordCount":1139,"publisher":{"@id":"https:\/\/presidentjosemontilla.cat\/es\/#organization"},"image":{"@id":"https:\/\/presidentjosemontilla.cat\/es\/comunicado-del-presidente-montilla-sobre-la-diada-nacional-2018\/#primaryimage"},"thumbnailUrl":"https:\/\/presidentjosemontilla.cat\/wp-content\/uploads\/2017\/09\/diada2017-2.jpg","keywords":["11 de Setembre","Catalunya","Diada 2018","Diada Nacional de Catalunya","Generalitat de Catalunya","President Montilla"],"articleSection":["Actividad","Declaraciones","Opini\u00f3n"],"inLanguage":"es"},{"@type":"WebPage","@id":"https:\/\/presidentjosemontilla.cat\/es\/comunicado-del-presidente-montilla-sobre-la-diada-nacional-2018\/","url":"https:\/\/presidentjosemontilla.cat\/es\/comunicado-del-presidente-montilla-sobre-la-diada-nacional-2018\/","name":"Comunicado del Presidente Montilla sobre la Diada Nacional 2018 - President Jos\u00e9 Montilla","isPartOf":{"@id":"https:\/\/presidentjosemontilla.cat\/es\/#website"},"primaryImageOfPage":{"@id":"https:\/\/presidentjosemontilla.cat\/es\/comunicado-del-presidente-montilla-sobre-la-diada-nacional-2018\/#primaryimage"},"image":{"@id":"https:\/\/presidentjosemontilla.cat\/es\/comunicado-del-presidente-montilla-sobre-la-diada-nacional-2018\/#primaryimage"},"thumbnailUrl":"https:\/\/presidentjosemontilla.cat\/wp-content\/uploads\/2017\/09\/diada2017-2.jpg","datePublished":"2018-09-10T09:50:58+00:00","dateModified":"2020-06-23T12:28:23+00:00","breadcrumb":{"@id":"https:\/\/presidentjosemontilla.cat\/es\/comunicado-del-presidente-montilla-sobre-la-diada-nacional-2018\/#breadcrumb"},"inLanguage":"es","potentialAction":[{"@type":"ReadAction","target":["https:\/\/presidentjosemontilla.cat\/es\/comunicado-del-presidente-montilla-sobre-la-diada-nacional-2018\/"]}]},{"@type":"ImageObject","inLanguage":"es","@id":"https:\/\/presidentjosemontilla.cat\/es\/comunicado-del-presidente-montilla-sobre-la-diada-nacional-2018\/#primaryimage","url":"https:\/\/presidentjosemontilla.cat\/wp-content\/uploads\/2017\/09\/diada2017-2.jpg","contentUrl":"https:\/\/presidentjosemontilla.cat\/wp-content\/uploads\/2017\/09\/diada2017-2.jpg","width":262,"height":300},{"@type":"BreadcrumbList","@id":"https:\/\/presidentjosemontilla.cat\/es\/comunicado-del-presidente-montilla-sobre-la-diada-nacional-2018\/#breadcrumb","itemListElement":[{"@type":"ListItem","position":1,"name":"Portada","item":"https:\/\/presidentjosemontilla.cat\/es\/"},{"@type":"ListItem","position":2,"name":"Comunicado del Presidente Montilla sobre la Diada Nacional 2018"}]},{"@type":"WebSite","@id":"https:\/\/presidentjosemontilla.cat\/es\/#website","url":"https:\/\/presidentjosemontilla.cat\/es\/","name":"President Jos\u00e9 Montilla","description":"Web del 128\u00e8 president de la Generalitat de Catalunya","publisher":{"@id":"https:\/\/presidentjosemontilla.cat\/es\/#organization"},"potentialAction":[{"@type":"SearchAction","target":{"@type":"EntryPoint","urlTemplate":"https:\/\/presidentjosemontilla.cat\/es\/?s={search_term_string}"},"query-input":{"@type":"PropertyValueSpecification","valueRequired":true,"valueName":"search_term_string"}}],"inLanguage":"es"},{"@type":"Organization","@id":"https:\/\/presidentjosemontilla.cat\/es\/#organization","name":"President Jos\u00e9 Montilla","url":"https:\/\/presidentjosemontilla.cat\/es\/","logo":{"@type":"ImageObject","inLanguage":"es","@id":"https:\/\/presidentjosemontilla.cat\/es\/#\/schema\/logo\/image\/","url":"https:\/\/presidentjosemontilla.cat\/wp-content\/uploads\/2019\/09\/logo2.png","contentUrl":"https:\/\/presidentjosemontilla.cat\/wp-content\/uploads\/2019\/09\/logo2.png","width":350,"height":60,"caption":"President Jos\u00e9 Montilla"},"image":{"@id":"https:\/\/presidentjosemontilla.cat\/es\/#\/schema\/logo\/image\/"}},{"@type":"Person","@id":"https:\/\/presidentjosemontilla.cat\/es\/#\/schema\/person\/f36cbd21c0ca240e3f825efdf1149484","name":"Oficina de Jos\u00e9 Montilla","image":{"@type":"ImageObject","inLanguage":"es","@id":"https:\/\/secure.gravatar.com\/avatar\/33c91c345935ef6b4b0dea373a0addb58d127dab8ae459c970458ce720d66dad?s=96&d=mm&r=g","url":"https:\/\/secure.gravatar.com\/avatar\/33c91c345935ef6b4b0dea373a0addb58d127dab8ae459c970458ce720d66dad?s=96&d=mm&r=g","contentUrl":"https:\/\/secure.gravatar.com\/avatar\/33c91c345935ef6b4b0dea373a0addb58d127dab8ae459c970458ce720d66dad?s=96&d=mm&r=g","caption":"Oficina de Jos\u00e9 Montilla"},"url":"https:\/\/presidentjosemontilla.cat\/es\/author\/oficina-jose-montilla\/"}]}},"_links":{"self":[{"href":"https:\/\/presidentjosemontilla.cat\/es\/wp-json\/wp\/v2\/posts\/1634","targetHints":{"allow":["GET"]}}],"collection":[{"href":"https:\/\/presidentjosemontilla.cat\/es\/wp-json\/wp\/v2\/posts"}],"about":[{"href":"https:\/\/presidentjosemontilla.cat\/es\/wp-json\/wp\/v2\/types\/post"}],"author":[{"embeddable":true,"href":"https:\/\/presidentjosemontilla.cat\/es\/wp-json\/wp\/v2\/users\/5"}],"replies":[{"embeddable":true,"href":"https:\/\/presidentjosemontilla.cat\/es\/wp-json\/wp\/v2\/comments?post=1634"}],"version-history":[{"count":2,"href":"https:\/\/presidentjosemontilla.cat\/es\/wp-json\/wp\/v2\/posts\/1634\/revisions"}],"predecessor-version":[{"id":4994,"href":"https:\/\/presidentjosemontilla.cat\/es\/wp-json\/wp\/v2\/posts\/1634\/revisions\/4994"}],"wp:featuredmedia":[{"embeddable":true,"href":"https:\/\/presidentjosemontilla.cat\/es\/wp-json\/wp\/v2\/media\/1475"}],"wp:attachment":[{"href":"https:\/\/presidentjosemontilla.cat\/es\/wp-json\/wp\/v2\/media?parent=1634"}],"wp:term":[{"taxonomy":"category","embeddable":true,"href":"https:\/\/presidentjosemontilla.cat\/es\/wp-json\/wp\/v2\/categories?post=1634"},{"taxonomy":"post_tag","embeddable":true,"href":"https:\/\/presidentjosemontilla.cat\/es\/wp-json\/wp\/v2\/tags?post=1634"},{"taxonomy":"post_series","embeddable":true,"href":"https:\/\/presidentjosemontilla.cat\/es\/wp-json\/wp\/v2\/post_series?post=1634"}],"curies":[{"name":"wp","href":"https:\/\/api.w.org\/{rel}","templated":true}]}}