{"id":1655,"date":"2018-11-09T10:38:49","date_gmt":"2018-11-09T10:38:49","guid":{"rendered":"http:\/\/presidentjosemontilla.cat\/es\/?p=1655"},"modified":"2020-06-23T09:27:10","modified_gmt":"2020-06-23T09:27:10","slug":"entrevista-a-jose-montilla-expresidente-de-la-generalitat-tenemos-mala-pieza-en-el-telar-por-haber-dejado-una-solucion-politica-en-manos-de-los-juezes","status":"publish","type":"post","link":"https:\/\/presidentjosemontilla.cat\/es\/entrevista-a-jose-montilla-expresidente-de-la-generalitat-tenemos-mala-pieza-en-el-telar-por-haber-dejado-una-solucion-politica-en-manos-de-los-juezes\/","title":{"rendered":"Entrevista a Jos\u00e9 Montilla, expresidente de la Generalitat: \u00abTenemos un problema por haber dejado una soluci\u00f3n pol\u00edtica en manos de los jueces\u00bb"},"content":{"rendered":"<p><a href=\"http:\/\/presidentjosemontilla.cat\/wp-content\/uploads\/2018\/11\/324.png\"><img loading=\"lazy\" decoding=\"async\" class=\"alignleft size-medium wp-image-1656\" src=\"http:\/\/presidentjosemontilla.cat\/wp-content\/uploads\/2018\/11\/324-300x166.png\" alt=\"\" width=\"300\" height=\"166\" \/><\/a>Anoche en el programa de M\u00e9s 324, Xavier Graset entrevist\u00f3 al presidente Montilla.<\/p>\n<p>Pod\u00e9is volver a ver la entrevista\u00a0<a href=\"http:\/\/www.ccma.cat\/tv3\/alacarta\/mes-324\/entrevista-a-jose-montilla-expresident-de-la-generalitat-tenim-mala-peca-al-teler-per-haver-deixat-una-solucio-politica-en-mans-del-jutges\/video\/5796907\/\" target=\"_blank\" rel=\"noopener noreferrer\">aqu\u00ed<\/a><\/p>\n","protected":false},"excerpt":{"rendered":"<p>Anoche en el programa de M\u00e9s 324, Xavier Graset entrevist\u00f3 al presidente Montilla. Pod\u00e9is volver a ver la entrevista\u00a0aqu\u00ed<\/p>\n","protected":false},"author":5,"featured_media":4945,"comment_status":"closed","ping_status":"open","sticky":false,"template":"","format":"standard","meta":{"footnotes":""},"categories":[3,908,4],"tags":[261,29,1197,39,263],"post_series":[],"class_list":["post-1655","post","type-post","status-publish","format-standard","has-post-thumbnail","hentry","category-actividad","category-medios-de-comunicacion","category-opinion","tag-mes-324","tag-president-montilla","tag-solucio-politica-es","tag-tv3","tag-xavier-graset","entry","has-media"],"yoast_head":"<!-- This site is optimized with the Yoast SEO plugin v27.5 - https:\/\/yoast.com\/product\/yoast-seo-wordpress\/ -->\n<title>Entrevista a Jos\u00e9 Montilla, expresidente de la Generalitat: &quot;Tenemos un problema por haber dejado una soluci\u00f3n pol\u00edtica en manos de los jueces&quot; - President Jos\u00e9 Montilla<\/title>\n<meta name=\"robots\" content=\"index, follow, max-snippet:-1, max-image-preview:large, max-video-preview:-1\" \/>\n<link rel=\"canonical\" href=\"https:\/\/presidentjosemontilla.cat\/es\/entrevista-a-jose-montilla-expresidente-de-la-generalitat-tenemos-mala-pieza-en-el-telar-por-haber-dejado-una-solucion-politica-en-manos-de-los-juezes\/\" \/>\n<meta property=\"og:locale\" content=\"es_ES\" \/>\n<meta property=\"og:type\" content=\"article\" \/>\n<meta property=\"og:title\" content=\"Entrevista a Jos\u00e9 Montilla, expresidente de la Generalitat: &quot;Tenemos un problema por haber dejado una soluci\u00f3n pol\u00edtica en manos de los jueces&quot; - President Jos\u00e9 Montilla\" \/>\n<meta property=\"og:description\" content=\"Anoche en el programa de M\u00e9s 324, Xavier Graset entrevist\u00f3 al presidente Montilla. Pod\u00e9is volver a ver la entrevista\u00a0aqu\u00ed\" \/>\n<meta property=\"og:url\" content=\"https:\/\/presidentjosemontilla.cat\/es\/entrevista-a-jose-montilla-expresidente-de-la-generalitat-tenemos-mala-pieza-en-el-telar-por-haber-dejado-una-solucion-politica-en-manos-de-los-juezes\/\" \/>\n<meta property=\"og:site_name\" content=\"President Jos\u00e9 Montilla\" \/>\n<meta property=\"article:published_time\" content=\"2018-11-09T10:38:49+00:00\" \/>\n<meta property=\"article:modified_time\" content=\"2020-06-23T09:27:10+00:00\" \/>\n<meta property=\"og:image\" content=\"https:\/\/presidentjosemontilla.cat\/wp-content\/uploads\/2018\/11\/DSC_0246-1024x683.jpg\" \/>\n\t<meta property=\"og:image:width\" content=\"1024\" \/>\n\t<meta property=\"og:image:height\" content=\"683\" \/>\n\t<meta property=\"og:image:type\" content=\"image\/jpeg\" \/>\n<meta name=\"author\" content=\"Oficina de Jos\u00e9 Montilla\" \/>\n<meta name=\"twitter:card\" content=\"summary_large_image\" \/>\n<meta name=\"twitter:label1\" content=\"Escrito por\" \/>\n\t<meta name=\"twitter:data1\" content=\"Oficina de Jos\u00e9 Montilla\" \/>\n<script type=\"application\/ld+json\" class=\"yoast-schema-graph\">{\"@context\":\"https:\\\/\\\/schema.org\",\"@graph\":[{\"@type\":\"Article\",\"@id\":\"https:\\\/\\\/presidentjosemontilla.cat\\\/es\\\/entrevista-a-jose-montilla-expresidente-de-la-generalitat-tenemos-mala-pieza-en-el-telar-por-haber-dejado-una-solucion-politica-en-manos-de-los-juezes\\\/#article\",\"isPartOf\":{\"@id\":\"https:\\\/\\\/presidentjosemontilla.cat\\\/es\\\/entrevista-a-jose-montilla-expresidente-de-la-generalitat-tenemos-mala-pieza-en-el-telar-por-haber-dejado-una-solucion-politica-en-manos-de-los-juezes\\\/\"},\"author\":{\"name\":\"Oficina de Jos\u00e9 Montilla\",\"@id\":\"https:\\\/\\\/presidentjosemontilla.cat\\\/es\\\/#\\\/schema\\\/person\\\/f36cbd21c0ca240e3f825efdf1149484\"},\"headline\":\"Entrevista a Jos\u00e9 Montilla, expresidente de la Generalitat: \u00abTenemos un problema por haber dejado una soluci\u00f3n pol\u00edtica en manos de los jueces\u00bb\",\"datePublished\":\"2018-11-09T10:38:49+00:00\",\"dateModified\":\"2020-06-23T09:27:10+00:00\",\"mainEntityOfPage\":{\"@id\":\"https:\\\/\\\/presidentjosemontilla.cat\\\/es\\\/entrevista-a-jose-montilla-expresidente-de-la-generalitat-tenemos-mala-pieza-en-el-telar-por-haber-dejado-una-solucion-politica-en-manos-de-los-juezes\\\/\"},\"wordCount\":45,\"publisher\":{\"@id\":\"https:\\\/\\\/presidentjosemontilla.cat\\\/es\\\/#organization\"},\"image\":{\"@id\":\"https:\\\/\\\/presidentjosemontilla.cat\\\/es\\\/entrevista-a-jose-montilla-expresidente-de-la-generalitat-tenemos-mala-pieza-en-el-telar-por-haber-dejado-una-solucion-politica-en-manos-de-los-juezes\\\/#primaryimage\"},\"thumbnailUrl\":\"https:\\\/\\\/presidentjosemontilla.cat\\\/wp-content\\\/uploads\\\/2018\\\/11\\\/DSC_0246.jpg\",\"keywords\":[\"Mes 324\",\"President Montilla\",\"soluci\u00f3 pol\u00edtica\",\"TV3\",\"Xavier Graset\"],\"articleSection\":[\"Actividad\",\"Medios de comunicaci\u00f3n\",\"Opini\u00f3n\"],\"inLanguage\":\"es\"},{\"@type\":\"WebPage\",\"@id\":\"https:\\\/\\\/presidentjosemontilla.cat\\\/es\\\/entrevista-a-jose-montilla-expresidente-de-la-generalitat-tenemos-mala-pieza-en-el-telar-por-haber-dejado-una-solucion-politica-en-manos-de-los-juezes\\\/\",\"url\":\"https:\\\/\\\/presidentjosemontilla.cat\\\/es\\\/entrevista-a-jose-montilla-expresidente-de-la-generalitat-tenemos-mala-pieza-en-el-telar-por-haber-dejado-una-solucion-politica-en-manos-de-los-juezes\\\/\",\"name\":\"Entrevista a Jos\u00e9 Montilla, expresidente de la Generalitat: \\\"Tenemos un problema por haber dejado una soluci\u00f3n pol\u00edtica en manos de los jueces\\\" - President Jos\u00e9 Montilla\",\"isPartOf\":{\"@id\":\"https:\\\/\\\/presidentjosemontilla.cat\\\/es\\\/#website\"},\"primaryImageOfPage\":{\"@id\":\"https:\\\/\\\/presidentjosemontilla.cat\\\/es\\\/entrevista-a-jose-montilla-expresidente-de-la-generalitat-tenemos-mala-pieza-en-el-telar-por-haber-dejado-una-solucion-politica-en-manos-de-los-juezes\\\/#primaryimage\"},\"image\":{\"@id\":\"https:\\\/\\\/presidentjosemontilla.cat\\\/es\\\/entrevista-a-jose-montilla-expresidente-de-la-generalitat-tenemos-mala-pieza-en-el-telar-por-haber-dejado-una-solucion-politica-en-manos-de-los-juezes\\\/#primaryimage\"},\"thumbnailUrl\":\"https:\\\/\\\/presidentjosemontilla.cat\\\/wp-content\\\/uploads\\\/2018\\\/11\\\/DSC_0246.jpg\",\"datePublished\":\"2018-11-09T10:38:49+00:00\",\"dateModified\":\"2020-06-23T09:27:10+00:00\",\"breadcrumb\":{\"@id\":\"https:\\\/\\\/presidentjosemontilla.cat\\\/es\\\/entrevista-a-jose-montilla-expresidente-de-la-generalitat-tenemos-mala-pieza-en-el-telar-por-haber-dejado-una-solucion-politica-en-manos-de-los-juezes\\\/#breadcrumb\"},\"inLanguage\":\"es\",\"potentialAction\":[{\"@type\":\"ReadAction\",\"target\":[\"https:\\\/\\\/presidentjosemontilla.cat\\\/es\\\/entrevista-a-jose-montilla-expresidente-de-la-generalitat-tenemos-mala-pieza-en-el-telar-por-haber-dejado-una-solucion-politica-en-manos-de-los-juezes\\\/\"]}]},{\"@type\":\"ImageObject\",\"inLanguage\":\"es\",\"@id\":\"https:\\\/\\\/presidentjosemontilla.cat\\\/es\\\/entrevista-a-jose-montilla-expresidente-de-la-generalitat-tenemos-mala-pieza-en-el-telar-por-haber-dejado-una-solucion-politica-en-manos-de-los-juezes\\\/#primaryimage\",\"url\":\"https:\\\/\\\/presidentjosemontilla.cat\\\/wp-content\\\/uploads\\\/2018\\\/11\\\/DSC_0246.jpg\",\"contentUrl\":\"https:\\\/\\\/presidentjosemontilla.cat\\\/wp-content\\\/uploads\\\/2018\\\/11\\\/DSC_0246.jpg\",\"width\":3456,\"height\":2304},{\"@type\":\"BreadcrumbList\",\"@id\":\"https:\\\/\\\/presidentjosemontilla.cat\\\/es\\\/entrevista-a-jose-montilla-expresidente-de-la-generalitat-tenemos-mala-pieza-en-el-telar-por-haber-dejado-una-solucion-politica-en-manos-de-los-juezes\\\/#breadcrumb\",\"itemListElement\":[{\"@type\":\"ListItem\",\"position\":1,\"name\":\"Portada\",\"item\":\"https:\\\/\\\/presidentjosemontilla.cat\\\/es\\\/\"},{\"@type\":\"ListItem\",\"position\":2,\"name\":\"Entrevista a Jos\u00e9 Montilla, expresidente de la Generalitat: &#8220;Tenemos un problema por haber dejado una soluci\u00f3n pol\u00edtica en manos de los jueces&#8221;\"}]},{\"@type\":\"WebSite\",\"@id\":\"https:\\\/\\\/presidentjosemontilla.cat\\\/es\\\/#website\",\"url\":\"https:\\\/\\\/presidentjosemontilla.cat\\\/es\\\/\",\"name\":\"President Jos\u00e9 Montilla\",\"description\":\"Web del 128\u00e8 president de la Generalitat de Catalunya\",\"publisher\":{\"@id\":\"https:\\\/\\\/presidentjosemontilla.cat\\\/es\\\/#organization\"},\"potentialAction\":[{\"@type\":\"SearchAction\",\"target\":{\"@type\":\"EntryPoint\",\"urlTemplate\":\"https:\\\/\\\/presidentjosemontilla.cat\\\/es\\\/?s={search_term_string}\"},\"query-input\":{\"@type\":\"PropertyValueSpecification\",\"valueRequired\":true,\"valueName\":\"search_term_string\"}}],\"inLanguage\":\"es\"},{\"@type\":\"Organization\",\"@id\":\"https:\\\/\\\/presidentjosemontilla.cat\\\/es\\\/#organization\",\"name\":\"President Jos\u00e9 Montilla\",\"url\":\"https:\\\/\\\/presidentjosemontilla.cat\\\/es\\\/\",\"logo\":{\"@type\":\"ImageObject\",\"inLanguage\":\"es\",\"@id\":\"https:\\\/\\\/presidentjosemontilla.cat\\\/es\\\/#\\\/schema\\\/logo\\\/image\\\/\",\"url\":\"https:\\\/\\\/presidentjosemontilla.cat\\\/wp-content\\\/uploads\\\/2019\\\/09\\\/logo2.png\",\"contentUrl\":\"https:\\\/\\\/presidentjosemontilla.cat\\\/wp-content\\\/uploads\\\/2019\\\/09\\\/logo2.png\",\"width\":350,\"height\":60,\"caption\":\"President Jos\u00e9 Montilla\"},\"image\":{\"@id\":\"https:\\\/\\\/presidentjosemontilla.cat\\\/es\\\/#\\\/schema\\\/logo\\\/image\\\/\"}},{\"@type\":\"Person\",\"@id\":\"https:\\\/\\\/presidentjosemontilla.cat\\\/es\\\/#\\\/schema\\\/person\\\/f36cbd21c0ca240e3f825efdf1149484\",\"name\":\"Oficina de Jos\u00e9 Montilla\",\"image\":{\"@type\":\"ImageObject\",\"inLanguage\":\"es\",\"@id\":\"https:\\\/\\\/secure.gravatar.com\\\/avatar\\\/33c91c345935ef6b4b0dea373a0addb58d127dab8ae459c970458ce720d66dad?s=96&d=mm&r=g\",\"url\":\"https:\\\/\\\/secure.gravatar.com\\\/avatar\\\/33c91c345935ef6b4b0dea373a0addb58d127dab8ae459c970458ce720d66dad?s=96&d=mm&r=g\",\"contentUrl\":\"https:\\\/\\\/secure.gravatar.com\\\/avatar\\\/33c91c345935ef6b4b0dea373a0addb58d127dab8ae459c970458ce720d66dad?s=96&d=mm&r=g\",\"caption\":\"Oficina de Jos\u00e9 Montilla\"},\"url\":\"https:\\\/\\\/presidentjosemontilla.cat\\\/es\\\/author\\\/oficina-jose-montilla\\\/\"}]}<\/script>\n<!-- \/ Yoast SEO plugin. -->","yoast_head_json":{"title":"Entrevista a Jos\u00e9 Montilla, expresidente de la Generalitat: \"Tenemos un problema por haber dejado una soluci\u00f3n pol\u00edtica en manos de los jueces\" - President Jos\u00e9 Montilla","robots":{"index":"index","follow":"follow","max-snippet":"max-snippet:-1","max-image-preview":"max-image-preview:large","max-video-preview":"max-video-preview:-1"},"canonical":"https:\/\/presidentjosemontilla.cat\/es\/entrevista-a-jose-montilla-expresidente-de-la-generalitat-tenemos-mala-pieza-en-el-telar-por-haber-dejado-una-solucion-politica-en-manos-de-los-juezes\/","og_locale":"es_ES","og_type":"article","og_title":"Entrevista a Jos\u00e9 Montilla, expresidente de la Generalitat: \"Tenemos un problema por haber dejado una soluci\u00f3n pol\u00edtica en manos de los jueces\" - President Jos\u00e9 Montilla","og_description":"Anoche en el programa de M\u00e9s 324, Xavier Graset entrevist\u00f3 al presidente Montilla. Pod\u00e9is volver a ver la entrevista\u00a0aqu\u00ed","og_url":"https:\/\/presidentjosemontilla.cat\/es\/entrevista-a-jose-montilla-expresidente-de-la-generalitat-tenemos-mala-pieza-en-el-telar-por-haber-dejado-una-solucion-politica-en-manos-de-los-juezes\/","og_site_name":"President Jos\u00e9 Montilla","article_published_time":"2018-11-09T10:38:49+00:00","article_modified_time":"2020-06-23T09:27:10+00:00","og_image":[{"width":1024,"height":683,"url":"https:\/\/presidentjosemontilla.cat\/wp-content\/uploads\/2018\/11\/DSC_0246-1024x683.jpg","type":"image\/jpeg"}],"author":"Oficina de Jos\u00e9 Montilla","twitter_card":"summary_large_image","twitter_misc":{"Escrito por":"Oficina de Jos\u00e9 Montilla"},"schema":{"@context":"https:\/\/schema.org","@graph":[{"@type":"Article","@id":"https:\/\/presidentjosemontilla.cat\/es\/entrevista-a-jose-montilla-expresidente-de-la-generalitat-tenemos-mala-pieza-en-el-telar-por-haber-dejado-una-solucion-politica-en-manos-de-los-juezes\/#article","isPartOf":{"@id":"https:\/\/presidentjosemontilla.cat\/es\/entrevista-a-jose-montilla-expresidente-de-la-generalitat-tenemos-mala-pieza-en-el-telar-por-haber-dejado-una-solucion-politica-en-manos-de-los-juezes\/"},"author":{"name":"Oficina de Jos\u00e9 Montilla","@id":"https:\/\/presidentjosemontilla.cat\/es\/#\/schema\/person\/f36cbd21c0ca240e3f825efdf1149484"},"headline":"Entrevista a Jos\u00e9 Montilla, expresidente de la Generalitat: \u00abTenemos un problema por haber dejado una soluci\u00f3n pol\u00edtica en manos de los jueces\u00bb","datePublished":"2018-11-09T10:38:49+00:00","dateModified":"2020-06-23T09:27:10+00:00","mainEntityOfPage":{"@id":"https:\/\/presidentjosemontilla.cat\/es\/entrevista-a-jose-montilla-expresidente-de-la-generalitat-tenemos-mala-pieza-en-el-telar-por-haber-dejado-una-solucion-politica-en-manos-de-los-juezes\/"},"wordCount":45,"publisher":{"@id":"https:\/\/presidentjosemontilla.cat\/es\/#organization"},"image":{"@id":"https:\/\/presidentjosemontilla.cat\/es\/entrevista-a-jose-montilla-expresidente-de-la-generalitat-tenemos-mala-pieza-en-el-telar-por-haber-dejado-una-solucion-politica-en-manos-de-los-juezes\/#primaryimage"},"thumbnailUrl":"https:\/\/presidentjosemontilla.cat\/wp-content\/uploads\/2018\/11\/DSC_0246.jpg","keywords":["Mes 324","President Montilla","soluci\u00f3 pol\u00edtica","TV3","Xavier Graset"],"articleSection":["Actividad","Medios de comunicaci\u00f3n","Opini\u00f3n"],"inLanguage":"es"},{"@type":"WebPage","@id":"https:\/\/presidentjosemontilla.cat\/es\/entrevista-a-jose-montilla-expresidente-de-la-generalitat-tenemos-mala-pieza-en-el-telar-por-haber-dejado-una-solucion-politica-en-manos-de-los-juezes\/","url":"https:\/\/presidentjosemontilla.cat\/es\/entrevista-a-jose-montilla-expresidente-de-la-generalitat-tenemos-mala-pieza-en-el-telar-por-haber-dejado-una-solucion-politica-en-manos-de-los-juezes\/","name":"Entrevista a Jos\u00e9 Montilla, expresidente de la Generalitat: \"Tenemos un problema por haber dejado una soluci\u00f3n pol\u00edtica en manos de los jueces\" - President Jos\u00e9 Montilla","isPartOf":{"@id":"https:\/\/presidentjosemontilla.cat\/es\/#website"},"primaryImageOfPage":{"@id":"https:\/\/presidentjosemontilla.cat\/es\/entrevista-a-jose-montilla-expresidente-de-la-generalitat-tenemos-mala-pieza-en-el-telar-por-haber-dejado-una-solucion-politica-en-manos-de-los-juezes\/#primaryimage"},"image":{"@id":"https:\/\/presidentjosemontilla.cat\/es\/entrevista-a-jose-montilla-expresidente-de-la-generalitat-tenemos-mala-pieza-en-el-telar-por-haber-dejado-una-solucion-politica-en-manos-de-los-juezes\/#primaryimage"},"thumbnailUrl":"https:\/\/presidentjosemontilla.cat\/wp-content\/uploads\/2018\/11\/DSC_0246.jpg","datePublished":"2018-11-09T10:38:49+00:00","dateModified":"2020-06-23T09:27:10+00:00","breadcrumb":{"@id":"https:\/\/presidentjosemontilla.cat\/es\/entrevista-a-jose-montilla-expresidente-de-la-generalitat-tenemos-mala-pieza-en-el-telar-por-haber-dejado-una-solucion-politica-en-manos-de-los-juezes\/#breadcrumb"},"inLanguage":"es","potentialAction":[{"@type":"ReadAction","target":["https:\/\/presidentjosemontilla.cat\/es\/entrevista-a-jose-montilla-expresidente-de-la-generalitat-tenemos-mala-pieza-en-el-telar-por-haber-dejado-una-solucion-politica-en-manos-de-los-juezes\/"]}]},{"@type":"ImageObject","inLanguage":"es","@id":"https:\/\/presidentjosemontilla.cat\/es\/entrevista-a-jose-montilla-expresidente-de-la-generalitat-tenemos-mala-pieza-en-el-telar-por-haber-dejado-una-solucion-politica-en-manos-de-los-juezes\/#primaryimage","url":"https:\/\/presidentjosemontilla.cat\/wp-content\/uploads\/2018\/11\/DSC_0246.jpg","contentUrl":"https:\/\/presidentjosemontilla.cat\/wp-content\/uploads\/2018\/11\/DSC_0246.jpg","width":3456,"height":2304},{"@type":"BreadcrumbList","@id":"https:\/\/presidentjosemontilla.cat\/es\/entrevista-a-jose-montilla-expresidente-de-la-generalitat-tenemos-mala-pieza-en-el-telar-por-haber-dejado-una-solucion-politica-en-manos-de-los-juezes\/#breadcrumb","itemListElement":[{"@type":"ListItem","position":1,"name":"Portada","item":"https:\/\/presidentjosemontilla.cat\/es\/"},{"@type":"ListItem","position":2,"name":"Entrevista a Jos\u00e9 Montilla, expresidente de la Generalitat: &#8220;Tenemos un problema por haber dejado una soluci\u00f3n pol\u00edtica en manos de los jueces&#8221;"}]},{"@type":"WebSite","@id":"https:\/\/presidentjosemontilla.cat\/es\/#website","url":"https:\/\/presidentjosemontilla.cat\/es\/","name":"President Jos\u00e9 Montilla","description":"Web del 128\u00e8 president de la Generalitat de Catalunya","publisher":{"@id":"https:\/\/presidentjosemontilla.cat\/es\/#organization"},"potentialAction":[{"@type":"SearchAction","target":{"@type":"EntryPoint","urlTemplate":"https:\/\/presidentjosemontilla.cat\/es\/?s={search_term_string}"},"query-input":{"@type":"PropertyValueSpecification","valueRequired":true,"valueName":"search_term_string"}}],"inLanguage":"es"},{"@type":"Organization","@id":"https:\/\/presidentjosemontilla.cat\/es\/#organization","name":"President Jos\u00e9 Montilla","url":"https:\/\/presidentjosemontilla.cat\/es\/","logo":{"@type":"ImageObject","inLanguage":"es","@id":"https:\/\/presidentjosemontilla.cat\/es\/#\/schema\/logo\/image\/","url":"https:\/\/presidentjosemontilla.cat\/wp-content\/uploads\/2019\/09\/logo2.png","contentUrl":"https:\/\/presidentjosemontilla.cat\/wp-content\/uploads\/2019\/09\/logo2.png","width":350,"height":60,"caption":"President Jos\u00e9 Montilla"},"image":{"@id":"https:\/\/presidentjosemontilla.cat\/es\/#\/schema\/logo\/image\/"}},{"@type":"Person","@id":"https:\/\/presidentjosemontilla.cat\/es\/#\/schema\/person\/f36cbd21c0ca240e3f825efdf1149484","name":"Oficina de Jos\u00e9 Montilla","image":{"@type":"ImageObject","inLanguage":"es","@id":"https:\/\/secure.gravatar.com\/avatar\/33c91c345935ef6b4b0dea373a0addb58d127dab8ae459c970458ce720d66dad?s=96&d=mm&r=g","url":"https:\/\/secure.gravatar.com\/avatar\/33c91c345935ef6b4b0dea373a0addb58d127dab8ae459c970458ce720d66dad?s=96&d=mm&r=g","contentUrl":"https:\/\/secure.gravatar.com\/avatar\/33c91c345935ef6b4b0dea373a0addb58d127dab8ae459c970458ce720d66dad?s=96&d=mm&r=g","caption":"Oficina de Jos\u00e9 Montilla"},"url":"https:\/\/presidentjosemontilla.cat\/es\/author\/oficina-jose-montilla\/"}]}},"_links":{"self":[{"href":"https:\/\/presidentjosemontilla.cat\/es\/wp-json\/wp\/v2\/posts\/1655","targetHints":{"allow":["GET"]}}],"collection":[{"href":"https:\/\/presidentjosemontilla.cat\/es\/wp-json\/wp\/v2\/posts"}],"about":[{"href":"https:\/\/presidentjosemontilla.cat\/es\/wp-json\/wp\/v2\/types\/post"}],"author":[{"embeddable":true,"href":"https:\/\/presidentjosemontilla.cat\/es\/wp-json\/wp\/v2\/users\/5"}],"replies":[{"embeddable":true,"href":"https:\/\/presidentjosemontilla.cat\/es\/wp-json\/wp\/v2\/comments?post=1655"}],"version-history":[{"count":2,"href":"https:\/\/presidentjosemontilla.cat\/es\/wp-json\/wp\/v2\/posts\/1655\/revisions"}],"predecessor-version":[{"id":4024,"href":"https:\/\/presidentjosemontilla.cat\/es\/wp-json\/wp\/v2\/posts\/1655\/revisions\/4024"}],"wp:featuredmedia":[{"embeddable":true,"href":"https:\/\/presidentjosemontilla.cat\/es\/wp-json\/wp\/v2\/media\/4945"}],"wp:attachment":[{"href":"https:\/\/presidentjosemontilla.cat\/es\/wp-json\/wp\/v2\/media?parent=1655"}],"wp:term":[{"taxonomy":"category","embeddable":true,"href":"https:\/\/presidentjosemontilla.cat\/es\/wp-json\/wp\/v2\/categories?post=1655"},{"taxonomy":"post_tag","embeddable":true,"href":"https:\/\/presidentjosemontilla.cat\/es\/wp-json\/wp\/v2\/tags?post=1655"},{"taxonomy":"post_series","embeddable":true,"href":"https:\/\/presidentjosemontilla.cat\/es\/wp-json\/wp\/v2\/post_series?post=1655"}],"curies":[{"name":"wp","href":"https:\/\/api.w.org\/{rel}","templated":true}]}}