{"id":1700,"date":"2019-09-09T10:27:46","date_gmt":"2019-09-09T10:27:46","guid":{"rendered":"http:\/\/presidentjosemontilla.cat\/es\/?p=1700"},"modified":"2020-09-15T12:09:06","modified_gmt":"2020-09-15T12:09:06","slug":"delcaracion-del-presidente-montilla-sobre-la-diada-nacional-2019","status":"publish","type":"post","link":"https:\/\/presidentjosemontilla.cat\/es\/delcaracion-del-presidente-montilla-sobre-la-diada-nacional-2019\/","title":{"rendered":"Declaraci\u00f3n del Presidente Montilla sobre la Diada Nacional 2019"},"content":{"rendered":"<p><strong>Diada Nacional de 2019<\/strong><\/p>\n<p>Siempre he pensado que la <strong>Diada Nacional tiene que ser uno de los s\u00edmbolos que contribuyan a expresar la unidad del pa\u00eds, en toda su pluralidad<\/strong>, alrededor de nuestras instituciones de autogobierno. Cuanto m\u00e1s se convierta en la expresi\u00f3n pol\u00edtica de una parte del pa\u00eds, menos lograr\u00e1 su car\u00e1cter de fiesta nacional del conjunto de hombres y mujeres que conforman la sociedad catalana. Creo que hay que hacer un mayor esfuerzo para <strong>evitar la devaluaci\u00f3n de este y de los otros s\u00edmbolos comunes: la senyera, la Generalitat y el Estatut.<\/strong><\/p>\n<p>Es evidente que hoy, como en los \u00faltimos a\u00f1os, la Diada est\u00e1 muy condicionada por los acontecimientos que se han producido en Catalunya impulsados por el propio Gobierno de la Generalitat y por quienes consideran que la \u00fanica f\u00f3rmula para mejorar nuestro autogobierno es la independencia.<\/p>\n<p>Tal vez sea ya el momento de <strong>reflexionar sobre el balance del \u201cproc\u00e9s\u201d<\/strong>: \u00bfqu\u00e9 mejoras ha producido para la sociedad catalana? \u00bfQue han sacado de provecho los ciudadanos y las ciudadanas de Catalunya? M\u00e1s all\u00e1 de los horizontes id\u00edlicos y las opciones ideol\u00f3gicas, leg\u00edtimas por otro lado, lo que tenemos son a\u00f1os de tensi\u00f3n, retroceso, divisi\u00f3n y sufrimientos personales, especialmente de aquellos que se encuentran en la prisi\u00f3n o lejos de sus familias como consecuencia de sus actos y de los acontecimientos que hemos vivido.<\/p>\n<p>Creo que hoy ya es una evidencia que <strong>el \u201cproc\u00e9s\u201d y las reacciones que este ha provocado no han aportado nada positivo para la sociedad catalana<\/strong>. No estamos mejor. Ni tenemos m\u00e1s y mejores competencias y recursos para las pol\u00edticas p\u00fablicas que el pa\u00eds necesita, ni la sociedad catalana est\u00e1 m\u00e1s cohesionada, ni los anhelos compartidos de un autogobierno m\u00e1s s\u00f3lido y eficaz se han abierto camino.<\/p>\n<p>Por el contrario, la nuestra es hoy una sociedad malhumorada, con m\u00e1s desconfianza y cuestionamiento hacia nuestras propias instituciones y con menos capacidad para ejercer un liderazgo en Espa\u00f1a y en Europa que en otros momentos s\u00ed hemos sabido desarrollar. <strong>Necesitamos recuperar la iniciativa y el tiempo perdido<\/strong>.<\/p>\n<p>En las pr\u00f3ximas semanas, adem\u00e1s, est\u00e1 previsto que el Tribunal Supremo haga p\u00fablica la sentencia sobre el juicio celebrado en relaci\u00f3n a los hechos de 2017. En una sociedad democr\u00e1tica como la nuestra hay que acatar las sentencias de los tribunales de justicia. De todos los tribunales y para todos los casos juzgados. Hay que hacerlo con respeto, aunque se pueden responder con cr\u00edticas y muestras de desacuerdo y, naturalmente, con los recursos legales que puedan corresponder.<\/p>\n<p><strong>El fracaso de la pol\u00edtica nos llev\u00f3 a la v\u00eda judicial<\/strong>. Las togas sustituyeron el debate y la iniciativa pol\u00edtica. Al d\u00eda siguiente de la sentencia, sea cual sea su contenido y su alcance, <strong>la pol\u00edtica tiene que recuperar su papel<\/strong>.<\/p>\n<p>Lo m\u00e1s \u00fatil ser\u00eda volver al di\u00e1logo, la negociaci\u00f3n y el pacto. Hoy esta negociaci\u00f3n es m\u00e1s dif\u00edcil, porque la desconfianza, el recelo y el sufrimiento generado pesan \u2013 y mucho \u2013 en todas las partes concernidas. Pero todo el mundo debe convencerse de que <strong>no hay otra v\u00eda que buscar un nuevo acuerdo para reforzar el autogobierno de Catalunya<\/strong> y los cambios necesarios en el ordenamiento constitucional.<\/p>\n<p>Catalunya ha demostrado a menudo su capacidad de pacto interior. Necesitamos un nuevo espacio de consenso nacional que facilite cambiar el rumbo. Nos mueve, a todos, nuestro compromiso con Catalunya, con su autogobierno y con la mejora del bienestar de la sociedad catalana. Sabiendo que para hacerlo no hay atajos.<\/p>\n<p>Mientras esto no se consiga, nos hace falta con urgencia <strong>que haya un gobierno efectivo<\/strong>, con un presupuesto, un programa y una agenda p\u00fablica adecuados para ocuparse de las cosas concretas del d\u00eda a d\u00eda. Un gobierno que prepare al pa\u00eds para los riesgos que tenemos en el horizonte. Una nueva recesi\u00f3n internacional especialmente en Europa, por ejemplo, no es una previsi\u00f3n osada.<\/p>\n<p>Catalunya necesita volver a tener peso en el funcionamiento de Espa\u00f1a. El \u201cnosotros solos\u201d puede ser emocionalmente una buena opci\u00f3n. Pero en t\u00e9rminos racionales es un inconveniente. Hemos perdido influencia, prestigio y reputaci\u00f3n.<\/p>\n<p>A Catalunya le conviene, igualmente, <strong>que haya gobierno en Espa\u00f1a<\/strong>. Un gobierno que entienda la situaci\u00f3n de Catalunya, la naturaleza de los problemas de nuestro autogobierno y las urgencias sociales, econ\u00f3micas y pol\u00edticas de nuestra sociedad. Ser\u00eda deseable que las fuerzas pol\u00edticas del pa\u00eds sucedieran actores constructivos en la soluci\u00f3n de los problemas de gobernanza que atraviesa Espa\u00f1a, porque la situaci\u00f3n de interinidad y de debilidad gubernativa nos perjudica a todos, tambi\u00e9n a los catalanes y las catalanas.<\/p>\n<p>Requerimos, ahora y de nuevo, actos de coraje. El primero, <strong>reconocer honestamente el fracaso de la v\u00eda escogida para defender un proyecto pol\u00edtico<\/strong>. Nunca m\u00e1s se puede caer en el error de creer que saltarse el marco jur\u00eddico es un buen camino. En segundo lugar, <strong>entender que el \u201cproc\u00e9s\u201d ha expresado un malestar basado en la existencia de problemas reales<\/strong> de nuestro autogobierno que, no tengo ninguna duda, <strong>tienen soluci\u00f3n en el marco democr\u00e1tico<\/strong>. Sin estos actos de coraje no lo superaremos.<\/p>\n<p>Finalmente, creo que hace falta que los responsables pol\u00edticos y todos quienes tengan capacidad de influir en la sociedad catalana se conjuren en la consecuci\u00f3n de un objetivo que todos compartimos: evitar que se consolide en Catalunya una sutil divisi\u00f3n entre dos bloques separados por la incomprensi\u00f3n y por la incompatibilidad de proyectos pol\u00edticos. Si no trabajamos para evitarlo, podemos perder el bien m\u00e1s preciado conseguido desde la recuperaci\u00f3n de la democracia: <strong>la unidad civil del pueblo de Catalunya, hoy ya gravemente afectada y cuestionada.<\/strong><\/p>\n<p>6 de septiembre de 2019<\/p>\n<p><strong>Jos\u00e9 Montilla Aguilera<\/strong><\/p>\n<p>Pod\u00e9is leer el documento <a href=\"http:\/\/presidentjosemontilla.cat\/wp-content\/uploads\/2019\/09\/diada-2019_cast.pdf\">Declaraci\u00f3n Diada Nacional 2019<\/a><\/p>\n","protected":false},"excerpt":{"rendered":"<p>Diada Nacional de 2019 Siempre he pensado que la Diada Nacional tiene que ser uno de los s\u00edmbolos que contribuyan a expresar la unidad del pa\u00eds, en toda su pluralidad, alrededor de nuestras instituciones de autogobierno. Cuanto m\u00e1s se convierta&hellip;<\/p>\n","protected":false},"author":5,"featured_media":1475,"comment_status":"closed","ping_status":"open","sticky":false,"template":"","format":"standard","meta":{"footnotes":""},"categories":[3,9,4],"tags":[277,19,206,97,274,88],"post_series":[],"class_list":["post-1700","post","type-post","status-publish","format-standard","has-post-thumbnail","hentry","category-actividad","category-declaraciones","category-opinion","tag-11-setembre","tag-catalunya","tag-diada-nacional-de-catalunya","tag-espana","tag-estatut","tag-presidente-montilla","entry","has-media"],"yoast_head":"<!-- This site is optimized with the Yoast SEO plugin v27.5 - https:\/\/yoast.com\/product\/yoast-seo-wordpress\/ -->\n<title>Declaraci\u00f3n del Presidente Montilla sobre la Diada Nacional 2019 - President Jos\u00e9 Montilla<\/title>\n<meta name=\"robots\" content=\"index, follow, max-snippet:-1, max-image-preview:large, max-video-preview:-1\" \/>\n<link rel=\"canonical\" href=\"https:\/\/presidentjosemontilla.cat\/es\/delcaracion-del-presidente-montilla-sobre-la-diada-nacional-2019\/\" \/>\n<meta property=\"og:locale\" content=\"es_ES\" \/>\n<meta property=\"og:type\" content=\"article\" \/>\n<meta property=\"og:title\" content=\"Declaraci\u00f3n del Presidente Montilla sobre la Diada Nacional 2019 - President Jos\u00e9 Montilla\" \/>\n<meta property=\"og:description\" content=\"Diada Nacional de 2019 Siempre he pensado que la Diada Nacional tiene que ser uno de los s\u00edmbolos que contribuyan a expresar la unidad del pa\u00eds, en toda su pluralidad, alrededor de nuestras instituciones de autogobierno. Cuanto m\u00e1s se convierta&hellip;\" \/>\n<meta property=\"og:url\" content=\"https:\/\/presidentjosemontilla.cat\/es\/delcaracion-del-presidente-montilla-sobre-la-diada-nacional-2019\/\" \/>\n<meta property=\"og:site_name\" content=\"President Jos\u00e9 Montilla\" \/>\n<meta property=\"article:published_time\" content=\"2019-09-09T10:27:46+00:00\" \/>\n<meta property=\"article:modified_time\" content=\"2020-09-15T12:09:06+00:00\" \/>\n<meta property=\"og:image\" content=\"https:\/\/presidentjosemontilla.cat\/wp-content\/uploads\/2017\/09\/diada2017-2.jpg\" \/>\n\t<meta property=\"og:image:width\" content=\"262\" \/>\n\t<meta property=\"og:image:height\" content=\"300\" \/>\n\t<meta property=\"og:image:type\" content=\"image\/jpeg\" \/>\n<meta name=\"author\" content=\"Oficina de Jos\u00e9 Montilla\" \/>\n<meta name=\"twitter:card\" content=\"summary_large_image\" \/>\n<meta name=\"twitter:label1\" content=\"Escrito por\" \/>\n\t<meta name=\"twitter:data1\" content=\"Oficina de Jos\u00e9 Montilla\" \/>\n\t<meta name=\"twitter:label2\" content=\"Tiempo de lectura\" \/>\n\t<meta name=\"twitter:data2\" content=\"5 minutos\" \/>\n<script type=\"application\/ld+json\" class=\"yoast-schema-graph\">{\"@context\":\"https:\\\/\\\/schema.org\",\"@graph\":[{\"@type\":\"Article\",\"@id\":\"https:\\\/\\\/presidentjosemontilla.cat\\\/es\\\/delcaracion-del-presidente-montilla-sobre-la-diada-nacional-2019\\\/#article\",\"isPartOf\":{\"@id\":\"https:\\\/\\\/presidentjosemontilla.cat\\\/es\\\/delcaracion-del-presidente-montilla-sobre-la-diada-nacional-2019\\\/\"},\"author\":{\"name\":\"Oficina de Jos\u00e9 Montilla\",\"@id\":\"https:\\\/\\\/presidentjosemontilla.cat\\\/es\\\/#\\\/schema\\\/person\\\/f36cbd21c0ca240e3f825efdf1149484\"},\"headline\":\"Declaraci\u00f3n del Presidente Montilla sobre la Diada Nacional 2019\",\"datePublished\":\"2019-09-09T10:27:46+00:00\",\"dateModified\":\"2020-09-15T12:09:06+00:00\",\"mainEntityOfPage\":{\"@id\":\"https:\\\/\\\/presidentjosemontilla.cat\\\/es\\\/delcaracion-del-presidente-montilla-sobre-la-diada-nacional-2019\\\/\"},\"wordCount\":1021,\"publisher\":{\"@id\":\"https:\\\/\\\/presidentjosemontilla.cat\\\/es\\\/#organization\"},\"image\":{\"@id\":\"https:\\\/\\\/presidentjosemontilla.cat\\\/es\\\/delcaracion-del-presidente-montilla-sobre-la-diada-nacional-2019\\\/#primaryimage\"},\"thumbnailUrl\":\"https:\\\/\\\/presidentjosemontilla.cat\\\/wp-content\\\/uploads\\\/2017\\\/09\\\/diada2017-2.jpg\",\"keywords\":[\"11 setembre\",\"Catalunya\",\"Diada Nacional de Catalunya\",\"Espa\u00f1a\",\"Estatut\",\"Presidente Montilla\"],\"articleSection\":[\"Actividad\",\"Declaraciones\",\"Opini\u00f3n\"],\"inLanguage\":\"es\"},{\"@type\":\"WebPage\",\"@id\":\"https:\\\/\\\/presidentjosemontilla.cat\\\/es\\\/delcaracion-del-presidente-montilla-sobre-la-diada-nacional-2019\\\/\",\"url\":\"https:\\\/\\\/presidentjosemontilla.cat\\\/es\\\/delcaracion-del-presidente-montilla-sobre-la-diada-nacional-2019\\\/\",\"name\":\"Declaraci\u00f3n del Presidente Montilla sobre la Diada Nacional 2019 - President Jos\u00e9 Montilla\",\"isPartOf\":{\"@id\":\"https:\\\/\\\/presidentjosemontilla.cat\\\/es\\\/#website\"},\"primaryImageOfPage\":{\"@id\":\"https:\\\/\\\/presidentjosemontilla.cat\\\/es\\\/delcaracion-del-presidente-montilla-sobre-la-diada-nacional-2019\\\/#primaryimage\"},\"image\":{\"@id\":\"https:\\\/\\\/presidentjosemontilla.cat\\\/es\\\/delcaracion-del-presidente-montilla-sobre-la-diada-nacional-2019\\\/#primaryimage\"},\"thumbnailUrl\":\"https:\\\/\\\/presidentjosemontilla.cat\\\/wp-content\\\/uploads\\\/2017\\\/09\\\/diada2017-2.jpg\",\"datePublished\":\"2019-09-09T10:27:46+00:00\",\"dateModified\":\"2020-09-15T12:09:06+00:00\",\"breadcrumb\":{\"@id\":\"https:\\\/\\\/presidentjosemontilla.cat\\\/es\\\/delcaracion-del-presidente-montilla-sobre-la-diada-nacional-2019\\\/#breadcrumb\"},\"inLanguage\":\"es\",\"potentialAction\":[{\"@type\":\"ReadAction\",\"target\":[\"https:\\\/\\\/presidentjosemontilla.cat\\\/es\\\/delcaracion-del-presidente-montilla-sobre-la-diada-nacional-2019\\\/\"]}]},{\"@type\":\"ImageObject\",\"inLanguage\":\"es\",\"@id\":\"https:\\\/\\\/presidentjosemontilla.cat\\\/es\\\/delcaracion-del-presidente-montilla-sobre-la-diada-nacional-2019\\\/#primaryimage\",\"url\":\"https:\\\/\\\/presidentjosemontilla.cat\\\/wp-content\\\/uploads\\\/2017\\\/09\\\/diada2017-2.jpg\",\"contentUrl\":\"https:\\\/\\\/presidentjosemontilla.cat\\\/wp-content\\\/uploads\\\/2017\\\/09\\\/diada2017-2.jpg\",\"width\":262,\"height\":300},{\"@type\":\"BreadcrumbList\",\"@id\":\"https:\\\/\\\/presidentjosemontilla.cat\\\/es\\\/delcaracion-del-presidente-montilla-sobre-la-diada-nacional-2019\\\/#breadcrumb\",\"itemListElement\":[{\"@type\":\"ListItem\",\"position\":1,\"name\":\"Portada\",\"item\":\"https:\\\/\\\/presidentjosemontilla.cat\\\/es\\\/\"},{\"@type\":\"ListItem\",\"position\":2,\"name\":\"Declaraci\u00f3n del Presidente Montilla sobre la Diada Nacional 2019\"}]},{\"@type\":\"WebSite\",\"@id\":\"https:\\\/\\\/presidentjosemontilla.cat\\\/es\\\/#website\",\"url\":\"https:\\\/\\\/presidentjosemontilla.cat\\\/es\\\/\",\"name\":\"President Jos\u00e9 Montilla\",\"description\":\"Web del 128\u00e8 president de la Generalitat de Catalunya\",\"publisher\":{\"@id\":\"https:\\\/\\\/presidentjosemontilla.cat\\\/es\\\/#organization\"},\"potentialAction\":[{\"@type\":\"SearchAction\",\"target\":{\"@type\":\"EntryPoint\",\"urlTemplate\":\"https:\\\/\\\/presidentjosemontilla.cat\\\/es\\\/?s={search_term_string}\"},\"query-input\":{\"@type\":\"PropertyValueSpecification\",\"valueRequired\":true,\"valueName\":\"search_term_string\"}}],\"inLanguage\":\"es\"},{\"@type\":\"Organization\",\"@id\":\"https:\\\/\\\/presidentjosemontilla.cat\\\/es\\\/#organization\",\"name\":\"President Jos\u00e9 Montilla\",\"url\":\"https:\\\/\\\/presidentjosemontilla.cat\\\/es\\\/\",\"logo\":{\"@type\":\"ImageObject\",\"inLanguage\":\"es\",\"@id\":\"https:\\\/\\\/presidentjosemontilla.cat\\\/es\\\/#\\\/schema\\\/logo\\\/image\\\/\",\"url\":\"https:\\\/\\\/presidentjosemontilla.cat\\\/wp-content\\\/uploads\\\/2019\\\/09\\\/logo2.png\",\"contentUrl\":\"https:\\\/\\\/presidentjosemontilla.cat\\\/wp-content\\\/uploads\\\/2019\\\/09\\\/logo2.png\",\"width\":350,\"height\":60,\"caption\":\"President Jos\u00e9 Montilla\"},\"image\":{\"@id\":\"https:\\\/\\\/presidentjosemontilla.cat\\\/es\\\/#\\\/schema\\\/logo\\\/image\\\/\"}},{\"@type\":\"Person\",\"@id\":\"https:\\\/\\\/presidentjosemontilla.cat\\\/es\\\/#\\\/schema\\\/person\\\/f36cbd21c0ca240e3f825efdf1149484\",\"name\":\"Oficina de Jos\u00e9 Montilla\",\"image\":{\"@type\":\"ImageObject\",\"inLanguage\":\"es\",\"@id\":\"https:\\\/\\\/secure.gravatar.com\\\/avatar\\\/33c91c345935ef6b4b0dea373a0addb58d127dab8ae459c970458ce720d66dad?s=96&d=mm&r=g\",\"url\":\"https:\\\/\\\/secure.gravatar.com\\\/avatar\\\/33c91c345935ef6b4b0dea373a0addb58d127dab8ae459c970458ce720d66dad?s=96&d=mm&r=g\",\"contentUrl\":\"https:\\\/\\\/secure.gravatar.com\\\/avatar\\\/33c91c345935ef6b4b0dea373a0addb58d127dab8ae459c970458ce720d66dad?s=96&d=mm&r=g\",\"caption\":\"Oficina de Jos\u00e9 Montilla\"},\"url\":\"https:\\\/\\\/presidentjosemontilla.cat\\\/es\\\/author\\\/oficina-jose-montilla\\\/\"}]}<\/script>\n<!-- \/ Yoast SEO plugin. -->","yoast_head_json":{"title":"Declaraci\u00f3n del Presidente Montilla sobre la Diada Nacional 2019 - President Jos\u00e9 Montilla","robots":{"index":"index","follow":"follow","max-snippet":"max-snippet:-1","max-image-preview":"max-image-preview:large","max-video-preview":"max-video-preview:-1"},"canonical":"https:\/\/presidentjosemontilla.cat\/es\/delcaracion-del-presidente-montilla-sobre-la-diada-nacional-2019\/","og_locale":"es_ES","og_type":"article","og_title":"Declaraci\u00f3n del Presidente Montilla sobre la Diada Nacional 2019 - President Jos\u00e9 Montilla","og_description":"Diada Nacional de 2019 Siempre he pensado que la Diada Nacional tiene que ser uno de los s\u00edmbolos que contribuyan a expresar la unidad del pa\u00eds, en toda su pluralidad, alrededor de nuestras instituciones de autogobierno. Cuanto m\u00e1s se convierta&hellip;","og_url":"https:\/\/presidentjosemontilla.cat\/es\/delcaracion-del-presidente-montilla-sobre-la-diada-nacional-2019\/","og_site_name":"President Jos\u00e9 Montilla","article_published_time":"2019-09-09T10:27:46+00:00","article_modified_time":"2020-09-15T12:09:06+00:00","og_image":[{"width":262,"height":300,"url":"https:\/\/presidentjosemontilla.cat\/wp-content\/uploads\/2017\/09\/diada2017-2.jpg","type":"image\/jpeg"}],"author":"Oficina de Jos\u00e9 Montilla","twitter_card":"summary_large_image","twitter_misc":{"Escrito por":"Oficina de Jos\u00e9 Montilla","Tiempo de lectura":"5 minutos"},"schema":{"@context":"https:\/\/schema.org","@graph":[{"@type":"Article","@id":"https:\/\/presidentjosemontilla.cat\/es\/delcaracion-del-presidente-montilla-sobre-la-diada-nacional-2019\/#article","isPartOf":{"@id":"https:\/\/presidentjosemontilla.cat\/es\/delcaracion-del-presidente-montilla-sobre-la-diada-nacional-2019\/"},"author":{"name":"Oficina de Jos\u00e9 Montilla","@id":"https:\/\/presidentjosemontilla.cat\/es\/#\/schema\/person\/f36cbd21c0ca240e3f825efdf1149484"},"headline":"Declaraci\u00f3n del Presidente Montilla sobre la Diada Nacional 2019","datePublished":"2019-09-09T10:27:46+00:00","dateModified":"2020-09-15T12:09:06+00:00","mainEntityOfPage":{"@id":"https:\/\/presidentjosemontilla.cat\/es\/delcaracion-del-presidente-montilla-sobre-la-diada-nacional-2019\/"},"wordCount":1021,"publisher":{"@id":"https:\/\/presidentjosemontilla.cat\/es\/#organization"},"image":{"@id":"https:\/\/presidentjosemontilla.cat\/es\/delcaracion-del-presidente-montilla-sobre-la-diada-nacional-2019\/#primaryimage"},"thumbnailUrl":"https:\/\/presidentjosemontilla.cat\/wp-content\/uploads\/2017\/09\/diada2017-2.jpg","keywords":["11 setembre","Catalunya","Diada Nacional de Catalunya","Espa\u00f1a","Estatut","Presidente Montilla"],"articleSection":["Actividad","Declaraciones","Opini\u00f3n"],"inLanguage":"es"},{"@type":"WebPage","@id":"https:\/\/presidentjosemontilla.cat\/es\/delcaracion-del-presidente-montilla-sobre-la-diada-nacional-2019\/","url":"https:\/\/presidentjosemontilla.cat\/es\/delcaracion-del-presidente-montilla-sobre-la-diada-nacional-2019\/","name":"Declaraci\u00f3n del Presidente Montilla sobre la Diada Nacional 2019 - President Jos\u00e9 Montilla","isPartOf":{"@id":"https:\/\/presidentjosemontilla.cat\/es\/#website"},"primaryImageOfPage":{"@id":"https:\/\/presidentjosemontilla.cat\/es\/delcaracion-del-presidente-montilla-sobre-la-diada-nacional-2019\/#primaryimage"},"image":{"@id":"https:\/\/presidentjosemontilla.cat\/es\/delcaracion-del-presidente-montilla-sobre-la-diada-nacional-2019\/#primaryimage"},"thumbnailUrl":"https:\/\/presidentjosemontilla.cat\/wp-content\/uploads\/2017\/09\/diada2017-2.jpg","datePublished":"2019-09-09T10:27:46+00:00","dateModified":"2020-09-15T12:09:06+00:00","breadcrumb":{"@id":"https:\/\/presidentjosemontilla.cat\/es\/delcaracion-del-presidente-montilla-sobre-la-diada-nacional-2019\/#breadcrumb"},"inLanguage":"es","potentialAction":[{"@type":"ReadAction","target":["https:\/\/presidentjosemontilla.cat\/es\/delcaracion-del-presidente-montilla-sobre-la-diada-nacional-2019\/"]}]},{"@type":"ImageObject","inLanguage":"es","@id":"https:\/\/presidentjosemontilla.cat\/es\/delcaracion-del-presidente-montilla-sobre-la-diada-nacional-2019\/#primaryimage","url":"https:\/\/presidentjosemontilla.cat\/wp-content\/uploads\/2017\/09\/diada2017-2.jpg","contentUrl":"https:\/\/presidentjosemontilla.cat\/wp-content\/uploads\/2017\/09\/diada2017-2.jpg","width":262,"height":300},{"@type":"BreadcrumbList","@id":"https:\/\/presidentjosemontilla.cat\/es\/delcaracion-del-presidente-montilla-sobre-la-diada-nacional-2019\/#breadcrumb","itemListElement":[{"@type":"ListItem","position":1,"name":"Portada","item":"https:\/\/presidentjosemontilla.cat\/es\/"},{"@type":"ListItem","position":2,"name":"Declaraci\u00f3n del Presidente Montilla sobre la Diada Nacional 2019"}]},{"@type":"WebSite","@id":"https:\/\/presidentjosemontilla.cat\/es\/#website","url":"https:\/\/presidentjosemontilla.cat\/es\/","name":"President Jos\u00e9 Montilla","description":"Web del 128\u00e8 president de la Generalitat de Catalunya","publisher":{"@id":"https:\/\/presidentjosemontilla.cat\/es\/#organization"},"potentialAction":[{"@type":"SearchAction","target":{"@type":"EntryPoint","urlTemplate":"https:\/\/presidentjosemontilla.cat\/es\/?s={search_term_string}"},"query-input":{"@type":"PropertyValueSpecification","valueRequired":true,"valueName":"search_term_string"}}],"inLanguage":"es"},{"@type":"Organization","@id":"https:\/\/presidentjosemontilla.cat\/es\/#organization","name":"President Jos\u00e9 Montilla","url":"https:\/\/presidentjosemontilla.cat\/es\/","logo":{"@type":"ImageObject","inLanguage":"es","@id":"https:\/\/presidentjosemontilla.cat\/es\/#\/schema\/logo\/image\/","url":"https:\/\/presidentjosemontilla.cat\/wp-content\/uploads\/2019\/09\/logo2.png","contentUrl":"https:\/\/presidentjosemontilla.cat\/wp-content\/uploads\/2019\/09\/logo2.png","width":350,"height":60,"caption":"President Jos\u00e9 Montilla"},"image":{"@id":"https:\/\/presidentjosemontilla.cat\/es\/#\/schema\/logo\/image\/"}},{"@type":"Person","@id":"https:\/\/presidentjosemontilla.cat\/es\/#\/schema\/person\/f36cbd21c0ca240e3f825efdf1149484","name":"Oficina de Jos\u00e9 Montilla","image":{"@type":"ImageObject","inLanguage":"es","@id":"https:\/\/secure.gravatar.com\/avatar\/33c91c345935ef6b4b0dea373a0addb58d127dab8ae459c970458ce720d66dad?s=96&d=mm&r=g","url":"https:\/\/secure.gravatar.com\/avatar\/33c91c345935ef6b4b0dea373a0addb58d127dab8ae459c970458ce720d66dad?s=96&d=mm&r=g","contentUrl":"https:\/\/secure.gravatar.com\/avatar\/33c91c345935ef6b4b0dea373a0addb58d127dab8ae459c970458ce720d66dad?s=96&d=mm&r=g","caption":"Oficina de Jos\u00e9 Montilla"},"url":"https:\/\/presidentjosemontilla.cat\/es\/author\/oficina-jose-montilla\/"}]}},"_links":{"self":[{"href":"https:\/\/presidentjosemontilla.cat\/es\/wp-json\/wp\/v2\/posts\/1700","targetHints":{"allow":["GET"]}}],"collection":[{"href":"https:\/\/presidentjosemontilla.cat\/es\/wp-json\/wp\/v2\/posts"}],"about":[{"href":"https:\/\/presidentjosemontilla.cat\/es\/wp-json\/wp\/v2\/types\/post"}],"author":[{"embeddable":true,"href":"https:\/\/presidentjosemontilla.cat\/es\/wp-json\/wp\/v2\/users\/5"}],"replies":[{"embeddable":true,"href":"https:\/\/presidentjosemontilla.cat\/es\/wp-json\/wp\/v2\/comments?post=1700"}],"version-history":[{"count":4,"href":"https:\/\/presidentjosemontilla.cat\/es\/wp-json\/wp\/v2\/posts\/1700\/revisions"}],"predecessor-version":[{"id":5482,"href":"https:\/\/presidentjosemontilla.cat\/es\/wp-json\/wp\/v2\/posts\/1700\/revisions\/5482"}],"wp:featuredmedia":[{"embeddable":true,"href":"https:\/\/presidentjosemontilla.cat\/es\/wp-json\/wp\/v2\/media\/1475"}],"wp:attachment":[{"href":"https:\/\/presidentjosemontilla.cat\/es\/wp-json\/wp\/v2\/media?parent=1700"}],"wp:term":[{"taxonomy":"category","embeddable":true,"href":"https:\/\/presidentjosemontilla.cat\/es\/wp-json\/wp\/v2\/categories?post=1700"},{"taxonomy":"post_tag","embeddable":true,"href":"https:\/\/presidentjosemontilla.cat\/es\/wp-json\/wp\/v2\/tags?post=1700"},{"taxonomy":"post_series","embeddable":true,"href":"https:\/\/presidentjosemontilla.cat\/es\/wp-json\/wp\/v2\/post_series?post=1700"}],"curies":[{"name":"wp","href":"https:\/\/api.w.org\/{rel}","templated":true}]}}