{"id":4311,"date":"2019-11-22T14:02:33","date_gmt":"2019-11-22T14:02:33","guid":{"rendered":"http:\/\/presidentjosemontilla.cat\/?p=4311"},"modified":"2019-11-22T14:02:33","modified_gmt":"2019-11-22T14:02:33","slug":"la-revolucion-digital-es-una-de-les-urgencias-de-catalunya","status":"publish","type":"post","link":"https:\/\/presidentjosemontilla.cat\/es\/la-revolucion-digital-es-una-de-les-urgencias-de-catalunya\/","title":{"rendered":"La revoluci\u00f3n digital es una de les urgencias de Catalunya"},"content":{"rendered":"<p>\u00abEl futuro del trabajo est\u00e1 aqu\u00ed\u00bb. As\u00ed ha denominado la <a class=\"profileLink\" href=\"https:\/\/fcampalans.cat\/activitats_detall.php?idact=1426\" target=\"_blank\" rel=\"noopener noreferrer\" data-hovercard=\"\/ajax\/hovercard\/page.php?id=343482749173992&amp;extragetparams=%7B%22__tn__%22%3A%22%2CdK-R-R%22%2C%22eid%22%3A%22ARDSJ1SJaZiL8QE_aXHtRkqNnMoMQdA5r_C6ZRFJy7I-07LErJXvmtisE8YMXMx0OHypeeOqn-kiseP8%22%2C%22fref%22%3A%22mentions%22%7D\" data-hovercard-prefer-more-content-show=\"1\">Fundaci\u00f3 Rafael Campalans<\/a> su seminario sobre los cambios derivados de la rob\u00f3tica, la digitalizaci\u00f3n y la inteligencia artificial. He participado en la sesi\u00f3n inaugural juntamente con los compa\u00f1eros de la <a class=\"profileLink\" href=\"https:\/\/www.feps-europe.eu\/\" target=\"_blank\" rel=\"noopener noreferrer\" data-hovercard=\"\/ajax\/hovercard\/page.php?id=178074824775&amp;extragetparams=%7B%22__tn__%22%3A%22%2CdK-R-R%22%2C%22eid%22%3A%22ARCC_M-T7NfuYBdN9zp_kKnL3HCIjFP1g9sfQC5FmrEhvNjFQCg5ymzeebDjfdLsz21wfibKl6mft_mG%22%2C%22fref%22%3A%22mentions%22%7D\" data-hovercard-prefer-more-content-show=\"1\">FEPS<\/a> que han colaborade en la iniciativa. La clave es hacer compatible la transformaci\u00f3n digital con la lucha, siempre, contra las desigualdades y a favor de la cohesi\u00f3n social.<\/p>\n<p>Pod\u00e9is leer mi intervenci\u00f3n <strong><a href=\"http:\/\/presidentjosemontilla.cat\/wp-content\/uploads\/2019\/11\/El-futur-del-treball-003-cast.pdf\" target=\"_blank\" rel=\"noopener noreferrer\">aqu\u00ed<\/a><\/strong>.<\/p>\n<p>&nbsp;<\/p>\n","protected":false},"excerpt":{"rendered":"<p>\u00abEl futuro del trabajo est\u00e1 aqu\u00ed\u00bb. As\u00ed ha denominado la Fundaci\u00f3 Rafael Campalans su seminario sobre los cambios derivados de la rob\u00f3tica, la digitalizaci\u00f3n y la inteligencia artificial. He participado en la sesi\u00f3n inaugural juntamente con los compa\u00f1eros de la&hellip;<\/p>\n","protected":false},"author":5,"featured_media":4313,"comment_status":"open","ping_status":"open","sticky":false,"template":"","format":"standard","meta":{"footnotes":""},"categories":[3,8],"tags":[976,978,113,974],"post_series":[],"class_list":["post-4311","post","type-post","status-publish","format-standard","has-post-thumbnail","hentry","category-actividad","category-textos-es","tag-automatizacion","tag-desigualdades","tag-fundacion-campalans","tag-trabajo","entry","has-media"],"yoast_head":"<!-- This site is optimized with the Yoast SEO plugin v27.5 - https:\/\/yoast.com\/product\/yoast-seo-wordpress\/ -->\n<title>La revoluci\u00f3n digital es una de les urgencias de Catalunya - President Jos\u00e9 Montilla<\/title>\n<meta name=\"robots\" content=\"index, follow, max-snippet:-1, max-image-preview:large, max-video-preview:-1\" \/>\n<link rel=\"canonical\" href=\"https:\/\/presidentjosemontilla.cat\/es\/la-revolucion-digital-es-una-de-les-urgencias-de-catalunya\/\" \/>\n<meta property=\"og:locale\" content=\"es_ES\" \/>\n<meta property=\"og:type\" content=\"article\" \/>\n<meta property=\"og:title\" content=\"La revoluci\u00f3n digital es una de les urgencias de Catalunya - President Jos\u00e9 Montilla\" \/>\n<meta property=\"og:description\" content=\"\u00abEl futuro del trabajo est\u00e1 aqu\u00ed\u00bb. As\u00ed ha denominado la Fundaci\u00f3 Rafael Campalans su seminario sobre los cambios derivados de la rob\u00f3tica, la digitalizaci\u00f3n y la inteligencia artificial. He participado en la sesi\u00f3n inaugural juntamente con los compa\u00f1eros de la&hellip;\" \/>\n<meta property=\"og:url\" content=\"https:\/\/presidentjosemontilla.cat\/es\/la-revolucion-digital-es-una-de-les-urgencias-de-catalunya\/\" \/>\n<meta property=\"og:site_name\" content=\"President Jos\u00e9 Montilla\" \/>\n<meta property=\"article:published_time\" content=\"2019-11-22T14:02:33+00:00\" \/>\n<meta property=\"og:image\" content=\"https:\/\/presidentjosemontilla.cat\/wp-content\/uploads\/2019\/11\/WhatsApp-Image-2019-11-22-at-09.34.20-1.jpeg\" \/>\n\t<meta property=\"og:image:width\" content=\"1512\" \/>\n\t<meta property=\"og:image:height\" content=\"2016\" \/>\n\t<meta property=\"og:image:type\" content=\"image\/jpeg\" \/>\n<meta name=\"author\" content=\"Oficina de Jos\u00e9 Montilla\" \/>\n<meta name=\"twitter:card\" content=\"summary_large_image\" \/>\n<meta name=\"twitter:label1\" content=\"Escrito por\" \/>\n\t<meta name=\"twitter:data1\" content=\"Oficina de Jos\u00e9 Montilla\" \/>\n<script type=\"application\/ld+json\" class=\"yoast-schema-graph\">{\"@context\":\"https:\\\/\\\/schema.org\",\"@graph\":[{\"@type\":\"Article\",\"@id\":\"https:\\\/\\\/presidentjosemontilla.cat\\\/es\\\/la-revolucion-digital-es-una-de-les-urgencias-de-catalunya\\\/#article\",\"isPartOf\":{\"@id\":\"https:\\\/\\\/presidentjosemontilla.cat\\\/es\\\/la-revolucion-digital-es-una-de-les-urgencias-de-catalunya\\\/\"},\"author\":{\"name\":\"Oficina de Jos\u00e9 Montilla\",\"@id\":\"https:\\\/\\\/presidentjosemontilla.cat\\\/es\\\/#\\\/schema\\\/person\\\/f36cbd21c0ca240e3f825efdf1149484\"},\"headline\":\"La revoluci\u00f3n digital es una de les urgencias de Catalunya\",\"datePublished\":\"2019-11-22T14:02:33+00:00\",\"mainEntityOfPage\":{\"@id\":\"https:\\\/\\\/presidentjosemontilla.cat\\\/es\\\/la-revolucion-digital-es-una-de-les-urgencias-de-catalunya\\\/\"},\"wordCount\":94,\"commentCount\":0,\"publisher\":{\"@id\":\"https:\\\/\\\/presidentjosemontilla.cat\\\/es\\\/#organization\"},\"image\":{\"@id\":\"https:\\\/\\\/presidentjosemontilla.cat\\\/es\\\/la-revolucion-digital-es-una-de-les-urgencias-de-catalunya\\\/#primaryimage\"},\"thumbnailUrl\":\"https:\\\/\\\/presidentjosemontilla.cat\\\/wp-content\\\/uploads\\\/2019\\\/11\\\/WhatsApp-Image-2019-11-22-at-09.34.20-1.jpeg\",\"keywords\":[\"Automatizaci\u00f3n\",\"Desigualdades\",\"Fundaci\u00f3n Campalans\",\"Trabajo\"],\"articleSection\":[\"Actividad\",\"Textos\"],\"inLanguage\":\"es\",\"potentialAction\":[{\"@type\":\"CommentAction\",\"name\":\"Comment\",\"target\":[\"https:\\\/\\\/presidentjosemontilla.cat\\\/es\\\/la-revolucion-digital-es-una-de-les-urgencias-de-catalunya\\\/#respond\"]}]},{\"@type\":\"WebPage\",\"@id\":\"https:\\\/\\\/presidentjosemontilla.cat\\\/es\\\/la-revolucion-digital-es-una-de-les-urgencias-de-catalunya\\\/\",\"url\":\"https:\\\/\\\/presidentjosemontilla.cat\\\/es\\\/la-revolucion-digital-es-una-de-les-urgencias-de-catalunya\\\/\",\"name\":\"La revoluci\u00f3n digital es una de les urgencias de Catalunya - President Jos\u00e9 Montilla\",\"isPartOf\":{\"@id\":\"https:\\\/\\\/presidentjosemontilla.cat\\\/es\\\/#website\"},\"primaryImageOfPage\":{\"@id\":\"https:\\\/\\\/presidentjosemontilla.cat\\\/es\\\/la-revolucion-digital-es-una-de-les-urgencias-de-catalunya\\\/#primaryimage\"},\"image\":{\"@id\":\"https:\\\/\\\/presidentjosemontilla.cat\\\/es\\\/la-revolucion-digital-es-una-de-les-urgencias-de-catalunya\\\/#primaryimage\"},\"thumbnailUrl\":\"https:\\\/\\\/presidentjosemontilla.cat\\\/wp-content\\\/uploads\\\/2019\\\/11\\\/WhatsApp-Image-2019-11-22-at-09.34.20-1.jpeg\",\"datePublished\":\"2019-11-22T14:02:33+00:00\",\"breadcrumb\":{\"@id\":\"https:\\\/\\\/presidentjosemontilla.cat\\\/es\\\/la-revolucion-digital-es-una-de-les-urgencias-de-catalunya\\\/#breadcrumb\"},\"inLanguage\":\"es\",\"potentialAction\":[{\"@type\":\"ReadAction\",\"target\":[\"https:\\\/\\\/presidentjosemontilla.cat\\\/es\\\/la-revolucion-digital-es-una-de-les-urgencias-de-catalunya\\\/\"]}]},{\"@type\":\"ImageObject\",\"inLanguage\":\"es\",\"@id\":\"https:\\\/\\\/presidentjosemontilla.cat\\\/es\\\/la-revolucion-digital-es-una-de-les-urgencias-de-catalunya\\\/#primaryimage\",\"url\":\"https:\\\/\\\/presidentjosemontilla.cat\\\/wp-content\\\/uploads\\\/2019\\\/11\\\/WhatsApp-Image-2019-11-22-at-09.34.20-1.jpeg\",\"contentUrl\":\"https:\\\/\\\/presidentjosemontilla.cat\\\/wp-content\\\/uploads\\\/2019\\\/11\\\/WhatsApp-Image-2019-11-22-at-09.34.20-1.jpeg\",\"width\":1512,\"height\":2016},{\"@type\":\"BreadcrumbList\",\"@id\":\"https:\\\/\\\/presidentjosemontilla.cat\\\/es\\\/la-revolucion-digital-es-una-de-les-urgencias-de-catalunya\\\/#breadcrumb\",\"itemListElement\":[{\"@type\":\"ListItem\",\"position\":1,\"name\":\"Portada\",\"item\":\"https:\\\/\\\/presidentjosemontilla.cat\\\/es\\\/\"},{\"@type\":\"ListItem\",\"position\":2,\"name\":\"La revoluci\u00f3n digital es una de les urgencias de Catalunya\"}]},{\"@type\":\"WebSite\",\"@id\":\"https:\\\/\\\/presidentjosemontilla.cat\\\/es\\\/#website\",\"url\":\"https:\\\/\\\/presidentjosemontilla.cat\\\/es\\\/\",\"name\":\"President Jos\u00e9 Montilla\",\"description\":\"Web del 128\u00e8 president de la Generalitat de Catalunya\",\"publisher\":{\"@id\":\"https:\\\/\\\/presidentjosemontilla.cat\\\/es\\\/#organization\"},\"potentialAction\":[{\"@type\":\"SearchAction\",\"target\":{\"@type\":\"EntryPoint\",\"urlTemplate\":\"https:\\\/\\\/presidentjosemontilla.cat\\\/es\\\/?s={search_term_string}\"},\"query-input\":{\"@type\":\"PropertyValueSpecification\",\"valueRequired\":true,\"valueName\":\"search_term_string\"}}],\"inLanguage\":\"es\"},{\"@type\":\"Organization\",\"@id\":\"https:\\\/\\\/presidentjosemontilla.cat\\\/es\\\/#organization\",\"name\":\"President Jos\u00e9 Montilla\",\"url\":\"https:\\\/\\\/presidentjosemontilla.cat\\\/es\\\/\",\"logo\":{\"@type\":\"ImageObject\",\"inLanguage\":\"es\",\"@id\":\"https:\\\/\\\/presidentjosemontilla.cat\\\/es\\\/#\\\/schema\\\/logo\\\/image\\\/\",\"url\":\"https:\\\/\\\/presidentjosemontilla.cat\\\/wp-content\\\/uploads\\\/2019\\\/09\\\/logo2.png\",\"contentUrl\":\"https:\\\/\\\/presidentjosemontilla.cat\\\/wp-content\\\/uploads\\\/2019\\\/09\\\/logo2.png\",\"width\":350,\"height\":60,\"caption\":\"President Jos\u00e9 Montilla\"},\"image\":{\"@id\":\"https:\\\/\\\/presidentjosemontilla.cat\\\/es\\\/#\\\/schema\\\/logo\\\/image\\\/\"}},{\"@type\":\"Person\",\"@id\":\"https:\\\/\\\/presidentjosemontilla.cat\\\/es\\\/#\\\/schema\\\/person\\\/f36cbd21c0ca240e3f825efdf1149484\",\"name\":\"Oficina de Jos\u00e9 Montilla\",\"image\":{\"@type\":\"ImageObject\",\"inLanguage\":\"es\",\"@id\":\"https:\\\/\\\/secure.gravatar.com\\\/avatar\\\/33c91c345935ef6b4b0dea373a0addb58d127dab8ae459c970458ce720d66dad?s=96&d=mm&r=g\",\"url\":\"https:\\\/\\\/secure.gravatar.com\\\/avatar\\\/33c91c345935ef6b4b0dea373a0addb58d127dab8ae459c970458ce720d66dad?s=96&d=mm&r=g\",\"contentUrl\":\"https:\\\/\\\/secure.gravatar.com\\\/avatar\\\/33c91c345935ef6b4b0dea373a0addb58d127dab8ae459c970458ce720d66dad?s=96&d=mm&r=g\",\"caption\":\"Oficina de Jos\u00e9 Montilla\"},\"url\":\"https:\\\/\\\/presidentjosemontilla.cat\\\/es\\\/author\\\/oficina-jose-montilla\\\/\"}]}<\/script>\n<!-- \/ Yoast SEO plugin. -->","yoast_head_json":{"title":"La revoluci\u00f3n digital es una de les urgencias de Catalunya - President Jos\u00e9 Montilla","robots":{"index":"index","follow":"follow","max-snippet":"max-snippet:-1","max-image-preview":"max-image-preview:large","max-video-preview":"max-video-preview:-1"},"canonical":"https:\/\/presidentjosemontilla.cat\/es\/la-revolucion-digital-es-una-de-les-urgencias-de-catalunya\/","og_locale":"es_ES","og_type":"article","og_title":"La revoluci\u00f3n digital es una de les urgencias de Catalunya - President Jos\u00e9 Montilla","og_description":"\u00abEl futuro del trabajo est\u00e1 aqu\u00ed\u00bb. As\u00ed ha denominado la Fundaci\u00f3 Rafael Campalans su seminario sobre los cambios derivados de la rob\u00f3tica, la digitalizaci\u00f3n y la inteligencia artificial. He participado en la sesi\u00f3n inaugural juntamente con los compa\u00f1eros de la&hellip;","og_url":"https:\/\/presidentjosemontilla.cat\/es\/la-revolucion-digital-es-una-de-les-urgencias-de-catalunya\/","og_site_name":"President Jos\u00e9 Montilla","article_published_time":"2019-11-22T14:02:33+00:00","og_image":[{"width":1512,"height":2016,"url":"https:\/\/presidentjosemontilla.cat\/wp-content\/uploads\/2019\/11\/WhatsApp-Image-2019-11-22-at-09.34.20-1.jpeg","type":"image\/jpeg"}],"author":"Oficina de Jos\u00e9 Montilla","twitter_card":"summary_large_image","twitter_misc":{"Escrito por":"Oficina de Jos\u00e9 Montilla"},"schema":{"@context":"https:\/\/schema.org","@graph":[{"@type":"Article","@id":"https:\/\/presidentjosemontilla.cat\/es\/la-revolucion-digital-es-una-de-les-urgencias-de-catalunya\/#article","isPartOf":{"@id":"https:\/\/presidentjosemontilla.cat\/es\/la-revolucion-digital-es-una-de-les-urgencias-de-catalunya\/"},"author":{"name":"Oficina de Jos\u00e9 Montilla","@id":"https:\/\/presidentjosemontilla.cat\/es\/#\/schema\/person\/f36cbd21c0ca240e3f825efdf1149484"},"headline":"La revoluci\u00f3n digital es una de les urgencias de Catalunya","datePublished":"2019-11-22T14:02:33+00:00","mainEntityOfPage":{"@id":"https:\/\/presidentjosemontilla.cat\/es\/la-revolucion-digital-es-una-de-les-urgencias-de-catalunya\/"},"wordCount":94,"commentCount":0,"publisher":{"@id":"https:\/\/presidentjosemontilla.cat\/es\/#organization"},"image":{"@id":"https:\/\/presidentjosemontilla.cat\/es\/la-revolucion-digital-es-una-de-les-urgencias-de-catalunya\/#primaryimage"},"thumbnailUrl":"https:\/\/presidentjosemontilla.cat\/wp-content\/uploads\/2019\/11\/WhatsApp-Image-2019-11-22-at-09.34.20-1.jpeg","keywords":["Automatizaci\u00f3n","Desigualdades","Fundaci\u00f3n Campalans","Trabajo"],"articleSection":["Actividad","Textos"],"inLanguage":"es","potentialAction":[{"@type":"CommentAction","name":"Comment","target":["https:\/\/presidentjosemontilla.cat\/es\/la-revolucion-digital-es-una-de-les-urgencias-de-catalunya\/#respond"]}]},{"@type":"WebPage","@id":"https:\/\/presidentjosemontilla.cat\/es\/la-revolucion-digital-es-una-de-les-urgencias-de-catalunya\/","url":"https:\/\/presidentjosemontilla.cat\/es\/la-revolucion-digital-es-una-de-les-urgencias-de-catalunya\/","name":"La revoluci\u00f3n digital es una de les urgencias de Catalunya - President Jos\u00e9 Montilla","isPartOf":{"@id":"https:\/\/presidentjosemontilla.cat\/es\/#website"},"primaryImageOfPage":{"@id":"https:\/\/presidentjosemontilla.cat\/es\/la-revolucion-digital-es-una-de-les-urgencias-de-catalunya\/#primaryimage"},"image":{"@id":"https:\/\/presidentjosemontilla.cat\/es\/la-revolucion-digital-es-una-de-les-urgencias-de-catalunya\/#primaryimage"},"thumbnailUrl":"https:\/\/presidentjosemontilla.cat\/wp-content\/uploads\/2019\/11\/WhatsApp-Image-2019-11-22-at-09.34.20-1.jpeg","datePublished":"2019-11-22T14:02:33+00:00","breadcrumb":{"@id":"https:\/\/presidentjosemontilla.cat\/es\/la-revolucion-digital-es-una-de-les-urgencias-de-catalunya\/#breadcrumb"},"inLanguage":"es","potentialAction":[{"@type":"ReadAction","target":["https:\/\/presidentjosemontilla.cat\/es\/la-revolucion-digital-es-una-de-les-urgencias-de-catalunya\/"]}]},{"@type":"ImageObject","inLanguage":"es","@id":"https:\/\/presidentjosemontilla.cat\/es\/la-revolucion-digital-es-una-de-les-urgencias-de-catalunya\/#primaryimage","url":"https:\/\/presidentjosemontilla.cat\/wp-content\/uploads\/2019\/11\/WhatsApp-Image-2019-11-22-at-09.34.20-1.jpeg","contentUrl":"https:\/\/presidentjosemontilla.cat\/wp-content\/uploads\/2019\/11\/WhatsApp-Image-2019-11-22-at-09.34.20-1.jpeg","width":1512,"height":2016},{"@type":"BreadcrumbList","@id":"https:\/\/presidentjosemontilla.cat\/es\/la-revolucion-digital-es-una-de-les-urgencias-de-catalunya\/#breadcrumb","itemListElement":[{"@type":"ListItem","position":1,"name":"Portada","item":"https:\/\/presidentjosemontilla.cat\/es\/"},{"@type":"ListItem","position":2,"name":"La revoluci\u00f3n digital es una de les urgencias de Catalunya"}]},{"@type":"WebSite","@id":"https:\/\/presidentjosemontilla.cat\/es\/#website","url":"https:\/\/presidentjosemontilla.cat\/es\/","name":"President Jos\u00e9 Montilla","description":"Web del 128\u00e8 president de la Generalitat de Catalunya","publisher":{"@id":"https:\/\/presidentjosemontilla.cat\/es\/#organization"},"potentialAction":[{"@type":"SearchAction","target":{"@type":"EntryPoint","urlTemplate":"https:\/\/presidentjosemontilla.cat\/es\/?s={search_term_string}"},"query-input":{"@type":"PropertyValueSpecification","valueRequired":true,"valueName":"search_term_string"}}],"inLanguage":"es"},{"@type":"Organization","@id":"https:\/\/presidentjosemontilla.cat\/es\/#organization","name":"President Jos\u00e9 Montilla","url":"https:\/\/presidentjosemontilla.cat\/es\/","logo":{"@type":"ImageObject","inLanguage":"es","@id":"https:\/\/presidentjosemontilla.cat\/es\/#\/schema\/logo\/image\/","url":"https:\/\/presidentjosemontilla.cat\/wp-content\/uploads\/2019\/09\/logo2.png","contentUrl":"https:\/\/presidentjosemontilla.cat\/wp-content\/uploads\/2019\/09\/logo2.png","width":350,"height":60,"caption":"President Jos\u00e9 Montilla"},"image":{"@id":"https:\/\/presidentjosemontilla.cat\/es\/#\/schema\/logo\/image\/"}},{"@type":"Person","@id":"https:\/\/presidentjosemontilla.cat\/es\/#\/schema\/person\/f36cbd21c0ca240e3f825efdf1149484","name":"Oficina de Jos\u00e9 Montilla","image":{"@type":"ImageObject","inLanguage":"es","@id":"https:\/\/secure.gravatar.com\/avatar\/33c91c345935ef6b4b0dea373a0addb58d127dab8ae459c970458ce720d66dad?s=96&d=mm&r=g","url":"https:\/\/secure.gravatar.com\/avatar\/33c91c345935ef6b4b0dea373a0addb58d127dab8ae459c970458ce720d66dad?s=96&d=mm&r=g","contentUrl":"https:\/\/secure.gravatar.com\/avatar\/33c91c345935ef6b4b0dea373a0addb58d127dab8ae459c970458ce720d66dad?s=96&d=mm&r=g","caption":"Oficina de Jos\u00e9 Montilla"},"url":"https:\/\/presidentjosemontilla.cat\/es\/author\/oficina-jose-montilla\/"}]}},"_links":{"self":[{"href":"https:\/\/presidentjosemontilla.cat\/es\/wp-json\/wp\/v2\/posts\/4311","targetHints":{"allow":["GET"]}}],"collection":[{"href":"https:\/\/presidentjosemontilla.cat\/es\/wp-json\/wp\/v2\/posts"}],"about":[{"href":"https:\/\/presidentjosemontilla.cat\/es\/wp-json\/wp\/v2\/types\/post"}],"author":[{"embeddable":true,"href":"https:\/\/presidentjosemontilla.cat\/es\/wp-json\/wp\/v2\/users\/5"}],"replies":[{"embeddable":true,"href":"https:\/\/presidentjosemontilla.cat\/es\/wp-json\/wp\/v2\/comments?post=4311"}],"version-history":[{"count":3,"href":"https:\/\/presidentjosemontilla.cat\/es\/wp-json\/wp\/v2\/posts\/4311\/revisions"}],"predecessor-version":[{"id":4316,"href":"https:\/\/presidentjosemontilla.cat\/es\/wp-json\/wp\/v2\/posts\/4311\/revisions\/4316"}],"wp:featuredmedia":[{"embeddable":true,"href":"https:\/\/presidentjosemontilla.cat\/es\/wp-json\/wp\/v2\/media\/4313"}],"wp:attachment":[{"href":"https:\/\/presidentjosemontilla.cat\/es\/wp-json\/wp\/v2\/media?parent=4311"}],"wp:term":[{"taxonomy":"category","embeddable":true,"href":"https:\/\/presidentjosemontilla.cat\/es\/wp-json\/wp\/v2\/categories?post=4311"},{"taxonomy":"post_tag","embeddable":true,"href":"https:\/\/presidentjosemontilla.cat\/es\/wp-json\/wp\/v2\/tags?post=4311"},{"taxonomy":"post_series","embeddable":true,"href":"https:\/\/presidentjosemontilla.cat\/es\/wp-json\/wp\/v2\/post_series?post=4311"}],"curies":[{"name":"wp","href":"https:\/\/api.w.org\/{rel}","templated":true}]}}