{"id":4436,"date":"2019-12-16T13:55:13","date_gmt":"2019-12-16T13:55:13","guid":{"rendered":"http:\/\/presidentjosemontilla.cat\/?p=4436"},"modified":"2019-12-16T13:55:13","modified_gmt":"2019-12-16T13:55:13","slug":"congreso-socialista-un-proyecto-solido-progresista-catalanista-e-inclusivo","status":"publish","type":"post","link":"https:\/\/presidentjosemontilla.cat\/es\/congreso-socialista-un-proyecto-solido-progresista-catalanista-e-inclusivo\/","title":{"rendered":"Congreso socialista: Un proyecto s\u00f3lido, progresista, catalanista e inclusivo."},"content":{"rendered":"<p>Este fin de semana se ha celebrado el 14 Congreso del PSC: Aquest cap de setmana s&#8217;ha celebrat el 14\u00e8 Congr\u00e9s del PSC: un proyecto s\u00f3lido, progresista, catalanista e inclusivo para la Catalunya de hoy y de ma\u00f1ana, con el mejor equipo y el mejor liderazgo.<\/p>\n<p>Os dejo el enlace web del <a href=\"http:\/\/www.socialistes.cat\/ca\/pagina\/14e-congres\" target=\"_blank\" rel=\"noopener noreferrer\">congreso<\/a> para vuestra informaci\u00f3n.<\/p>\n","protected":false},"excerpt":{"rendered":"<p>Este fin de semana se ha celebrado el 14 Congreso del PSC: Aquest cap de setmana s&#8217;ha celebrat el 14\u00e8 Congr\u00e9s del PSC: un proyecto s\u00f3lido, progresista, catalanista e inclusivo para la Catalunya de hoy y de ma\u00f1ana, con el&hellip;<\/p>\n","protected":false},"author":5,"featured_media":4437,"comment_status":"open","ping_status":"open","sticky":false,"template":"","format":"standard","meta":{"footnotes":""},"categories":[3],"tags":[1054,121],"post_series":[],"class_list":["post-4436","post","type-post","status-publish","format-standard","has-post-thumbnail","hentry","category-actividad","tag-congreso-psc","tag-psc","entry","has-media"],"yoast_head":"<!-- This site is optimized with the Yoast SEO plugin v27.5 - https:\/\/yoast.com\/product\/yoast-seo-wordpress\/ -->\n<title>Congreso socialista: Un proyecto s\u00f3lido, progresista, catalanista e inclusivo. - President Jos\u00e9 Montilla<\/title>\n<meta name=\"robots\" content=\"index, follow, max-snippet:-1, max-image-preview:large, max-video-preview:-1\" \/>\n<link rel=\"canonical\" href=\"https:\/\/presidentjosemontilla.cat\/es\/congreso-socialista-un-proyecto-solido-progresista-catalanista-e-inclusivo\/\" \/>\n<meta property=\"og:locale\" content=\"es_ES\" \/>\n<meta property=\"og:type\" content=\"article\" \/>\n<meta property=\"og:title\" content=\"Congreso socialista: Un proyecto s\u00f3lido, progresista, catalanista e inclusivo. - President Jos\u00e9 Montilla\" \/>\n<meta property=\"og:description\" content=\"Este fin de semana se ha celebrado el 14 Congreso del PSC: Aquest cap de setmana s&#8217;ha celebrat el 14\u00e8 Congr\u00e9s del PSC: un proyecto s\u00f3lido, progresista, catalanista e inclusivo para la Catalunya de hoy y de ma\u00f1ana, con el&hellip;\" \/>\n<meta property=\"og:url\" content=\"https:\/\/presidentjosemontilla.cat\/es\/congreso-socialista-un-proyecto-solido-progresista-catalanista-e-inclusivo\/\" \/>\n<meta property=\"og:site_name\" content=\"President Jos\u00e9 Montilla\" \/>\n<meta property=\"article:published_time\" content=\"2019-12-16T13:55:13+00:00\" \/>\n<meta property=\"og:image\" content=\"https:\/\/presidentjosemontilla.cat\/wp-content\/uploads\/2019\/12\/79683726_10157719760809508_5747501707676352512_o-1.jpg\" \/>\n\t<meta property=\"og:image:width\" content=\"1024\" \/>\n\t<meta property=\"og:image:height\" content=\"823\" \/>\n\t<meta property=\"og:image:type\" content=\"image\/jpeg\" \/>\n<meta name=\"author\" content=\"Oficina de Jos\u00e9 Montilla\" \/>\n<meta name=\"twitter:card\" content=\"summary_large_image\" \/>\n<meta name=\"twitter:label1\" content=\"Escrito por\" \/>\n\t<meta name=\"twitter:data1\" content=\"Oficina de Jos\u00e9 Montilla\" \/>\n<script type=\"application\/ld+json\" class=\"yoast-schema-graph\">{\"@context\":\"https:\\\/\\\/schema.org\",\"@graph\":[{\"@type\":\"Article\",\"@id\":\"https:\\\/\\\/presidentjosemontilla.cat\\\/es\\\/congreso-socialista-un-proyecto-solido-progresista-catalanista-e-inclusivo\\\/#article\",\"isPartOf\":{\"@id\":\"https:\\\/\\\/presidentjosemontilla.cat\\\/es\\\/congreso-socialista-un-proyecto-solido-progresista-catalanista-e-inclusivo\\\/\"},\"author\":{\"name\":\"Oficina de Jos\u00e9 Montilla\",\"@id\":\"https:\\\/\\\/presidentjosemontilla.cat\\\/es\\\/#\\\/schema\\\/person\\\/f36cbd21c0ca240e3f825efdf1149484\"},\"headline\":\"Congreso socialista: Un proyecto s\u00f3lido, progresista, catalanista e inclusivo.\",\"datePublished\":\"2019-12-16T13:55:13+00:00\",\"mainEntityOfPage\":{\"@id\":\"https:\\\/\\\/presidentjosemontilla.cat\\\/es\\\/congreso-socialista-un-proyecto-solido-progresista-catalanista-e-inclusivo\\\/\"},\"wordCount\":68,\"commentCount\":0,\"publisher\":{\"@id\":\"https:\\\/\\\/presidentjosemontilla.cat\\\/es\\\/#organization\"},\"image\":{\"@id\":\"https:\\\/\\\/presidentjosemontilla.cat\\\/es\\\/congreso-socialista-un-proyecto-solido-progresista-catalanista-e-inclusivo\\\/#primaryimage\"},\"thumbnailUrl\":\"https:\\\/\\\/presidentjosemontilla.cat\\\/wp-content\\\/uploads\\\/2019\\\/12\\\/79683726_10157719760809508_5747501707676352512_o-1.jpg\",\"keywords\":[\"Congreso PSC\",\"PSC\"],\"articleSection\":[\"Actividad\"],\"inLanguage\":\"es\",\"potentialAction\":[{\"@type\":\"CommentAction\",\"name\":\"Comment\",\"target\":[\"https:\\\/\\\/presidentjosemontilla.cat\\\/es\\\/congreso-socialista-un-proyecto-solido-progresista-catalanista-e-inclusivo\\\/#respond\"]}]},{\"@type\":\"WebPage\",\"@id\":\"https:\\\/\\\/presidentjosemontilla.cat\\\/es\\\/congreso-socialista-un-proyecto-solido-progresista-catalanista-e-inclusivo\\\/\",\"url\":\"https:\\\/\\\/presidentjosemontilla.cat\\\/es\\\/congreso-socialista-un-proyecto-solido-progresista-catalanista-e-inclusivo\\\/\",\"name\":\"Congreso socialista: Un proyecto s\u00f3lido, progresista, catalanista e inclusivo. - President Jos\u00e9 Montilla\",\"isPartOf\":{\"@id\":\"https:\\\/\\\/presidentjosemontilla.cat\\\/es\\\/#website\"},\"primaryImageOfPage\":{\"@id\":\"https:\\\/\\\/presidentjosemontilla.cat\\\/es\\\/congreso-socialista-un-proyecto-solido-progresista-catalanista-e-inclusivo\\\/#primaryimage\"},\"image\":{\"@id\":\"https:\\\/\\\/presidentjosemontilla.cat\\\/es\\\/congreso-socialista-un-proyecto-solido-progresista-catalanista-e-inclusivo\\\/#primaryimage\"},\"thumbnailUrl\":\"https:\\\/\\\/presidentjosemontilla.cat\\\/wp-content\\\/uploads\\\/2019\\\/12\\\/79683726_10157719760809508_5747501707676352512_o-1.jpg\",\"datePublished\":\"2019-12-16T13:55:13+00:00\",\"breadcrumb\":{\"@id\":\"https:\\\/\\\/presidentjosemontilla.cat\\\/es\\\/congreso-socialista-un-proyecto-solido-progresista-catalanista-e-inclusivo\\\/#breadcrumb\"},\"inLanguage\":\"es\",\"potentialAction\":[{\"@type\":\"ReadAction\",\"target\":[\"https:\\\/\\\/presidentjosemontilla.cat\\\/es\\\/congreso-socialista-un-proyecto-solido-progresista-catalanista-e-inclusivo\\\/\"]}]},{\"@type\":\"ImageObject\",\"inLanguage\":\"es\",\"@id\":\"https:\\\/\\\/presidentjosemontilla.cat\\\/es\\\/congreso-socialista-un-proyecto-solido-progresista-catalanista-e-inclusivo\\\/#primaryimage\",\"url\":\"https:\\\/\\\/presidentjosemontilla.cat\\\/wp-content\\\/uploads\\\/2019\\\/12\\\/79683726_10157719760809508_5747501707676352512_o-1.jpg\",\"contentUrl\":\"https:\\\/\\\/presidentjosemontilla.cat\\\/wp-content\\\/uploads\\\/2019\\\/12\\\/79683726_10157719760809508_5747501707676352512_o-1.jpg\",\"width\":1024,\"height\":823},{\"@type\":\"BreadcrumbList\",\"@id\":\"https:\\\/\\\/presidentjosemontilla.cat\\\/es\\\/congreso-socialista-un-proyecto-solido-progresista-catalanista-e-inclusivo\\\/#breadcrumb\",\"itemListElement\":[{\"@type\":\"ListItem\",\"position\":1,\"name\":\"Portada\",\"item\":\"https:\\\/\\\/presidentjosemontilla.cat\\\/es\\\/\"},{\"@type\":\"ListItem\",\"position\":2,\"name\":\"Congreso socialista: Un proyecto s\u00f3lido, progresista, catalanista e inclusivo.\"}]},{\"@type\":\"WebSite\",\"@id\":\"https:\\\/\\\/presidentjosemontilla.cat\\\/es\\\/#website\",\"url\":\"https:\\\/\\\/presidentjosemontilla.cat\\\/es\\\/\",\"name\":\"President Jos\u00e9 Montilla\",\"description\":\"Web del 128\u00e8 president de la Generalitat de Catalunya\",\"publisher\":{\"@id\":\"https:\\\/\\\/presidentjosemontilla.cat\\\/es\\\/#organization\"},\"potentialAction\":[{\"@type\":\"SearchAction\",\"target\":{\"@type\":\"EntryPoint\",\"urlTemplate\":\"https:\\\/\\\/presidentjosemontilla.cat\\\/es\\\/?s={search_term_string}\"},\"query-input\":{\"@type\":\"PropertyValueSpecification\",\"valueRequired\":true,\"valueName\":\"search_term_string\"}}],\"inLanguage\":\"es\"},{\"@type\":\"Organization\",\"@id\":\"https:\\\/\\\/presidentjosemontilla.cat\\\/es\\\/#organization\",\"name\":\"President Jos\u00e9 Montilla\",\"url\":\"https:\\\/\\\/presidentjosemontilla.cat\\\/es\\\/\",\"logo\":{\"@type\":\"ImageObject\",\"inLanguage\":\"es\",\"@id\":\"https:\\\/\\\/presidentjosemontilla.cat\\\/es\\\/#\\\/schema\\\/logo\\\/image\\\/\",\"url\":\"https:\\\/\\\/presidentjosemontilla.cat\\\/wp-content\\\/uploads\\\/2019\\\/09\\\/logo2.png\",\"contentUrl\":\"https:\\\/\\\/presidentjosemontilla.cat\\\/wp-content\\\/uploads\\\/2019\\\/09\\\/logo2.png\",\"width\":350,\"height\":60,\"caption\":\"President Jos\u00e9 Montilla\"},\"image\":{\"@id\":\"https:\\\/\\\/presidentjosemontilla.cat\\\/es\\\/#\\\/schema\\\/logo\\\/image\\\/\"}},{\"@type\":\"Person\",\"@id\":\"https:\\\/\\\/presidentjosemontilla.cat\\\/es\\\/#\\\/schema\\\/person\\\/f36cbd21c0ca240e3f825efdf1149484\",\"name\":\"Oficina de Jos\u00e9 Montilla\",\"image\":{\"@type\":\"ImageObject\",\"inLanguage\":\"es\",\"@id\":\"https:\\\/\\\/secure.gravatar.com\\\/avatar\\\/33c91c345935ef6b4b0dea373a0addb58d127dab8ae459c970458ce720d66dad?s=96&d=mm&r=g\",\"url\":\"https:\\\/\\\/secure.gravatar.com\\\/avatar\\\/33c91c345935ef6b4b0dea373a0addb58d127dab8ae459c970458ce720d66dad?s=96&d=mm&r=g\",\"contentUrl\":\"https:\\\/\\\/secure.gravatar.com\\\/avatar\\\/33c91c345935ef6b4b0dea373a0addb58d127dab8ae459c970458ce720d66dad?s=96&d=mm&r=g\",\"caption\":\"Oficina de Jos\u00e9 Montilla\"},\"url\":\"https:\\\/\\\/presidentjosemontilla.cat\\\/es\\\/author\\\/oficina-jose-montilla\\\/\"}]}<\/script>\n<!-- \/ Yoast SEO plugin. -->","yoast_head_json":{"title":"Congreso socialista: Un proyecto s\u00f3lido, progresista, catalanista e inclusivo. - President Jos\u00e9 Montilla","robots":{"index":"index","follow":"follow","max-snippet":"max-snippet:-1","max-image-preview":"max-image-preview:large","max-video-preview":"max-video-preview:-1"},"canonical":"https:\/\/presidentjosemontilla.cat\/es\/congreso-socialista-un-proyecto-solido-progresista-catalanista-e-inclusivo\/","og_locale":"es_ES","og_type":"article","og_title":"Congreso socialista: Un proyecto s\u00f3lido, progresista, catalanista e inclusivo. - President Jos\u00e9 Montilla","og_description":"Este fin de semana se ha celebrado el 14 Congreso del PSC: Aquest cap de setmana s&#8217;ha celebrat el 14\u00e8 Congr\u00e9s del PSC: un proyecto s\u00f3lido, progresista, catalanista e inclusivo para la Catalunya de hoy y de ma\u00f1ana, con el&hellip;","og_url":"https:\/\/presidentjosemontilla.cat\/es\/congreso-socialista-un-proyecto-solido-progresista-catalanista-e-inclusivo\/","og_site_name":"President Jos\u00e9 Montilla","article_published_time":"2019-12-16T13:55:13+00:00","og_image":[{"width":1024,"height":823,"url":"https:\/\/presidentjosemontilla.cat\/wp-content\/uploads\/2019\/12\/79683726_10157719760809508_5747501707676352512_o-1.jpg","type":"image\/jpeg"}],"author":"Oficina de Jos\u00e9 Montilla","twitter_card":"summary_large_image","twitter_misc":{"Escrito por":"Oficina de Jos\u00e9 Montilla"},"schema":{"@context":"https:\/\/schema.org","@graph":[{"@type":"Article","@id":"https:\/\/presidentjosemontilla.cat\/es\/congreso-socialista-un-proyecto-solido-progresista-catalanista-e-inclusivo\/#article","isPartOf":{"@id":"https:\/\/presidentjosemontilla.cat\/es\/congreso-socialista-un-proyecto-solido-progresista-catalanista-e-inclusivo\/"},"author":{"name":"Oficina de Jos\u00e9 Montilla","@id":"https:\/\/presidentjosemontilla.cat\/es\/#\/schema\/person\/f36cbd21c0ca240e3f825efdf1149484"},"headline":"Congreso socialista: Un proyecto s\u00f3lido, progresista, catalanista e inclusivo.","datePublished":"2019-12-16T13:55:13+00:00","mainEntityOfPage":{"@id":"https:\/\/presidentjosemontilla.cat\/es\/congreso-socialista-un-proyecto-solido-progresista-catalanista-e-inclusivo\/"},"wordCount":68,"commentCount":0,"publisher":{"@id":"https:\/\/presidentjosemontilla.cat\/es\/#organization"},"image":{"@id":"https:\/\/presidentjosemontilla.cat\/es\/congreso-socialista-un-proyecto-solido-progresista-catalanista-e-inclusivo\/#primaryimage"},"thumbnailUrl":"https:\/\/presidentjosemontilla.cat\/wp-content\/uploads\/2019\/12\/79683726_10157719760809508_5747501707676352512_o-1.jpg","keywords":["Congreso PSC","PSC"],"articleSection":["Actividad"],"inLanguage":"es","potentialAction":[{"@type":"CommentAction","name":"Comment","target":["https:\/\/presidentjosemontilla.cat\/es\/congreso-socialista-un-proyecto-solido-progresista-catalanista-e-inclusivo\/#respond"]}]},{"@type":"WebPage","@id":"https:\/\/presidentjosemontilla.cat\/es\/congreso-socialista-un-proyecto-solido-progresista-catalanista-e-inclusivo\/","url":"https:\/\/presidentjosemontilla.cat\/es\/congreso-socialista-un-proyecto-solido-progresista-catalanista-e-inclusivo\/","name":"Congreso socialista: Un proyecto s\u00f3lido, progresista, catalanista e inclusivo. - President Jos\u00e9 Montilla","isPartOf":{"@id":"https:\/\/presidentjosemontilla.cat\/es\/#website"},"primaryImageOfPage":{"@id":"https:\/\/presidentjosemontilla.cat\/es\/congreso-socialista-un-proyecto-solido-progresista-catalanista-e-inclusivo\/#primaryimage"},"image":{"@id":"https:\/\/presidentjosemontilla.cat\/es\/congreso-socialista-un-proyecto-solido-progresista-catalanista-e-inclusivo\/#primaryimage"},"thumbnailUrl":"https:\/\/presidentjosemontilla.cat\/wp-content\/uploads\/2019\/12\/79683726_10157719760809508_5747501707676352512_o-1.jpg","datePublished":"2019-12-16T13:55:13+00:00","breadcrumb":{"@id":"https:\/\/presidentjosemontilla.cat\/es\/congreso-socialista-un-proyecto-solido-progresista-catalanista-e-inclusivo\/#breadcrumb"},"inLanguage":"es","potentialAction":[{"@type":"ReadAction","target":["https:\/\/presidentjosemontilla.cat\/es\/congreso-socialista-un-proyecto-solido-progresista-catalanista-e-inclusivo\/"]}]},{"@type":"ImageObject","inLanguage":"es","@id":"https:\/\/presidentjosemontilla.cat\/es\/congreso-socialista-un-proyecto-solido-progresista-catalanista-e-inclusivo\/#primaryimage","url":"https:\/\/presidentjosemontilla.cat\/wp-content\/uploads\/2019\/12\/79683726_10157719760809508_5747501707676352512_o-1.jpg","contentUrl":"https:\/\/presidentjosemontilla.cat\/wp-content\/uploads\/2019\/12\/79683726_10157719760809508_5747501707676352512_o-1.jpg","width":1024,"height":823},{"@type":"BreadcrumbList","@id":"https:\/\/presidentjosemontilla.cat\/es\/congreso-socialista-un-proyecto-solido-progresista-catalanista-e-inclusivo\/#breadcrumb","itemListElement":[{"@type":"ListItem","position":1,"name":"Portada","item":"https:\/\/presidentjosemontilla.cat\/es\/"},{"@type":"ListItem","position":2,"name":"Congreso socialista: Un proyecto s\u00f3lido, progresista, catalanista e inclusivo."}]},{"@type":"WebSite","@id":"https:\/\/presidentjosemontilla.cat\/es\/#website","url":"https:\/\/presidentjosemontilla.cat\/es\/","name":"President Jos\u00e9 Montilla","description":"Web del 128\u00e8 president de la Generalitat de Catalunya","publisher":{"@id":"https:\/\/presidentjosemontilla.cat\/es\/#organization"},"potentialAction":[{"@type":"SearchAction","target":{"@type":"EntryPoint","urlTemplate":"https:\/\/presidentjosemontilla.cat\/es\/?s={search_term_string}"},"query-input":{"@type":"PropertyValueSpecification","valueRequired":true,"valueName":"search_term_string"}}],"inLanguage":"es"},{"@type":"Organization","@id":"https:\/\/presidentjosemontilla.cat\/es\/#organization","name":"President Jos\u00e9 Montilla","url":"https:\/\/presidentjosemontilla.cat\/es\/","logo":{"@type":"ImageObject","inLanguage":"es","@id":"https:\/\/presidentjosemontilla.cat\/es\/#\/schema\/logo\/image\/","url":"https:\/\/presidentjosemontilla.cat\/wp-content\/uploads\/2019\/09\/logo2.png","contentUrl":"https:\/\/presidentjosemontilla.cat\/wp-content\/uploads\/2019\/09\/logo2.png","width":350,"height":60,"caption":"President Jos\u00e9 Montilla"},"image":{"@id":"https:\/\/presidentjosemontilla.cat\/es\/#\/schema\/logo\/image\/"}},{"@type":"Person","@id":"https:\/\/presidentjosemontilla.cat\/es\/#\/schema\/person\/f36cbd21c0ca240e3f825efdf1149484","name":"Oficina de Jos\u00e9 Montilla","image":{"@type":"ImageObject","inLanguage":"es","@id":"https:\/\/secure.gravatar.com\/avatar\/33c91c345935ef6b4b0dea373a0addb58d127dab8ae459c970458ce720d66dad?s=96&d=mm&r=g","url":"https:\/\/secure.gravatar.com\/avatar\/33c91c345935ef6b4b0dea373a0addb58d127dab8ae459c970458ce720d66dad?s=96&d=mm&r=g","contentUrl":"https:\/\/secure.gravatar.com\/avatar\/33c91c345935ef6b4b0dea373a0addb58d127dab8ae459c970458ce720d66dad?s=96&d=mm&r=g","caption":"Oficina de Jos\u00e9 Montilla"},"url":"https:\/\/presidentjosemontilla.cat\/es\/author\/oficina-jose-montilla\/"}]}},"_links":{"self":[{"href":"https:\/\/presidentjosemontilla.cat\/es\/wp-json\/wp\/v2\/posts\/4436","targetHints":{"allow":["GET"]}}],"collection":[{"href":"https:\/\/presidentjosemontilla.cat\/es\/wp-json\/wp\/v2\/posts"}],"about":[{"href":"https:\/\/presidentjosemontilla.cat\/es\/wp-json\/wp\/v2\/types\/post"}],"author":[{"embeddable":true,"href":"https:\/\/presidentjosemontilla.cat\/es\/wp-json\/wp\/v2\/users\/5"}],"replies":[{"embeddable":true,"href":"https:\/\/presidentjosemontilla.cat\/es\/wp-json\/wp\/v2\/comments?post=4436"}],"version-history":[{"count":1,"href":"https:\/\/presidentjosemontilla.cat\/es\/wp-json\/wp\/v2\/posts\/4436\/revisions"}],"predecessor-version":[{"id":4438,"href":"https:\/\/presidentjosemontilla.cat\/es\/wp-json\/wp\/v2\/posts\/4436\/revisions\/4438"}],"wp:featuredmedia":[{"embeddable":true,"href":"https:\/\/presidentjosemontilla.cat\/es\/wp-json\/wp\/v2\/media\/4437"}],"wp:attachment":[{"href":"https:\/\/presidentjosemontilla.cat\/es\/wp-json\/wp\/v2\/media?parent=4436"}],"wp:term":[{"taxonomy":"category","embeddable":true,"href":"https:\/\/presidentjosemontilla.cat\/es\/wp-json\/wp\/v2\/categories?post=4436"},{"taxonomy":"post_tag","embeddable":true,"href":"https:\/\/presidentjosemontilla.cat\/es\/wp-json\/wp\/v2\/tags?post=4436"},{"taxonomy":"post_series","embeddable":true,"href":"https:\/\/presidentjosemontilla.cat\/es\/wp-json\/wp\/v2\/post_series?post=4436"}],"curies":[{"name":"wp","href":"https:\/\/api.w.org\/{rel}","templated":true}]}}