{"id":4486,"date":"2020-01-16T20:00:02","date_gmt":"2020-01-16T20:00:02","guid":{"rendered":"http:\/\/presidentjosemontilla.cat\/?p=4486"},"modified":"2020-01-16T15:30:53","modified_gmt":"2020-01-16T15:30:53","slug":"la-lucha-contra-las-desigualdades-necesita-un-gobierno-efectivo-en-catalunya","status":"publish","type":"post","link":"https:\/\/presidentjosemontilla.cat\/es\/la-lucha-contra-las-desigualdades-necesita-un-gobierno-efectivo-en-catalunya\/","title":{"rendered":"La lucha contra las desigualdades necesita un gobierno efectivo en Catalunya"},"content":{"rendered":"<p>Esta tarde he participado en la presentaci\u00f3n del 6\u00ba Informe Social de la Fundaci\u00f3n Rafael Campalans \u201cDesigualtats davant d\u2019un futur incert\u201d.<\/p>\n<p>Os dejo mi breve intervenci\u00f3n y el enlace de la <a href=\"https:\/\/fcampalans.cat\/activitats_detall.php?idact=1430\" target=\"_blank\" rel=\"noopener noreferrer\">web de la fundaci\u00f3n<\/a> con toda la informaci\u00f3n.<\/p>\n<p><a href=\"http:\/\/presidentjosemontilla.cat\/wp-content\/uploads\/2020\/01\/PRESENTACI\u00d3N-INFORME-SOCIAL-2018-1.pdf\" target=\"_blank\" rel=\"noopener noreferrer\">Presentaci\u00f3n Informe Social 2018<\/a><\/p>\n","protected":false},"excerpt":{"rendered":"<p>Esta tarde he participado en la presentaci\u00f3n del 6\u00ba Informe Social de la Fundaci\u00f3n Rafael Campalans \u201cDesigualtats davant d\u2019un futur incert\u201d. Os dejo mi breve intervenci\u00f3n y el enlace de la web de la fundaci\u00f3n con toda la informaci\u00f3n. Presentaci\u00f3n&hellip;<\/p>\n","protected":false},"author":5,"featured_media":4488,"comment_status":"open","ping_status":"open","sticky":false,"template":"","format":"standard","meta":{"footnotes":""},"categories":[3,4,8],"tags":[19,70,166,1074],"post_series":[],"class_list":["post-4486","post","type-post","status-publish","format-standard","has-post-thumbnail","hentry","category-actividad","category-opinion","category-textos-es","tag-catalunya","tag-desigualdad","tag-fundacion-rafael-campalans","tag-informe-social-20018","entry","has-media"],"yoast_head":"<!-- This site is optimized with the Yoast SEO plugin v27.5 - https:\/\/yoast.com\/product\/yoast-seo-wordpress\/ -->\n<title>La lucha contra las desigualdades necesita un gobierno efectivo en Catalunya - President Jos\u00e9 Montilla<\/title>\n<meta name=\"robots\" content=\"index, follow, max-snippet:-1, max-image-preview:large, max-video-preview:-1\" \/>\n<link rel=\"canonical\" href=\"https:\/\/presidentjosemontilla.cat\/es\/la-lucha-contra-las-desigualdades-necesita-un-gobierno-efectivo-en-catalunya\/\" \/>\n<meta property=\"og:locale\" content=\"es_ES\" \/>\n<meta property=\"og:type\" content=\"article\" \/>\n<meta property=\"og:title\" content=\"La lucha contra las desigualdades necesita un gobierno efectivo en Catalunya - President Jos\u00e9 Montilla\" \/>\n<meta property=\"og:description\" content=\"Esta tarde he participado en la presentaci\u00f3n del 6\u00ba Informe Social de la Fundaci\u00f3n Rafael Campalans \u201cDesigualtats davant d\u2019un futur incert\u201d. Os dejo mi breve intervenci\u00f3n y el enlace de la web de la fundaci\u00f3n con toda la informaci\u00f3n. Presentaci\u00f3n&hellip;\" \/>\n<meta property=\"og:url\" content=\"https:\/\/presidentjosemontilla.cat\/es\/la-lucha-contra-las-desigualdades-necesita-un-gobierno-efectivo-en-catalunya\/\" \/>\n<meta property=\"og:site_name\" content=\"President Jos\u00e9 Montilla\" \/>\n<meta property=\"article:published_time\" content=\"2020-01-16T20:00:02+00:00\" \/>\n<meta property=\"og:image\" content=\"https:\/\/presidentjosemontilla.cat\/wp-content\/uploads\/2020\/01\/200116target\u00f3_presentaci\u00f3informesocial_campalans_2019-1.jpg\" \/>\n\t<meta property=\"og:image:width\" content=\"2133\" \/>\n\t<meta property=\"og:image:height\" content=\"1067\" \/>\n\t<meta property=\"og:image:type\" content=\"image\/jpeg\" \/>\n<meta name=\"author\" content=\"Oficina de Jos\u00e9 Montilla\" \/>\n<meta name=\"twitter:card\" content=\"summary_large_image\" \/>\n<meta name=\"twitter:label1\" content=\"Escrito por\" \/>\n\t<meta name=\"twitter:data1\" content=\"Oficina de Jos\u00e9 Montilla\" \/>\n<script type=\"application\/ld+json\" class=\"yoast-schema-graph\">{\"@context\":\"https:\\\/\\\/schema.org\",\"@graph\":[{\"@type\":\"Article\",\"@id\":\"https:\\\/\\\/presidentjosemontilla.cat\\\/es\\\/la-lucha-contra-las-desigualdades-necesita-un-gobierno-efectivo-en-catalunya\\\/#article\",\"isPartOf\":{\"@id\":\"https:\\\/\\\/presidentjosemontilla.cat\\\/es\\\/la-lucha-contra-las-desigualdades-necesita-un-gobierno-efectivo-en-catalunya\\\/\"},\"author\":{\"name\":\"Oficina de Jos\u00e9 Montilla\",\"@id\":\"https:\\\/\\\/presidentjosemontilla.cat\\\/es\\\/#\\\/schema\\\/person\\\/f36cbd21c0ca240e3f825efdf1149484\"},\"headline\":\"La lucha contra las desigualdades necesita un gobierno efectivo en Catalunya\",\"datePublished\":\"2020-01-16T20:00:02+00:00\",\"mainEntityOfPage\":{\"@id\":\"https:\\\/\\\/presidentjosemontilla.cat\\\/es\\\/la-lucha-contra-las-desigualdades-necesita-un-gobierno-efectivo-en-catalunya\\\/\"},\"wordCount\":59,\"commentCount\":0,\"publisher\":{\"@id\":\"https:\\\/\\\/presidentjosemontilla.cat\\\/es\\\/#organization\"},\"image\":{\"@id\":\"https:\\\/\\\/presidentjosemontilla.cat\\\/es\\\/la-lucha-contra-las-desigualdades-necesita-un-gobierno-efectivo-en-catalunya\\\/#primaryimage\"},\"thumbnailUrl\":\"https:\\\/\\\/presidentjosemontilla.cat\\\/wp-content\\\/uploads\\\/2020\\\/01\\\/200116target\u00f3_presentaci\u00f3informesocial_campalans_2019-1.jpg\",\"keywords\":[\"Catalunya\",\"desigualdad\",\"Fundacion Rafael Campalans\",\"Informe Social 20018\"],\"articleSection\":[\"Actividad\",\"Opini\u00f3n\",\"Textos\"],\"inLanguage\":\"es\",\"potentialAction\":[{\"@type\":\"CommentAction\",\"name\":\"Comment\",\"target\":[\"https:\\\/\\\/presidentjosemontilla.cat\\\/es\\\/la-lucha-contra-las-desigualdades-necesita-un-gobierno-efectivo-en-catalunya\\\/#respond\"]}]},{\"@type\":\"WebPage\",\"@id\":\"https:\\\/\\\/presidentjosemontilla.cat\\\/es\\\/la-lucha-contra-las-desigualdades-necesita-un-gobierno-efectivo-en-catalunya\\\/\",\"url\":\"https:\\\/\\\/presidentjosemontilla.cat\\\/es\\\/la-lucha-contra-las-desigualdades-necesita-un-gobierno-efectivo-en-catalunya\\\/\",\"name\":\"La lucha contra las desigualdades necesita un gobierno efectivo en Catalunya - President Jos\u00e9 Montilla\",\"isPartOf\":{\"@id\":\"https:\\\/\\\/presidentjosemontilla.cat\\\/es\\\/#website\"},\"primaryImageOfPage\":{\"@id\":\"https:\\\/\\\/presidentjosemontilla.cat\\\/es\\\/la-lucha-contra-las-desigualdades-necesita-un-gobierno-efectivo-en-catalunya\\\/#primaryimage\"},\"image\":{\"@id\":\"https:\\\/\\\/presidentjosemontilla.cat\\\/es\\\/la-lucha-contra-las-desigualdades-necesita-un-gobierno-efectivo-en-catalunya\\\/#primaryimage\"},\"thumbnailUrl\":\"https:\\\/\\\/presidentjosemontilla.cat\\\/wp-content\\\/uploads\\\/2020\\\/01\\\/200116target\u00f3_presentaci\u00f3informesocial_campalans_2019-1.jpg\",\"datePublished\":\"2020-01-16T20:00:02+00:00\",\"breadcrumb\":{\"@id\":\"https:\\\/\\\/presidentjosemontilla.cat\\\/es\\\/la-lucha-contra-las-desigualdades-necesita-un-gobierno-efectivo-en-catalunya\\\/#breadcrumb\"},\"inLanguage\":\"es\",\"potentialAction\":[{\"@type\":\"ReadAction\",\"target\":[\"https:\\\/\\\/presidentjosemontilla.cat\\\/es\\\/la-lucha-contra-las-desigualdades-necesita-un-gobierno-efectivo-en-catalunya\\\/\"]}]},{\"@type\":\"ImageObject\",\"inLanguage\":\"es\",\"@id\":\"https:\\\/\\\/presidentjosemontilla.cat\\\/es\\\/la-lucha-contra-las-desigualdades-necesita-un-gobierno-efectivo-en-catalunya\\\/#primaryimage\",\"url\":\"https:\\\/\\\/presidentjosemontilla.cat\\\/wp-content\\\/uploads\\\/2020\\\/01\\\/200116target\u00f3_presentaci\u00f3informesocial_campalans_2019-1.jpg\",\"contentUrl\":\"https:\\\/\\\/presidentjosemontilla.cat\\\/wp-content\\\/uploads\\\/2020\\\/01\\\/200116target\u00f3_presentaci\u00f3informesocial_campalans_2019-1.jpg\",\"width\":2133,\"height\":1067},{\"@type\":\"BreadcrumbList\",\"@id\":\"https:\\\/\\\/presidentjosemontilla.cat\\\/es\\\/la-lucha-contra-las-desigualdades-necesita-un-gobierno-efectivo-en-catalunya\\\/#breadcrumb\",\"itemListElement\":[{\"@type\":\"ListItem\",\"position\":1,\"name\":\"Portada\",\"item\":\"https:\\\/\\\/presidentjosemontilla.cat\\\/es\\\/\"},{\"@type\":\"ListItem\",\"position\":2,\"name\":\"La lucha contra las desigualdades necesita un gobierno efectivo en Catalunya\"}]},{\"@type\":\"WebSite\",\"@id\":\"https:\\\/\\\/presidentjosemontilla.cat\\\/es\\\/#website\",\"url\":\"https:\\\/\\\/presidentjosemontilla.cat\\\/es\\\/\",\"name\":\"President Jos\u00e9 Montilla\",\"description\":\"Web del 128\u00e8 president de la Generalitat de Catalunya\",\"publisher\":{\"@id\":\"https:\\\/\\\/presidentjosemontilla.cat\\\/es\\\/#organization\"},\"potentialAction\":[{\"@type\":\"SearchAction\",\"target\":{\"@type\":\"EntryPoint\",\"urlTemplate\":\"https:\\\/\\\/presidentjosemontilla.cat\\\/es\\\/?s={search_term_string}\"},\"query-input\":{\"@type\":\"PropertyValueSpecification\",\"valueRequired\":true,\"valueName\":\"search_term_string\"}}],\"inLanguage\":\"es\"},{\"@type\":\"Organization\",\"@id\":\"https:\\\/\\\/presidentjosemontilla.cat\\\/es\\\/#organization\",\"name\":\"President Jos\u00e9 Montilla\",\"url\":\"https:\\\/\\\/presidentjosemontilla.cat\\\/es\\\/\",\"logo\":{\"@type\":\"ImageObject\",\"inLanguage\":\"es\",\"@id\":\"https:\\\/\\\/presidentjosemontilla.cat\\\/es\\\/#\\\/schema\\\/logo\\\/image\\\/\",\"url\":\"https:\\\/\\\/presidentjosemontilla.cat\\\/wp-content\\\/uploads\\\/2019\\\/09\\\/logo2.png\",\"contentUrl\":\"https:\\\/\\\/presidentjosemontilla.cat\\\/wp-content\\\/uploads\\\/2019\\\/09\\\/logo2.png\",\"width\":350,\"height\":60,\"caption\":\"President Jos\u00e9 Montilla\"},\"image\":{\"@id\":\"https:\\\/\\\/presidentjosemontilla.cat\\\/es\\\/#\\\/schema\\\/logo\\\/image\\\/\"}},{\"@type\":\"Person\",\"@id\":\"https:\\\/\\\/presidentjosemontilla.cat\\\/es\\\/#\\\/schema\\\/person\\\/f36cbd21c0ca240e3f825efdf1149484\",\"name\":\"Oficina de Jos\u00e9 Montilla\",\"image\":{\"@type\":\"ImageObject\",\"inLanguage\":\"es\",\"@id\":\"https:\\\/\\\/secure.gravatar.com\\\/avatar\\\/33c91c345935ef6b4b0dea373a0addb58d127dab8ae459c970458ce720d66dad?s=96&d=mm&r=g\",\"url\":\"https:\\\/\\\/secure.gravatar.com\\\/avatar\\\/33c91c345935ef6b4b0dea373a0addb58d127dab8ae459c970458ce720d66dad?s=96&d=mm&r=g\",\"contentUrl\":\"https:\\\/\\\/secure.gravatar.com\\\/avatar\\\/33c91c345935ef6b4b0dea373a0addb58d127dab8ae459c970458ce720d66dad?s=96&d=mm&r=g\",\"caption\":\"Oficina de Jos\u00e9 Montilla\"},\"url\":\"https:\\\/\\\/presidentjosemontilla.cat\\\/es\\\/author\\\/oficina-jose-montilla\\\/\"}]}<\/script>\n<!-- \/ Yoast SEO plugin. -->","yoast_head_json":{"title":"La lucha contra las desigualdades necesita un gobierno efectivo en Catalunya - President Jos\u00e9 Montilla","robots":{"index":"index","follow":"follow","max-snippet":"max-snippet:-1","max-image-preview":"max-image-preview:large","max-video-preview":"max-video-preview:-1"},"canonical":"https:\/\/presidentjosemontilla.cat\/es\/la-lucha-contra-las-desigualdades-necesita-un-gobierno-efectivo-en-catalunya\/","og_locale":"es_ES","og_type":"article","og_title":"La lucha contra las desigualdades necesita un gobierno efectivo en Catalunya - President Jos\u00e9 Montilla","og_description":"Esta tarde he participado en la presentaci\u00f3n del 6\u00ba Informe Social de la Fundaci\u00f3n Rafael Campalans \u201cDesigualtats davant d\u2019un futur incert\u201d. Os dejo mi breve intervenci\u00f3n y el enlace de la web de la fundaci\u00f3n con toda la informaci\u00f3n. Presentaci\u00f3n&hellip;","og_url":"https:\/\/presidentjosemontilla.cat\/es\/la-lucha-contra-las-desigualdades-necesita-un-gobierno-efectivo-en-catalunya\/","og_site_name":"President Jos\u00e9 Montilla","article_published_time":"2020-01-16T20:00:02+00:00","og_image":[{"width":2133,"height":1067,"url":"https:\/\/presidentjosemontilla.cat\/wp-content\/uploads\/2020\/01\/200116target\u00f3_presentaci\u00f3informesocial_campalans_2019-1.jpg","type":"image\/jpeg"}],"author":"Oficina de Jos\u00e9 Montilla","twitter_card":"summary_large_image","twitter_misc":{"Escrito por":"Oficina de Jos\u00e9 Montilla"},"schema":{"@context":"https:\/\/schema.org","@graph":[{"@type":"Article","@id":"https:\/\/presidentjosemontilla.cat\/es\/la-lucha-contra-las-desigualdades-necesita-un-gobierno-efectivo-en-catalunya\/#article","isPartOf":{"@id":"https:\/\/presidentjosemontilla.cat\/es\/la-lucha-contra-las-desigualdades-necesita-un-gobierno-efectivo-en-catalunya\/"},"author":{"name":"Oficina de Jos\u00e9 Montilla","@id":"https:\/\/presidentjosemontilla.cat\/es\/#\/schema\/person\/f36cbd21c0ca240e3f825efdf1149484"},"headline":"La lucha contra las desigualdades necesita un gobierno efectivo en Catalunya","datePublished":"2020-01-16T20:00:02+00:00","mainEntityOfPage":{"@id":"https:\/\/presidentjosemontilla.cat\/es\/la-lucha-contra-las-desigualdades-necesita-un-gobierno-efectivo-en-catalunya\/"},"wordCount":59,"commentCount":0,"publisher":{"@id":"https:\/\/presidentjosemontilla.cat\/es\/#organization"},"image":{"@id":"https:\/\/presidentjosemontilla.cat\/es\/la-lucha-contra-las-desigualdades-necesita-un-gobierno-efectivo-en-catalunya\/#primaryimage"},"thumbnailUrl":"https:\/\/presidentjosemontilla.cat\/wp-content\/uploads\/2020\/01\/200116target\u00f3_presentaci\u00f3informesocial_campalans_2019-1.jpg","keywords":["Catalunya","desigualdad","Fundacion Rafael Campalans","Informe Social 20018"],"articleSection":["Actividad","Opini\u00f3n","Textos"],"inLanguage":"es","potentialAction":[{"@type":"CommentAction","name":"Comment","target":["https:\/\/presidentjosemontilla.cat\/es\/la-lucha-contra-las-desigualdades-necesita-un-gobierno-efectivo-en-catalunya\/#respond"]}]},{"@type":"WebPage","@id":"https:\/\/presidentjosemontilla.cat\/es\/la-lucha-contra-las-desigualdades-necesita-un-gobierno-efectivo-en-catalunya\/","url":"https:\/\/presidentjosemontilla.cat\/es\/la-lucha-contra-las-desigualdades-necesita-un-gobierno-efectivo-en-catalunya\/","name":"La lucha contra las desigualdades necesita un gobierno efectivo en Catalunya - President Jos\u00e9 Montilla","isPartOf":{"@id":"https:\/\/presidentjosemontilla.cat\/es\/#website"},"primaryImageOfPage":{"@id":"https:\/\/presidentjosemontilla.cat\/es\/la-lucha-contra-las-desigualdades-necesita-un-gobierno-efectivo-en-catalunya\/#primaryimage"},"image":{"@id":"https:\/\/presidentjosemontilla.cat\/es\/la-lucha-contra-las-desigualdades-necesita-un-gobierno-efectivo-en-catalunya\/#primaryimage"},"thumbnailUrl":"https:\/\/presidentjosemontilla.cat\/wp-content\/uploads\/2020\/01\/200116target\u00f3_presentaci\u00f3informesocial_campalans_2019-1.jpg","datePublished":"2020-01-16T20:00:02+00:00","breadcrumb":{"@id":"https:\/\/presidentjosemontilla.cat\/es\/la-lucha-contra-las-desigualdades-necesita-un-gobierno-efectivo-en-catalunya\/#breadcrumb"},"inLanguage":"es","potentialAction":[{"@type":"ReadAction","target":["https:\/\/presidentjosemontilla.cat\/es\/la-lucha-contra-las-desigualdades-necesita-un-gobierno-efectivo-en-catalunya\/"]}]},{"@type":"ImageObject","inLanguage":"es","@id":"https:\/\/presidentjosemontilla.cat\/es\/la-lucha-contra-las-desigualdades-necesita-un-gobierno-efectivo-en-catalunya\/#primaryimage","url":"https:\/\/presidentjosemontilla.cat\/wp-content\/uploads\/2020\/01\/200116target\u00f3_presentaci\u00f3informesocial_campalans_2019-1.jpg","contentUrl":"https:\/\/presidentjosemontilla.cat\/wp-content\/uploads\/2020\/01\/200116target\u00f3_presentaci\u00f3informesocial_campalans_2019-1.jpg","width":2133,"height":1067},{"@type":"BreadcrumbList","@id":"https:\/\/presidentjosemontilla.cat\/es\/la-lucha-contra-las-desigualdades-necesita-un-gobierno-efectivo-en-catalunya\/#breadcrumb","itemListElement":[{"@type":"ListItem","position":1,"name":"Portada","item":"https:\/\/presidentjosemontilla.cat\/es\/"},{"@type":"ListItem","position":2,"name":"La lucha contra las desigualdades necesita un gobierno efectivo en Catalunya"}]},{"@type":"WebSite","@id":"https:\/\/presidentjosemontilla.cat\/es\/#website","url":"https:\/\/presidentjosemontilla.cat\/es\/","name":"President Jos\u00e9 Montilla","description":"Web del 128\u00e8 president de la Generalitat de Catalunya","publisher":{"@id":"https:\/\/presidentjosemontilla.cat\/es\/#organization"},"potentialAction":[{"@type":"SearchAction","target":{"@type":"EntryPoint","urlTemplate":"https:\/\/presidentjosemontilla.cat\/es\/?s={search_term_string}"},"query-input":{"@type":"PropertyValueSpecification","valueRequired":true,"valueName":"search_term_string"}}],"inLanguage":"es"},{"@type":"Organization","@id":"https:\/\/presidentjosemontilla.cat\/es\/#organization","name":"President Jos\u00e9 Montilla","url":"https:\/\/presidentjosemontilla.cat\/es\/","logo":{"@type":"ImageObject","inLanguage":"es","@id":"https:\/\/presidentjosemontilla.cat\/es\/#\/schema\/logo\/image\/","url":"https:\/\/presidentjosemontilla.cat\/wp-content\/uploads\/2019\/09\/logo2.png","contentUrl":"https:\/\/presidentjosemontilla.cat\/wp-content\/uploads\/2019\/09\/logo2.png","width":350,"height":60,"caption":"President Jos\u00e9 Montilla"},"image":{"@id":"https:\/\/presidentjosemontilla.cat\/es\/#\/schema\/logo\/image\/"}},{"@type":"Person","@id":"https:\/\/presidentjosemontilla.cat\/es\/#\/schema\/person\/f36cbd21c0ca240e3f825efdf1149484","name":"Oficina de Jos\u00e9 Montilla","image":{"@type":"ImageObject","inLanguage":"es","@id":"https:\/\/secure.gravatar.com\/avatar\/33c91c345935ef6b4b0dea373a0addb58d127dab8ae459c970458ce720d66dad?s=96&d=mm&r=g","url":"https:\/\/secure.gravatar.com\/avatar\/33c91c345935ef6b4b0dea373a0addb58d127dab8ae459c970458ce720d66dad?s=96&d=mm&r=g","contentUrl":"https:\/\/secure.gravatar.com\/avatar\/33c91c345935ef6b4b0dea373a0addb58d127dab8ae459c970458ce720d66dad?s=96&d=mm&r=g","caption":"Oficina de Jos\u00e9 Montilla"},"url":"https:\/\/presidentjosemontilla.cat\/es\/author\/oficina-jose-montilla\/"}]}},"_links":{"self":[{"href":"https:\/\/presidentjosemontilla.cat\/es\/wp-json\/wp\/v2\/posts\/4486","targetHints":{"allow":["GET"]}}],"collection":[{"href":"https:\/\/presidentjosemontilla.cat\/es\/wp-json\/wp\/v2\/posts"}],"about":[{"href":"https:\/\/presidentjosemontilla.cat\/es\/wp-json\/wp\/v2\/types\/post"}],"author":[{"embeddable":true,"href":"https:\/\/presidentjosemontilla.cat\/es\/wp-json\/wp\/v2\/users\/5"}],"replies":[{"embeddable":true,"href":"https:\/\/presidentjosemontilla.cat\/es\/wp-json\/wp\/v2\/comments?post=4486"}],"version-history":[{"count":4,"href":"https:\/\/presidentjosemontilla.cat\/es\/wp-json\/wp\/v2\/posts\/4486\/revisions"}],"predecessor-version":[{"id":4506,"href":"https:\/\/presidentjosemontilla.cat\/es\/wp-json\/wp\/v2\/posts\/4486\/revisions\/4506"}],"wp:featuredmedia":[{"embeddable":true,"href":"https:\/\/presidentjosemontilla.cat\/es\/wp-json\/wp\/v2\/media\/4488"}],"wp:attachment":[{"href":"https:\/\/presidentjosemontilla.cat\/es\/wp-json\/wp\/v2\/media?parent=4486"}],"wp:term":[{"taxonomy":"category","embeddable":true,"href":"https:\/\/presidentjosemontilla.cat\/es\/wp-json\/wp\/v2\/categories?post=4486"},{"taxonomy":"post_tag","embeddable":true,"href":"https:\/\/presidentjosemontilla.cat\/es\/wp-json\/wp\/v2\/tags?post=4486"},{"taxonomy":"post_series","embeddable":true,"href":"https:\/\/presidentjosemontilla.cat\/es\/wp-json\/wp\/v2\/post_series?post=4486"}],"curies":[{"name":"wp","href":"https:\/\/api.w.org\/{rel}","templated":true}]}}