{"id":4649,"date":"2020-02-19T09:48:03","date_gmt":"2020-02-19T09:48:03","guid":{"rendered":"http:\/\/presidentjosemontilla.cat\/?p=4649"},"modified":"2020-02-19T09:48:03","modified_gmt":"2020-02-19T09:48:03","slug":"entrevista-en-agencia-efe","status":"publish","type":"post","link":"https:\/\/presidentjosemontilla.cat\/es\/entrevista-en-agencia-efe\/","title":{"rendered":"Entrevista en agencia EFE"},"content":{"rendered":"<p>La semana pasada la agencia <a href=\"https:\/\/www.efe.com\/efe\/espana\/1\" target=\"_blank\" rel=\"noopener noreferrer\">EFE <\/a>\u00a0me grab\u00f3 una entrevista que se ha ido publicando en diferentes partes.<\/p>\n<p>Aqu\u00ed ten\u00e9is la repercusi\u00f3n de la entrevista en algunos medios de comunicaci\u00f3n.<\/p>\n<h2 class=\"pg-headline\"><a href=\"https:\/\/www.eldiario.es\/politica\/Montilla-rechaza-propuesta-Cs-Cataluna_0_994600630.html\" target=\"_blank\" rel=\"noopener noreferrer\">Montilla rechaza la propuesta de Cs de alianza en Catalu\u00f1a: \u00abEs una broma\u00bb<\/a><\/h2>\n<p>En esta parte hablo sobre la propuesta de C&#8217;s de formar una alianza electoral en Catalunya con el PP y el PSC.<\/p>\n<h2 class=\"news_ext_title3\"><a href=\"https:\/\/cronicaglobal.elespanol.com\/politica\/montilla-reprocha-puigdemont-interes-dinamitar-dialogo-gobierno_318107_102.html\" target=\"_blank\" rel=\"noopener noreferrer\">Montilla reprocha a Puigdemont su inter\u00e9s por \u00abdinamitar\u00bb el di\u00e1logo con el Gobierno<\/a><\/h2>\n<p>En la entrevista explico que desgraciadamente una parte del independentismo desea que la mesa de di\u00e1logo descarrile sin haber servido para encontrar una soluci\u00f3n al contencioso pol\u00edtico catal\u00e1n.<\/p>\n<h2 class=\"d-title__txt\"><a href=\"https:\/\/www.lavanguardia.com\/politica\/20200215\/473576453333\/jose-montilla-psc-espacio-central-catalanismo-elecciones-cataluna.html\" target=\"_blank\" rel=\"noopener noreferrer\">Montilla: \u201cEl PSC no debe renunciar al espacio central del catalanismo\u201d<\/a><\/h2>\n<p>Afirmo en esta parte de la entrevista que el PSC esta en condiciones de \u00abrecuperar\u00bb votos que fueron a Ciudadanos en las \u00faltimas elecciones, pero que no debe renunciar de ninguna manera a ganar votos en el espacio central del catalanismo pol\u00edtico no independentista.<\/p>\n<p>&nbsp;<\/p>\n<p>&nbsp;<\/p>\n","protected":false},"excerpt":{"rendered":"<p>La semana pasada la agencia EFE \u00a0me grab\u00f3 una entrevista que se ha ido publicando en diferentes partes. Aqu\u00ed ten\u00e9is la repercusi\u00f3n de la entrevista en algunos medios de comunicaci\u00f3n. Montilla rechaza la propuesta de Cs de alianza en Catalu\u00f1a:&hellip;<\/p>\n","protected":false},"author":5,"featured_media":4645,"comment_status":"open","ping_status":"open","sticky":false,"template":"","format":"standard","meta":{"footnotes":""},"categories":[3,908,4],"tags":[19,942,1146,18],"post_series":[],"class_list":["post-4649","post","type-post","status-publish","format-standard","has-post-thumbnail","hentry","category-actividad","category-medios-de-comunicacion","category-opinion","tag-catalunya","tag-catalunya-y-espana","tag-efe-es","tag-entrevista","entry","has-media"],"yoast_head":"<!-- This site is optimized with the Yoast SEO plugin v27.5 - https:\/\/yoast.com\/product\/yoast-seo-wordpress\/ -->\n<title>Entrevista en agencia EFE - President Jos\u00e9 Montilla<\/title>\n<meta name=\"robots\" content=\"index, follow, max-snippet:-1, max-image-preview:large, max-video-preview:-1\" \/>\n<link rel=\"canonical\" href=\"https:\/\/presidentjosemontilla.cat\/es\/entrevista-en-agencia-efe\/\" \/>\n<meta property=\"og:locale\" content=\"es_ES\" \/>\n<meta property=\"og:type\" content=\"article\" \/>\n<meta property=\"og:title\" content=\"Entrevista en agencia EFE - President Jos\u00e9 Montilla\" \/>\n<meta property=\"og:description\" content=\"La semana pasada la agencia EFE \u00a0me grab\u00f3 una entrevista que se ha ido publicando en diferentes partes. Aqu\u00ed ten\u00e9is la repercusi\u00f3n de la entrevista en algunos medios de comunicaci\u00f3n. Montilla rechaza la propuesta de Cs de alianza en Catalu\u00f1a:&hellip;\" \/>\n<meta property=\"og:url\" content=\"https:\/\/presidentjosemontilla.cat\/es\/entrevista-en-agencia-efe\/\" \/>\n<meta property=\"og:site_name\" content=\"President Jos\u00e9 Montilla\" \/>\n<meta property=\"article:published_time\" content=\"2020-02-19T09:48:03+00:00\" \/>\n<meta property=\"og:image\" content=\"https:\/\/presidentjosemontilla.cat\/wp-content\/uploads\/2020\/02\/jose-montilla-efe_1_630x630.jpeg\" \/>\n\t<meta property=\"og:image:width\" content=\"630\" \/>\n\t<meta property=\"og:image:height\" content=\"630\" \/>\n\t<meta property=\"og:image:type\" content=\"image\/jpeg\" \/>\n<meta name=\"author\" content=\"Oficina de Jos\u00e9 Montilla\" \/>\n<meta name=\"twitter:card\" content=\"summary_large_image\" \/>\n<meta name=\"twitter:label1\" content=\"Escrito por\" \/>\n\t<meta name=\"twitter:data1\" content=\"Oficina de Jos\u00e9 Montilla\" \/>\n\t<meta name=\"twitter:label2\" content=\"Tiempo de lectura\" \/>\n\t<meta name=\"twitter:data2\" content=\"1 minuto\" \/>\n<script type=\"application\/ld+json\" class=\"yoast-schema-graph\">{\"@context\":\"https:\\\/\\\/schema.org\",\"@graph\":[{\"@type\":\"Article\",\"@id\":\"https:\\\/\\\/presidentjosemontilla.cat\\\/es\\\/entrevista-en-agencia-efe\\\/#article\",\"isPartOf\":{\"@id\":\"https:\\\/\\\/presidentjosemontilla.cat\\\/es\\\/entrevista-en-agencia-efe\\\/\"},\"author\":{\"name\":\"Oficina de Jos\u00e9 Montilla\",\"@id\":\"https:\\\/\\\/presidentjosemontilla.cat\\\/es\\\/#\\\/schema\\\/person\\\/f36cbd21c0ca240e3f825efdf1149484\"},\"headline\":\"Entrevista en agencia EFE\",\"datePublished\":\"2020-02-19T09:48:03+00:00\",\"mainEntityOfPage\":{\"@id\":\"https:\\\/\\\/presidentjosemontilla.cat\\\/es\\\/entrevista-en-agencia-efe\\\/\"},\"wordCount\":178,\"commentCount\":0,\"publisher\":{\"@id\":\"https:\\\/\\\/presidentjosemontilla.cat\\\/es\\\/#organization\"},\"image\":{\"@id\":\"https:\\\/\\\/presidentjosemontilla.cat\\\/es\\\/entrevista-en-agencia-efe\\\/#primaryimage\"},\"thumbnailUrl\":\"https:\\\/\\\/presidentjosemontilla.cat\\\/wp-content\\\/uploads\\\/2020\\\/02\\\/jose-montilla-efe_1_630x630.jpeg\",\"keywords\":[\"Catalunya\",\"Catalunya y Espa\u00f1a\",\"EFE\",\"entrevista\"],\"articleSection\":[\"Actividad\",\"Medios de comunicaci\u00f3n\",\"Opini\u00f3n\"],\"inLanguage\":\"es\",\"potentialAction\":[{\"@type\":\"CommentAction\",\"name\":\"Comment\",\"target\":[\"https:\\\/\\\/presidentjosemontilla.cat\\\/es\\\/entrevista-en-agencia-efe\\\/#respond\"]}]},{\"@type\":\"WebPage\",\"@id\":\"https:\\\/\\\/presidentjosemontilla.cat\\\/es\\\/entrevista-en-agencia-efe\\\/\",\"url\":\"https:\\\/\\\/presidentjosemontilla.cat\\\/es\\\/entrevista-en-agencia-efe\\\/\",\"name\":\"Entrevista en agencia EFE - President Jos\u00e9 Montilla\",\"isPartOf\":{\"@id\":\"https:\\\/\\\/presidentjosemontilla.cat\\\/es\\\/#website\"},\"primaryImageOfPage\":{\"@id\":\"https:\\\/\\\/presidentjosemontilla.cat\\\/es\\\/entrevista-en-agencia-efe\\\/#primaryimage\"},\"image\":{\"@id\":\"https:\\\/\\\/presidentjosemontilla.cat\\\/es\\\/entrevista-en-agencia-efe\\\/#primaryimage\"},\"thumbnailUrl\":\"https:\\\/\\\/presidentjosemontilla.cat\\\/wp-content\\\/uploads\\\/2020\\\/02\\\/jose-montilla-efe_1_630x630.jpeg\",\"datePublished\":\"2020-02-19T09:48:03+00:00\",\"breadcrumb\":{\"@id\":\"https:\\\/\\\/presidentjosemontilla.cat\\\/es\\\/entrevista-en-agencia-efe\\\/#breadcrumb\"},\"inLanguage\":\"es\",\"potentialAction\":[{\"@type\":\"ReadAction\",\"target\":[\"https:\\\/\\\/presidentjosemontilla.cat\\\/es\\\/entrevista-en-agencia-efe\\\/\"]}]},{\"@type\":\"ImageObject\",\"inLanguage\":\"es\",\"@id\":\"https:\\\/\\\/presidentjosemontilla.cat\\\/es\\\/entrevista-en-agencia-efe\\\/#primaryimage\",\"url\":\"https:\\\/\\\/presidentjosemontilla.cat\\\/wp-content\\\/uploads\\\/2020\\\/02\\\/jose-montilla-efe_1_630x630.jpeg\",\"contentUrl\":\"https:\\\/\\\/presidentjosemontilla.cat\\\/wp-content\\\/uploads\\\/2020\\\/02\\\/jose-montilla-efe_1_630x630.jpeg\",\"width\":630,\"height\":630},{\"@type\":\"BreadcrumbList\",\"@id\":\"https:\\\/\\\/presidentjosemontilla.cat\\\/es\\\/entrevista-en-agencia-efe\\\/#breadcrumb\",\"itemListElement\":[{\"@type\":\"ListItem\",\"position\":1,\"name\":\"Portada\",\"item\":\"https:\\\/\\\/presidentjosemontilla.cat\\\/es\\\/\"},{\"@type\":\"ListItem\",\"position\":2,\"name\":\"Entrevista en agencia EFE\"}]},{\"@type\":\"WebSite\",\"@id\":\"https:\\\/\\\/presidentjosemontilla.cat\\\/es\\\/#website\",\"url\":\"https:\\\/\\\/presidentjosemontilla.cat\\\/es\\\/\",\"name\":\"President Jos\u00e9 Montilla\",\"description\":\"Web del 128\u00e8 president de la Generalitat de Catalunya\",\"publisher\":{\"@id\":\"https:\\\/\\\/presidentjosemontilla.cat\\\/es\\\/#organization\"},\"potentialAction\":[{\"@type\":\"SearchAction\",\"target\":{\"@type\":\"EntryPoint\",\"urlTemplate\":\"https:\\\/\\\/presidentjosemontilla.cat\\\/es\\\/?s={search_term_string}\"},\"query-input\":{\"@type\":\"PropertyValueSpecification\",\"valueRequired\":true,\"valueName\":\"search_term_string\"}}],\"inLanguage\":\"es\"},{\"@type\":\"Organization\",\"@id\":\"https:\\\/\\\/presidentjosemontilla.cat\\\/es\\\/#organization\",\"name\":\"President Jos\u00e9 Montilla\",\"url\":\"https:\\\/\\\/presidentjosemontilla.cat\\\/es\\\/\",\"logo\":{\"@type\":\"ImageObject\",\"inLanguage\":\"es\",\"@id\":\"https:\\\/\\\/presidentjosemontilla.cat\\\/es\\\/#\\\/schema\\\/logo\\\/image\\\/\",\"url\":\"https:\\\/\\\/presidentjosemontilla.cat\\\/wp-content\\\/uploads\\\/2019\\\/09\\\/logo2.png\",\"contentUrl\":\"https:\\\/\\\/presidentjosemontilla.cat\\\/wp-content\\\/uploads\\\/2019\\\/09\\\/logo2.png\",\"width\":350,\"height\":60,\"caption\":\"President Jos\u00e9 Montilla\"},\"image\":{\"@id\":\"https:\\\/\\\/presidentjosemontilla.cat\\\/es\\\/#\\\/schema\\\/logo\\\/image\\\/\"}},{\"@type\":\"Person\",\"@id\":\"https:\\\/\\\/presidentjosemontilla.cat\\\/es\\\/#\\\/schema\\\/person\\\/f36cbd21c0ca240e3f825efdf1149484\",\"name\":\"Oficina de Jos\u00e9 Montilla\",\"image\":{\"@type\":\"ImageObject\",\"inLanguage\":\"es\",\"@id\":\"https:\\\/\\\/secure.gravatar.com\\\/avatar\\\/33c91c345935ef6b4b0dea373a0addb58d127dab8ae459c970458ce720d66dad?s=96&d=mm&r=g\",\"url\":\"https:\\\/\\\/secure.gravatar.com\\\/avatar\\\/33c91c345935ef6b4b0dea373a0addb58d127dab8ae459c970458ce720d66dad?s=96&d=mm&r=g\",\"contentUrl\":\"https:\\\/\\\/secure.gravatar.com\\\/avatar\\\/33c91c345935ef6b4b0dea373a0addb58d127dab8ae459c970458ce720d66dad?s=96&d=mm&r=g\",\"caption\":\"Oficina de Jos\u00e9 Montilla\"},\"url\":\"https:\\\/\\\/presidentjosemontilla.cat\\\/es\\\/author\\\/oficina-jose-montilla\\\/\"}]}<\/script>\n<!-- \/ Yoast SEO plugin. -->","yoast_head_json":{"title":"Entrevista en agencia EFE - President Jos\u00e9 Montilla","robots":{"index":"index","follow":"follow","max-snippet":"max-snippet:-1","max-image-preview":"max-image-preview:large","max-video-preview":"max-video-preview:-1"},"canonical":"https:\/\/presidentjosemontilla.cat\/es\/entrevista-en-agencia-efe\/","og_locale":"es_ES","og_type":"article","og_title":"Entrevista en agencia EFE - President Jos\u00e9 Montilla","og_description":"La semana pasada la agencia EFE \u00a0me grab\u00f3 una entrevista que se ha ido publicando en diferentes partes. Aqu\u00ed ten\u00e9is la repercusi\u00f3n de la entrevista en algunos medios de comunicaci\u00f3n. Montilla rechaza la propuesta de Cs de alianza en Catalu\u00f1a:&hellip;","og_url":"https:\/\/presidentjosemontilla.cat\/es\/entrevista-en-agencia-efe\/","og_site_name":"President Jos\u00e9 Montilla","article_published_time":"2020-02-19T09:48:03+00:00","og_image":[{"width":630,"height":630,"url":"https:\/\/presidentjosemontilla.cat\/wp-content\/uploads\/2020\/02\/jose-montilla-efe_1_630x630.jpeg","type":"image\/jpeg"}],"author":"Oficina de Jos\u00e9 Montilla","twitter_card":"summary_large_image","twitter_misc":{"Escrito por":"Oficina de Jos\u00e9 Montilla","Tiempo de lectura":"1 minuto"},"schema":{"@context":"https:\/\/schema.org","@graph":[{"@type":"Article","@id":"https:\/\/presidentjosemontilla.cat\/es\/entrevista-en-agencia-efe\/#article","isPartOf":{"@id":"https:\/\/presidentjosemontilla.cat\/es\/entrevista-en-agencia-efe\/"},"author":{"name":"Oficina de Jos\u00e9 Montilla","@id":"https:\/\/presidentjosemontilla.cat\/es\/#\/schema\/person\/f36cbd21c0ca240e3f825efdf1149484"},"headline":"Entrevista en agencia EFE","datePublished":"2020-02-19T09:48:03+00:00","mainEntityOfPage":{"@id":"https:\/\/presidentjosemontilla.cat\/es\/entrevista-en-agencia-efe\/"},"wordCount":178,"commentCount":0,"publisher":{"@id":"https:\/\/presidentjosemontilla.cat\/es\/#organization"},"image":{"@id":"https:\/\/presidentjosemontilla.cat\/es\/entrevista-en-agencia-efe\/#primaryimage"},"thumbnailUrl":"https:\/\/presidentjosemontilla.cat\/wp-content\/uploads\/2020\/02\/jose-montilla-efe_1_630x630.jpeg","keywords":["Catalunya","Catalunya y Espa\u00f1a","EFE","entrevista"],"articleSection":["Actividad","Medios de comunicaci\u00f3n","Opini\u00f3n"],"inLanguage":"es","potentialAction":[{"@type":"CommentAction","name":"Comment","target":["https:\/\/presidentjosemontilla.cat\/es\/entrevista-en-agencia-efe\/#respond"]}]},{"@type":"WebPage","@id":"https:\/\/presidentjosemontilla.cat\/es\/entrevista-en-agencia-efe\/","url":"https:\/\/presidentjosemontilla.cat\/es\/entrevista-en-agencia-efe\/","name":"Entrevista en agencia EFE - President Jos\u00e9 Montilla","isPartOf":{"@id":"https:\/\/presidentjosemontilla.cat\/es\/#website"},"primaryImageOfPage":{"@id":"https:\/\/presidentjosemontilla.cat\/es\/entrevista-en-agencia-efe\/#primaryimage"},"image":{"@id":"https:\/\/presidentjosemontilla.cat\/es\/entrevista-en-agencia-efe\/#primaryimage"},"thumbnailUrl":"https:\/\/presidentjosemontilla.cat\/wp-content\/uploads\/2020\/02\/jose-montilla-efe_1_630x630.jpeg","datePublished":"2020-02-19T09:48:03+00:00","breadcrumb":{"@id":"https:\/\/presidentjosemontilla.cat\/es\/entrevista-en-agencia-efe\/#breadcrumb"},"inLanguage":"es","potentialAction":[{"@type":"ReadAction","target":["https:\/\/presidentjosemontilla.cat\/es\/entrevista-en-agencia-efe\/"]}]},{"@type":"ImageObject","inLanguage":"es","@id":"https:\/\/presidentjosemontilla.cat\/es\/entrevista-en-agencia-efe\/#primaryimage","url":"https:\/\/presidentjosemontilla.cat\/wp-content\/uploads\/2020\/02\/jose-montilla-efe_1_630x630.jpeg","contentUrl":"https:\/\/presidentjosemontilla.cat\/wp-content\/uploads\/2020\/02\/jose-montilla-efe_1_630x630.jpeg","width":630,"height":630},{"@type":"BreadcrumbList","@id":"https:\/\/presidentjosemontilla.cat\/es\/entrevista-en-agencia-efe\/#breadcrumb","itemListElement":[{"@type":"ListItem","position":1,"name":"Portada","item":"https:\/\/presidentjosemontilla.cat\/es\/"},{"@type":"ListItem","position":2,"name":"Entrevista en agencia EFE"}]},{"@type":"WebSite","@id":"https:\/\/presidentjosemontilla.cat\/es\/#website","url":"https:\/\/presidentjosemontilla.cat\/es\/","name":"President Jos\u00e9 Montilla","description":"Web del 128\u00e8 president de la Generalitat de Catalunya","publisher":{"@id":"https:\/\/presidentjosemontilla.cat\/es\/#organization"},"potentialAction":[{"@type":"SearchAction","target":{"@type":"EntryPoint","urlTemplate":"https:\/\/presidentjosemontilla.cat\/es\/?s={search_term_string}"},"query-input":{"@type":"PropertyValueSpecification","valueRequired":true,"valueName":"search_term_string"}}],"inLanguage":"es"},{"@type":"Organization","@id":"https:\/\/presidentjosemontilla.cat\/es\/#organization","name":"President Jos\u00e9 Montilla","url":"https:\/\/presidentjosemontilla.cat\/es\/","logo":{"@type":"ImageObject","inLanguage":"es","@id":"https:\/\/presidentjosemontilla.cat\/es\/#\/schema\/logo\/image\/","url":"https:\/\/presidentjosemontilla.cat\/wp-content\/uploads\/2019\/09\/logo2.png","contentUrl":"https:\/\/presidentjosemontilla.cat\/wp-content\/uploads\/2019\/09\/logo2.png","width":350,"height":60,"caption":"President Jos\u00e9 Montilla"},"image":{"@id":"https:\/\/presidentjosemontilla.cat\/es\/#\/schema\/logo\/image\/"}},{"@type":"Person","@id":"https:\/\/presidentjosemontilla.cat\/es\/#\/schema\/person\/f36cbd21c0ca240e3f825efdf1149484","name":"Oficina de Jos\u00e9 Montilla","image":{"@type":"ImageObject","inLanguage":"es","@id":"https:\/\/secure.gravatar.com\/avatar\/33c91c345935ef6b4b0dea373a0addb58d127dab8ae459c970458ce720d66dad?s=96&d=mm&r=g","url":"https:\/\/secure.gravatar.com\/avatar\/33c91c345935ef6b4b0dea373a0addb58d127dab8ae459c970458ce720d66dad?s=96&d=mm&r=g","contentUrl":"https:\/\/secure.gravatar.com\/avatar\/33c91c345935ef6b4b0dea373a0addb58d127dab8ae459c970458ce720d66dad?s=96&d=mm&r=g","caption":"Oficina de Jos\u00e9 Montilla"},"url":"https:\/\/presidentjosemontilla.cat\/es\/author\/oficina-jose-montilla\/"}]}},"_links":{"self":[{"href":"https:\/\/presidentjosemontilla.cat\/es\/wp-json\/wp\/v2\/posts\/4649","targetHints":{"allow":["GET"]}}],"collection":[{"href":"https:\/\/presidentjosemontilla.cat\/es\/wp-json\/wp\/v2\/posts"}],"about":[{"href":"https:\/\/presidentjosemontilla.cat\/es\/wp-json\/wp\/v2\/types\/post"}],"author":[{"embeddable":true,"href":"https:\/\/presidentjosemontilla.cat\/es\/wp-json\/wp\/v2\/users\/5"}],"replies":[{"embeddable":true,"href":"https:\/\/presidentjosemontilla.cat\/es\/wp-json\/wp\/v2\/comments?post=4649"}],"version-history":[{"count":4,"href":"https:\/\/presidentjosemontilla.cat\/es\/wp-json\/wp\/v2\/posts\/4649\/revisions"}],"predecessor-version":[{"id":4654,"href":"https:\/\/presidentjosemontilla.cat\/es\/wp-json\/wp\/v2\/posts\/4649\/revisions\/4654"}],"wp:featuredmedia":[{"embeddable":true,"href":"https:\/\/presidentjosemontilla.cat\/es\/wp-json\/wp\/v2\/media\/4645"}],"wp:attachment":[{"href":"https:\/\/presidentjosemontilla.cat\/es\/wp-json\/wp\/v2\/media?parent=4649"}],"wp:term":[{"taxonomy":"category","embeddable":true,"href":"https:\/\/presidentjosemontilla.cat\/es\/wp-json\/wp\/v2\/categories?post=4649"},{"taxonomy":"post_tag","embeddable":true,"href":"https:\/\/presidentjosemontilla.cat\/es\/wp-json\/wp\/v2\/tags?post=4649"},{"taxonomy":"post_series","embeddable":true,"href":"https:\/\/presidentjosemontilla.cat\/es\/wp-json\/wp\/v2\/post_series?post=4649"}],"curies":[{"name":"wp","href":"https:\/\/api.w.org\/{rel}","templated":true}]}}