{"id":507,"date":"2012-07-26T17:37:09","date_gmt":"2012-07-26T17:37:09","guid":{"rendered":"http:\/\/presidentjosemontilla.cat\/es\/?p=507"},"modified":"2020-07-20T08:41:07","modified_gmt":"2020-07-20T08:41:07","slug":"nunca-un-gobierno-habia-defraudado-tanto-en-tan-poco-tiempo","status":"publish","type":"post","link":"https:\/\/presidentjosemontilla.cat\/es\/nunca-un-gobierno-habia-defraudado-tanto-en-tan-poco-tiempo\/","title":{"rendered":"\u00abNunca un gobierno hab\u00eda defraudado tanto en tan poco tiempo\u00bb"},"content":{"rendered":"<p style=\"text-align: justify\"><a href=\"http:\/\/presidentjosemontilla.cat\/cat\/files\/MHP_Senat-260x173.jpg\"><img loading=\"lazy\" decoding=\"async\" class=\"alignleft\" title=\"MHP Senat\" src=\"http:\/\/presidentjosemontilla.cat\/cat\/files\/MHP_Senat-260x173.jpg\" alt=\"\" width=\"260\" height=\"173\" \/><\/a><\/p>\n<p style=\"text-align: justify\">El expresident de la Generalitat de Catalunya y actual Portavoz del Grupo de Entesa, Jos\u00e9 Montilla, ha afirmado esta ma\u00f1ana en el Pleno del Senado que en siete meses, el Gobierno del Estado \u00abha cambiado de programa y de pol\u00edtica , y que los Presupuestos Generales del Estado son un instrumento superado\u00a0aunque se\u00a0aprobaron por las Cortes Generales har\u00e1 un mes \u00ab.<\/p>\n<p style=\"text-align: justify\">As\u00ed,\u00a0ha constatado\u00a0que el Gobierno ha pasado del \u00abno subir el IVA\u00bb, a efectuar un incremento que reducir\u00e1 el consumo, la actividad econ\u00f3mica y el empleo y que afectar\u00e1 gravemente a sectores como los aut\u00f3nomos y el sector de la cultura , del \u00abno recortaremos la salud, la educaci\u00f3n y las prestaciones de desempleo\u00bb a recortar estas prestaciones, directamente, o condicionando a\u00a0las Comunidades Aut\u00f3nomas a hacerlo. En definitiva, ha a\u00f1adido, \u00abmedidas de austeridad, en solitario, no acompa\u00f1adas de est\u00edmulos al crecimiento\u00bb, y\u00a0ha rematado\u00a0\u00abya conocemos el resultado en estos meses: m\u00e1s paro, menos crecimiento, m\u00e1s desigualdad, m\u00e1s desconfianza. Nunca un gobierno hab\u00eda defraudado tanto en tan poco tiempo \u00ab.<\/p>\n<p style=\"text-align: justify\">Por otra parte, ha puesto de manifiesto que hay quien quiere desprestigiar el Estado de las Autonom\u00edas y aprovecha la crisis para enmascarar un prop\u00f3sito de recentralizaci\u00f3n, poniendo en riesgo el pacto constitucional de finales de la d\u00e9cada de los setenta.<\/p>\n<p style=\"text-align: justify\"><strong><a href=\"http:\/\/presidentjosemontilla.cat\/cat\/files\/20120726_INTERVENCIO_MHP_SENAT.pdf\">INTERVENCI\u00d3N MHP SENADO<\/a>\u00a0<\/strong>(26\/07\/2012)<\/p>\n<p style=\"text-align: justify\">\n","protected":false},"excerpt":{"rendered":"<p>El expresident de la Generalitat de Catalunya y actual Portavoz del Grupo de Entesa, Jos\u00e9 Montilla, ha afirmado esta ma\u00f1ana en el Pleno del Senado que en siete meses, el Gobierno del Estado \u00abha cambiado de programa y de pol\u00edtica&hellip;<\/p>\n","protected":false},"author":5,"featured_media":0,"comment_status":"open","ping_status":"open","sticky":false,"template":"","format":"standard","meta":{"footnotes":""},"categories":[3,4,8],"tags":[],"post_series":[],"class_list":["post-507","post","type-post","status-publish","format-standard","hentry","category-actividad","category-opinion","category-textos-es","entry","no-media"],"yoast_head":"<!-- This site is optimized with the Yoast SEO plugin v27.5 - https:\/\/yoast.com\/product\/yoast-seo-wordpress\/ -->\n<title>&quot;Nunca un gobierno hab\u00eda defraudado tanto en tan poco tiempo&quot; - President Jos\u00e9 Montilla<\/title>\n<meta name=\"robots\" content=\"index, follow, max-snippet:-1, max-image-preview:large, max-video-preview:-1\" \/>\n<link rel=\"canonical\" href=\"https:\/\/presidentjosemontilla.cat\/es\/nunca-un-gobierno-habia-defraudado-tanto-en-tan-poco-tiempo\/\" \/>\n<meta property=\"og:locale\" content=\"es_ES\" \/>\n<meta property=\"og:type\" content=\"article\" \/>\n<meta property=\"og:title\" content=\"&quot;Nunca un gobierno hab\u00eda defraudado tanto en tan poco tiempo&quot; - President Jos\u00e9 Montilla\" \/>\n<meta property=\"og:description\" content=\"El expresident de la Generalitat de Catalunya y actual Portavoz del Grupo de Entesa, Jos\u00e9 Montilla, ha afirmado esta ma\u00f1ana en el Pleno del Senado que en siete meses, el Gobierno del Estado \u00abha cambiado de programa y de pol\u00edtica&hellip;\" \/>\n<meta property=\"og:url\" content=\"https:\/\/presidentjosemontilla.cat\/es\/nunca-un-gobierno-habia-defraudado-tanto-en-tan-poco-tiempo\/\" \/>\n<meta property=\"og:site_name\" content=\"President Jos\u00e9 Montilla\" \/>\n<meta property=\"article:published_time\" content=\"2012-07-26T17:37:09+00:00\" \/>\n<meta property=\"article:modified_time\" content=\"2020-07-20T08:41:07+00:00\" \/>\n<meta property=\"og:image\" content=\"http:\/\/presidentjosemontilla.cat\/cat\/files\/MHP_Senat-260x173.jpg\" \/>\n<meta name=\"author\" content=\"Oficina de Jos\u00e9 Montilla\" \/>\n<meta name=\"twitter:card\" content=\"summary_large_image\" \/>\n<meta name=\"twitter:label1\" content=\"Escrito por\" \/>\n\t<meta name=\"twitter:data1\" content=\"Oficina de Jos\u00e9 Montilla\" \/>\n\t<meta name=\"twitter:label2\" content=\"Tiempo de lectura\" \/>\n\t<meta name=\"twitter:data2\" content=\"1 minuto\" \/>\n<script type=\"application\/ld+json\" class=\"yoast-schema-graph\">{\"@context\":\"https:\\\/\\\/schema.org\",\"@graph\":[{\"@type\":\"Article\",\"@id\":\"https:\\\/\\\/presidentjosemontilla.cat\\\/es\\\/nunca-un-gobierno-habia-defraudado-tanto-en-tan-poco-tiempo\\\/#article\",\"isPartOf\":{\"@id\":\"https:\\\/\\\/presidentjosemontilla.cat\\\/es\\\/nunca-un-gobierno-habia-defraudado-tanto-en-tan-poco-tiempo\\\/\"},\"author\":{\"name\":\"Oficina de Jos\u00e9 Montilla\",\"@id\":\"https:\\\/\\\/presidentjosemontilla.cat\\\/es\\\/#\\\/schema\\\/person\\\/f36cbd21c0ca240e3f825efdf1149484\"},\"headline\":\"\u00abNunca un gobierno hab\u00eda defraudado tanto en tan poco tiempo\u00bb\",\"datePublished\":\"2012-07-26T17:37:09+00:00\",\"dateModified\":\"2020-07-20T08:41:07+00:00\",\"mainEntityOfPage\":{\"@id\":\"https:\\\/\\\/presidentjosemontilla.cat\\\/es\\\/nunca-un-gobierno-habia-defraudado-tanto-en-tan-poco-tiempo\\\/\"},\"wordCount\":244,\"commentCount\":0,\"publisher\":{\"@id\":\"https:\\\/\\\/presidentjosemontilla.cat\\\/es\\\/#organization\"},\"image\":{\"@id\":\"https:\\\/\\\/presidentjosemontilla.cat\\\/es\\\/nunca-un-gobierno-habia-defraudado-tanto-en-tan-poco-tiempo\\\/#primaryimage\"},\"thumbnailUrl\":\"http:\\\/\\\/presidentjosemontilla.cat\\\/cat\\\/files\\\/MHP_Senat-260x173.jpg\",\"articleSection\":[\"Actividad\",\"Opini\u00f3n\",\"Textos\"],\"inLanguage\":\"es\",\"potentialAction\":[{\"@type\":\"CommentAction\",\"name\":\"Comment\",\"target\":[\"https:\\\/\\\/presidentjosemontilla.cat\\\/es\\\/nunca-un-gobierno-habia-defraudado-tanto-en-tan-poco-tiempo\\\/#respond\"]}]},{\"@type\":\"WebPage\",\"@id\":\"https:\\\/\\\/presidentjosemontilla.cat\\\/es\\\/nunca-un-gobierno-habia-defraudado-tanto-en-tan-poco-tiempo\\\/\",\"url\":\"https:\\\/\\\/presidentjosemontilla.cat\\\/es\\\/nunca-un-gobierno-habia-defraudado-tanto-en-tan-poco-tiempo\\\/\",\"name\":\"\\\"Nunca un gobierno hab\u00eda defraudado tanto en tan poco tiempo\\\" - President Jos\u00e9 Montilla\",\"isPartOf\":{\"@id\":\"https:\\\/\\\/presidentjosemontilla.cat\\\/es\\\/#website\"},\"primaryImageOfPage\":{\"@id\":\"https:\\\/\\\/presidentjosemontilla.cat\\\/es\\\/nunca-un-gobierno-habia-defraudado-tanto-en-tan-poco-tiempo\\\/#primaryimage\"},\"image\":{\"@id\":\"https:\\\/\\\/presidentjosemontilla.cat\\\/es\\\/nunca-un-gobierno-habia-defraudado-tanto-en-tan-poco-tiempo\\\/#primaryimage\"},\"thumbnailUrl\":\"http:\\\/\\\/presidentjosemontilla.cat\\\/cat\\\/files\\\/MHP_Senat-260x173.jpg\",\"datePublished\":\"2012-07-26T17:37:09+00:00\",\"dateModified\":\"2020-07-20T08:41:07+00:00\",\"breadcrumb\":{\"@id\":\"https:\\\/\\\/presidentjosemontilla.cat\\\/es\\\/nunca-un-gobierno-habia-defraudado-tanto-en-tan-poco-tiempo\\\/#breadcrumb\"},\"inLanguage\":\"es\",\"potentialAction\":[{\"@type\":\"ReadAction\",\"target\":[\"https:\\\/\\\/presidentjosemontilla.cat\\\/es\\\/nunca-un-gobierno-habia-defraudado-tanto-en-tan-poco-tiempo\\\/\"]}]},{\"@type\":\"ImageObject\",\"inLanguage\":\"es\",\"@id\":\"https:\\\/\\\/presidentjosemontilla.cat\\\/es\\\/nunca-un-gobierno-habia-defraudado-tanto-en-tan-poco-tiempo\\\/#primaryimage\",\"url\":\"http:\\\/\\\/presidentjosemontilla.cat\\\/cat\\\/files\\\/MHP_Senat-260x173.jpg\",\"contentUrl\":\"http:\\\/\\\/presidentjosemontilla.cat\\\/cat\\\/files\\\/MHP_Senat-260x173.jpg\"},{\"@type\":\"BreadcrumbList\",\"@id\":\"https:\\\/\\\/presidentjosemontilla.cat\\\/es\\\/nunca-un-gobierno-habia-defraudado-tanto-en-tan-poco-tiempo\\\/#breadcrumb\",\"itemListElement\":[{\"@type\":\"ListItem\",\"position\":1,\"name\":\"Portada\",\"item\":\"https:\\\/\\\/presidentjosemontilla.cat\\\/es\\\/\"},{\"@type\":\"ListItem\",\"position\":2,\"name\":\"&#8220;Nunca un gobierno hab\u00eda defraudado tanto en tan poco tiempo&#8221;\"}]},{\"@type\":\"WebSite\",\"@id\":\"https:\\\/\\\/presidentjosemontilla.cat\\\/es\\\/#website\",\"url\":\"https:\\\/\\\/presidentjosemontilla.cat\\\/es\\\/\",\"name\":\"President Jos\u00e9 Montilla\",\"description\":\"Web del 128\u00e8 president de la Generalitat de Catalunya\",\"publisher\":{\"@id\":\"https:\\\/\\\/presidentjosemontilla.cat\\\/es\\\/#organization\"},\"potentialAction\":[{\"@type\":\"SearchAction\",\"target\":{\"@type\":\"EntryPoint\",\"urlTemplate\":\"https:\\\/\\\/presidentjosemontilla.cat\\\/es\\\/?s={search_term_string}\"},\"query-input\":{\"@type\":\"PropertyValueSpecification\",\"valueRequired\":true,\"valueName\":\"search_term_string\"}}],\"inLanguage\":\"es\"},{\"@type\":\"Organization\",\"@id\":\"https:\\\/\\\/presidentjosemontilla.cat\\\/es\\\/#organization\",\"name\":\"President Jos\u00e9 Montilla\",\"url\":\"https:\\\/\\\/presidentjosemontilla.cat\\\/es\\\/\",\"logo\":{\"@type\":\"ImageObject\",\"inLanguage\":\"es\",\"@id\":\"https:\\\/\\\/presidentjosemontilla.cat\\\/es\\\/#\\\/schema\\\/logo\\\/image\\\/\",\"url\":\"https:\\\/\\\/presidentjosemontilla.cat\\\/wp-content\\\/uploads\\\/2019\\\/09\\\/logo2.png\",\"contentUrl\":\"https:\\\/\\\/presidentjosemontilla.cat\\\/wp-content\\\/uploads\\\/2019\\\/09\\\/logo2.png\",\"width\":350,\"height\":60,\"caption\":\"President Jos\u00e9 Montilla\"},\"image\":{\"@id\":\"https:\\\/\\\/presidentjosemontilla.cat\\\/es\\\/#\\\/schema\\\/logo\\\/image\\\/\"}},{\"@type\":\"Person\",\"@id\":\"https:\\\/\\\/presidentjosemontilla.cat\\\/es\\\/#\\\/schema\\\/person\\\/f36cbd21c0ca240e3f825efdf1149484\",\"name\":\"Oficina de Jos\u00e9 Montilla\",\"image\":{\"@type\":\"ImageObject\",\"inLanguage\":\"es\",\"@id\":\"https:\\\/\\\/secure.gravatar.com\\\/avatar\\\/33c91c345935ef6b4b0dea373a0addb58d127dab8ae459c970458ce720d66dad?s=96&d=mm&r=g\",\"url\":\"https:\\\/\\\/secure.gravatar.com\\\/avatar\\\/33c91c345935ef6b4b0dea373a0addb58d127dab8ae459c970458ce720d66dad?s=96&d=mm&r=g\",\"contentUrl\":\"https:\\\/\\\/secure.gravatar.com\\\/avatar\\\/33c91c345935ef6b4b0dea373a0addb58d127dab8ae459c970458ce720d66dad?s=96&d=mm&r=g\",\"caption\":\"Oficina de Jos\u00e9 Montilla\"},\"url\":\"https:\\\/\\\/presidentjosemontilla.cat\\\/es\\\/author\\\/oficina-jose-montilla\\\/\"}]}<\/script>\n<!-- \/ Yoast SEO plugin. -->","yoast_head_json":{"title":"\"Nunca un gobierno hab\u00eda defraudado tanto en tan poco tiempo\" - President Jos\u00e9 Montilla","robots":{"index":"index","follow":"follow","max-snippet":"max-snippet:-1","max-image-preview":"max-image-preview:large","max-video-preview":"max-video-preview:-1"},"canonical":"https:\/\/presidentjosemontilla.cat\/es\/nunca-un-gobierno-habia-defraudado-tanto-en-tan-poco-tiempo\/","og_locale":"es_ES","og_type":"article","og_title":"\"Nunca un gobierno hab\u00eda defraudado tanto en tan poco tiempo\" - President Jos\u00e9 Montilla","og_description":"El expresident de la Generalitat de Catalunya y actual Portavoz del Grupo de Entesa, Jos\u00e9 Montilla, ha afirmado esta ma\u00f1ana en el Pleno del Senado que en siete meses, el Gobierno del Estado \u00abha cambiado de programa y de pol\u00edtica&hellip;","og_url":"https:\/\/presidentjosemontilla.cat\/es\/nunca-un-gobierno-habia-defraudado-tanto-en-tan-poco-tiempo\/","og_site_name":"President Jos\u00e9 Montilla","article_published_time":"2012-07-26T17:37:09+00:00","article_modified_time":"2020-07-20T08:41:07+00:00","og_image":[{"url":"http:\/\/presidentjosemontilla.cat\/cat\/files\/MHP_Senat-260x173.jpg","type":"","width":"","height":""}],"author":"Oficina de Jos\u00e9 Montilla","twitter_card":"summary_large_image","twitter_misc":{"Escrito por":"Oficina de Jos\u00e9 Montilla","Tiempo de lectura":"1 minuto"},"schema":{"@context":"https:\/\/schema.org","@graph":[{"@type":"Article","@id":"https:\/\/presidentjosemontilla.cat\/es\/nunca-un-gobierno-habia-defraudado-tanto-en-tan-poco-tiempo\/#article","isPartOf":{"@id":"https:\/\/presidentjosemontilla.cat\/es\/nunca-un-gobierno-habia-defraudado-tanto-en-tan-poco-tiempo\/"},"author":{"name":"Oficina de Jos\u00e9 Montilla","@id":"https:\/\/presidentjosemontilla.cat\/es\/#\/schema\/person\/f36cbd21c0ca240e3f825efdf1149484"},"headline":"\u00abNunca un gobierno hab\u00eda defraudado tanto en tan poco tiempo\u00bb","datePublished":"2012-07-26T17:37:09+00:00","dateModified":"2020-07-20T08:41:07+00:00","mainEntityOfPage":{"@id":"https:\/\/presidentjosemontilla.cat\/es\/nunca-un-gobierno-habia-defraudado-tanto-en-tan-poco-tiempo\/"},"wordCount":244,"commentCount":0,"publisher":{"@id":"https:\/\/presidentjosemontilla.cat\/es\/#organization"},"image":{"@id":"https:\/\/presidentjosemontilla.cat\/es\/nunca-un-gobierno-habia-defraudado-tanto-en-tan-poco-tiempo\/#primaryimage"},"thumbnailUrl":"http:\/\/presidentjosemontilla.cat\/cat\/files\/MHP_Senat-260x173.jpg","articleSection":["Actividad","Opini\u00f3n","Textos"],"inLanguage":"es","potentialAction":[{"@type":"CommentAction","name":"Comment","target":["https:\/\/presidentjosemontilla.cat\/es\/nunca-un-gobierno-habia-defraudado-tanto-en-tan-poco-tiempo\/#respond"]}]},{"@type":"WebPage","@id":"https:\/\/presidentjosemontilla.cat\/es\/nunca-un-gobierno-habia-defraudado-tanto-en-tan-poco-tiempo\/","url":"https:\/\/presidentjosemontilla.cat\/es\/nunca-un-gobierno-habia-defraudado-tanto-en-tan-poco-tiempo\/","name":"\"Nunca un gobierno hab\u00eda defraudado tanto en tan poco tiempo\" - President Jos\u00e9 Montilla","isPartOf":{"@id":"https:\/\/presidentjosemontilla.cat\/es\/#website"},"primaryImageOfPage":{"@id":"https:\/\/presidentjosemontilla.cat\/es\/nunca-un-gobierno-habia-defraudado-tanto-en-tan-poco-tiempo\/#primaryimage"},"image":{"@id":"https:\/\/presidentjosemontilla.cat\/es\/nunca-un-gobierno-habia-defraudado-tanto-en-tan-poco-tiempo\/#primaryimage"},"thumbnailUrl":"http:\/\/presidentjosemontilla.cat\/cat\/files\/MHP_Senat-260x173.jpg","datePublished":"2012-07-26T17:37:09+00:00","dateModified":"2020-07-20T08:41:07+00:00","breadcrumb":{"@id":"https:\/\/presidentjosemontilla.cat\/es\/nunca-un-gobierno-habia-defraudado-tanto-en-tan-poco-tiempo\/#breadcrumb"},"inLanguage":"es","potentialAction":[{"@type":"ReadAction","target":["https:\/\/presidentjosemontilla.cat\/es\/nunca-un-gobierno-habia-defraudado-tanto-en-tan-poco-tiempo\/"]}]},{"@type":"ImageObject","inLanguage":"es","@id":"https:\/\/presidentjosemontilla.cat\/es\/nunca-un-gobierno-habia-defraudado-tanto-en-tan-poco-tiempo\/#primaryimage","url":"http:\/\/presidentjosemontilla.cat\/cat\/files\/MHP_Senat-260x173.jpg","contentUrl":"http:\/\/presidentjosemontilla.cat\/cat\/files\/MHP_Senat-260x173.jpg"},{"@type":"BreadcrumbList","@id":"https:\/\/presidentjosemontilla.cat\/es\/nunca-un-gobierno-habia-defraudado-tanto-en-tan-poco-tiempo\/#breadcrumb","itemListElement":[{"@type":"ListItem","position":1,"name":"Portada","item":"https:\/\/presidentjosemontilla.cat\/es\/"},{"@type":"ListItem","position":2,"name":"&#8220;Nunca un gobierno hab\u00eda defraudado tanto en tan poco tiempo&#8221;"}]},{"@type":"WebSite","@id":"https:\/\/presidentjosemontilla.cat\/es\/#website","url":"https:\/\/presidentjosemontilla.cat\/es\/","name":"President Jos\u00e9 Montilla","description":"Web del 128\u00e8 president de la Generalitat de Catalunya","publisher":{"@id":"https:\/\/presidentjosemontilla.cat\/es\/#organization"},"potentialAction":[{"@type":"SearchAction","target":{"@type":"EntryPoint","urlTemplate":"https:\/\/presidentjosemontilla.cat\/es\/?s={search_term_string}"},"query-input":{"@type":"PropertyValueSpecification","valueRequired":true,"valueName":"search_term_string"}}],"inLanguage":"es"},{"@type":"Organization","@id":"https:\/\/presidentjosemontilla.cat\/es\/#organization","name":"President Jos\u00e9 Montilla","url":"https:\/\/presidentjosemontilla.cat\/es\/","logo":{"@type":"ImageObject","inLanguage":"es","@id":"https:\/\/presidentjosemontilla.cat\/es\/#\/schema\/logo\/image\/","url":"https:\/\/presidentjosemontilla.cat\/wp-content\/uploads\/2019\/09\/logo2.png","contentUrl":"https:\/\/presidentjosemontilla.cat\/wp-content\/uploads\/2019\/09\/logo2.png","width":350,"height":60,"caption":"President Jos\u00e9 Montilla"},"image":{"@id":"https:\/\/presidentjosemontilla.cat\/es\/#\/schema\/logo\/image\/"}},{"@type":"Person","@id":"https:\/\/presidentjosemontilla.cat\/es\/#\/schema\/person\/f36cbd21c0ca240e3f825efdf1149484","name":"Oficina de Jos\u00e9 Montilla","image":{"@type":"ImageObject","inLanguage":"es","@id":"https:\/\/secure.gravatar.com\/avatar\/33c91c345935ef6b4b0dea373a0addb58d127dab8ae459c970458ce720d66dad?s=96&d=mm&r=g","url":"https:\/\/secure.gravatar.com\/avatar\/33c91c345935ef6b4b0dea373a0addb58d127dab8ae459c970458ce720d66dad?s=96&d=mm&r=g","contentUrl":"https:\/\/secure.gravatar.com\/avatar\/33c91c345935ef6b4b0dea373a0addb58d127dab8ae459c970458ce720d66dad?s=96&d=mm&r=g","caption":"Oficina de Jos\u00e9 Montilla"},"url":"https:\/\/presidentjosemontilla.cat\/es\/author\/oficina-jose-montilla\/"}]}},"_links":{"self":[{"href":"https:\/\/presidentjosemontilla.cat\/es\/wp-json\/wp\/v2\/posts\/507","targetHints":{"allow":["GET"]}}],"collection":[{"href":"https:\/\/presidentjosemontilla.cat\/es\/wp-json\/wp\/v2\/posts"}],"about":[{"href":"https:\/\/presidentjosemontilla.cat\/es\/wp-json\/wp\/v2\/types\/post"}],"author":[{"embeddable":true,"href":"https:\/\/presidentjosemontilla.cat\/es\/wp-json\/wp\/v2\/users\/5"}],"replies":[{"embeddable":true,"href":"https:\/\/presidentjosemontilla.cat\/es\/wp-json\/wp\/v2\/comments?post=507"}],"version-history":[{"count":1,"href":"https:\/\/presidentjosemontilla.cat\/es\/wp-json\/wp\/v2\/posts\/507\/revisions"}],"predecessor-version":[{"id":5189,"href":"https:\/\/presidentjosemontilla.cat\/es\/wp-json\/wp\/v2\/posts\/507\/revisions\/5189"}],"wp:attachment":[{"href":"https:\/\/presidentjosemontilla.cat\/es\/wp-json\/wp\/v2\/media?parent=507"}],"wp:term":[{"taxonomy":"category","embeddable":true,"href":"https:\/\/presidentjosemontilla.cat\/es\/wp-json\/wp\/v2\/categories?post=507"},{"taxonomy":"post_tag","embeddable":true,"href":"https:\/\/presidentjosemontilla.cat\/es\/wp-json\/wp\/v2\/tags?post=507"},{"taxonomy":"post_series","embeddable":true,"href":"https:\/\/presidentjosemontilla.cat\/es\/wp-json\/wp\/v2\/post_series?post=507"}],"curies":[{"name":"wp","href":"https:\/\/api.w.org\/{rel}","templated":true}]}}