{"id":6096,"date":"2020-12-12T10:40:23","date_gmt":"2020-12-12T10:40:23","guid":{"rendered":"https:\/\/presidentjosemontilla.cat\/?p=6096"},"modified":"2021-02-16T10:31:30","modified_gmt":"2021-02-16T10:31:30","slug":"es-necesario-y-urgente-acometer-reformas-con-perspectiva-federal","status":"publish","type":"post","link":"https:\/\/presidentjosemontilla.cat\/es\/es-necesario-y-urgente-acometer-reformas-con-perspectiva-federal\/","title":{"rendered":"Es necesario y urgente acometer reformas con perspectiva federal"},"content":{"rendered":"<p>Con motivo de la celebraci\u00f3n de la <a href=\"https:\/\/presidentjosemontilla.cat\/ca\/v-convencio-federalista\/\" target=\"_blank\" rel=\"noopener noreferrer\">V Convenci\u00f3n Federalista<\/a>, organizada por la<a href=\"https:\/\/fcampalans.cat\/index.php\" target=\"_blank\" rel=\"noopener noreferrer\">\u00a0Fundaci\u00f3n Rafael Campalans<\/a> con la <a href=\"https:\/\/fpabloiglesias.es\/\" target=\"_blank\" rel=\"noopener noreferrer\">Fundaci\u00f3n Pablo Iglesias<\/a> y la <a href=\"https:\/\/www.fes.de\/\" target=\"_blank\" rel=\"noopener noreferrer\">Friedrich Ebert Stiftung<\/a>, la Vanguardia publica esta not\u00edcia que pod\u00e9is leer <a href=\"https:\/\/www.lavanguardia.com\/politica\/20201211\/6112682\/montilla-ve-necesario-urgente-acometer-reformas-perspectiva-federal.html\" target=\"_blank\" rel=\"noopener noreferrer\">aqu\u00ed<\/a>.<\/p>\n","protected":false},"excerpt":{"rendered":"<p>Con motivo de la celebraci\u00f3n de la V Convenci\u00f3n Federalista, organizada por la\u00a0Fundaci\u00f3n Rafael Campalans con la Fundaci\u00f3n Pablo Iglesias y la Friedrich Ebert Stiftung, la Vanguardia publica esta not\u00edcia que pod\u00e9is leer aqu\u00ed.<\/p>\n","protected":false},"author":5,"featured_media":6097,"comment_status":"open","ping_status":"open","sticky":false,"template":"","format":"standard","meta":{"footnotes":""},"categories":[3,908,4],"tags":[19,1592,97,20,1529,1527],"post_series":[],"class_list":["post-6096","post","type-post","status-publish","format-standard","has-post-thumbnail","hentry","category-actividad","category-medios-de-comunicacion","category-opinion","tag-catalunya","tag-catalunya-ca-es","tag-espana","tag-federalismo","tag-reforma-federal-es","tag-v-convencion-federalista","entry","has-media"],"yoast_head":"<!-- This site is optimized with the Yoast SEO plugin v27.5 - https:\/\/yoast.com\/product\/yoast-seo-wordpress\/ -->\n<title>Es necesario y urgente acometer reformas con perspectiva federal - President Jos\u00e9 Montilla<\/title>\n<meta name=\"robots\" content=\"index, follow, max-snippet:-1, max-image-preview:large, max-video-preview:-1\" \/>\n<link rel=\"canonical\" href=\"https:\/\/presidentjosemontilla.cat\/es\/es-necesario-y-urgente-acometer-reformas-con-perspectiva-federal\/\" \/>\n<meta property=\"og:locale\" content=\"es_ES\" \/>\n<meta property=\"og:type\" content=\"article\" \/>\n<meta property=\"og:title\" content=\"Es necesario y urgente acometer reformas con perspectiva federal - President Jos\u00e9 Montilla\" \/>\n<meta property=\"og:description\" content=\"Con motivo de la celebraci\u00f3n de la V Convenci\u00f3n Federalista, organizada por la\u00a0Fundaci\u00f3n Rafael Campalans con la Fundaci\u00f3n Pablo Iglesias y la Friedrich Ebert Stiftung, la Vanguardia publica esta not\u00edcia que pod\u00e9is leer aqu\u00ed.\" \/>\n<meta property=\"og:url\" content=\"https:\/\/presidentjosemontilla.cat\/es\/es-necesario-y-urgente-acometer-reformas-con-perspectiva-federal\/\" \/>\n<meta property=\"og:site_name\" content=\"President Jos\u00e9 Montilla\" \/>\n<meta property=\"article:published_time\" content=\"2020-12-12T10:40:23+00:00\" \/>\n<meta property=\"article:modified_time\" content=\"2021-02-16T10:31:30+00:00\" \/>\n<meta property=\"og:image\" content=\"https:\/\/presidentjosemontilla.cat\/wp-content\/uploads\/2021\/01\/maxresdefault-1.jpg\" \/>\n\t<meta property=\"og:image:width\" content=\"1280\" \/>\n\t<meta property=\"og:image:height\" content=\"720\" \/>\n\t<meta property=\"og:image:type\" content=\"image\/jpeg\" \/>\n<meta name=\"author\" content=\"Oficina de Jos\u00e9 Montilla\" \/>\n<meta name=\"twitter:card\" content=\"summary_large_image\" \/>\n<meta name=\"twitter:label1\" content=\"Escrito por\" \/>\n\t<meta name=\"twitter:data1\" content=\"Oficina de Jos\u00e9 Montilla\" \/>\n<script type=\"application\/ld+json\" class=\"yoast-schema-graph\">{\"@context\":\"https:\\\/\\\/schema.org\",\"@graph\":[{\"@type\":\"Article\",\"@id\":\"https:\\\/\\\/presidentjosemontilla.cat\\\/es\\\/es-necesario-y-urgente-acometer-reformas-con-perspectiva-federal\\\/#article\",\"isPartOf\":{\"@id\":\"https:\\\/\\\/presidentjosemontilla.cat\\\/es\\\/es-necesario-y-urgente-acometer-reformas-con-perspectiva-federal\\\/\"},\"author\":{\"name\":\"Oficina de Jos\u00e9 Montilla\",\"@id\":\"https:\\\/\\\/presidentjosemontilla.cat\\\/es\\\/#\\\/schema\\\/person\\\/f36cbd21c0ca240e3f825efdf1149484\"},\"headline\":\"Es necesario y urgente acometer reformas con perspectiva federal\",\"datePublished\":\"2020-12-12T10:40:23+00:00\",\"dateModified\":\"2021-02-16T10:31:30+00:00\",\"mainEntityOfPage\":{\"@id\":\"https:\\\/\\\/presidentjosemontilla.cat\\\/es\\\/es-necesario-y-urgente-acometer-reformas-con-perspectiva-federal\\\/\"},\"wordCount\":50,\"commentCount\":0,\"publisher\":{\"@id\":\"https:\\\/\\\/presidentjosemontilla.cat\\\/es\\\/#organization\"},\"image\":{\"@id\":\"https:\\\/\\\/presidentjosemontilla.cat\\\/es\\\/es-necesario-y-urgente-acometer-reformas-con-perspectiva-federal\\\/#primaryimage\"},\"thumbnailUrl\":\"https:\\\/\\\/presidentjosemontilla.cat\\\/wp-content\\\/uploads\\\/2021\\\/01\\\/maxresdefault-1.jpg\",\"keywords\":[\"Catalunya\",\"Catalunya\",\"Espa\u00f1a\",\"Federalismo\",\"Reforma Federal\",\"V Convenci\u00f3n Federalista\"],\"articleSection\":[\"Actividad\",\"Medios de comunicaci\u00f3n\",\"Opini\u00f3n\"],\"inLanguage\":\"es\",\"potentialAction\":[{\"@type\":\"CommentAction\",\"name\":\"Comment\",\"target\":[\"https:\\\/\\\/presidentjosemontilla.cat\\\/es\\\/es-necesario-y-urgente-acometer-reformas-con-perspectiva-federal\\\/#respond\"]}]},{\"@type\":\"WebPage\",\"@id\":\"https:\\\/\\\/presidentjosemontilla.cat\\\/es\\\/es-necesario-y-urgente-acometer-reformas-con-perspectiva-federal\\\/\",\"url\":\"https:\\\/\\\/presidentjosemontilla.cat\\\/es\\\/es-necesario-y-urgente-acometer-reformas-con-perspectiva-federal\\\/\",\"name\":\"Es necesario y urgente acometer reformas con perspectiva federal - President Jos\u00e9 Montilla\",\"isPartOf\":{\"@id\":\"https:\\\/\\\/presidentjosemontilla.cat\\\/es\\\/#website\"},\"primaryImageOfPage\":{\"@id\":\"https:\\\/\\\/presidentjosemontilla.cat\\\/es\\\/es-necesario-y-urgente-acometer-reformas-con-perspectiva-federal\\\/#primaryimage\"},\"image\":{\"@id\":\"https:\\\/\\\/presidentjosemontilla.cat\\\/es\\\/es-necesario-y-urgente-acometer-reformas-con-perspectiva-federal\\\/#primaryimage\"},\"thumbnailUrl\":\"https:\\\/\\\/presidentjosemontilla.cat\\\/wp-content\\\/uploads\\\/2021\\\/01\\\/maxresdefault-1.jpg\",\"datePublished\":\"2020-12-12T10:40:23+00:00\",\"dateModified\":\"2021-02-16T10:31:30+00:00\",\"breadcrumb\":{\"@id\":\"https:\\\/\\\/presidentjosemontilla.cat\\\/es\\\/es-necesario-y-urgente-acometer-reformas-con-perspectiva-federal\\\/#breadcrumb\"},\"inLanguage\":\"es\",\"potentialAction\":[{\"@type\":\"ReadAction\",\"target\":[\"https:\\\/\\\/presidentjosemontilla.cat\\\/es\\\/es-necesario-y-urgente-acometer-reformas-con-perspectiva-federal\\\/\"]}]},{\"@type\":\"ImageObject\",\"inLanguage\":\"es\",\"@id\":\"https:\\\/\\\/presidentjosemontilla.cat\\\/es\\\/es-necesario-y-urgente-acometer-reformas-con-perspectiva-federal\\\/#primaryimage\",\"url\":\"https:\\\/\\\/presidentjosemontilla.cat\\\/wp-content\\\/uploads\\\/2021\\\/01\\\/maxresdefault-1.jpg\",\"contentUrl\":\"https:\\\/\\\/presidentjosemontilla.cat\\\/wp-content\\\/uploads\\\/2021\\\/01\\\/maxresdefault-1.jpg\",\"width\":1280,\"height\":720},{\"@type\":\"BreadcrumbList\",\"@id\":\"https:\\\/\\\/presidentjosemontilla.cat\\\/es\\\/es-necesario-y-urgente-acometer-reformas-con-perspectiva-federal\\\/#breadcrumb\",\"itemListElement\":[{\"@type\":\"ListItem\",\"position\":1,\"name\":\"Portada\",\"item\":\"https:\\\/\\\/presidentjosemontilla.cat\\\/es\\\/\"},{\"@type\":\"ListItem\",\"position\":2,\"name\":\"Es necesario y urgente acometer reformas con perspectiva federal\"}]},{\"@type\":\"WebSite\",\"@id\":\"https:\\\/\\\/presidentjosemontilla.cat\\\/es\\\/#website\",\"url\":\"https:\\\/\\\/presidentjosemontilla.cat\\\/es\\\/\",\"name\":\"President Jos\u00e9 Montilla\",\"description\":\"Web del 128\u00e8 president de la Generalitat de Catalunya\",\"publisher\":{\"@id\":\"https:\\\/\\\/presidentjosemontilla.cat\\\/es\\\/#organization\"},\"potentialAction\":[{\"@type\":\"SearchAction\",\"target\":{\"@type\":\"EntryPoint\",\"urlTemplate\":\"https:\\\/\\\/presidentjosemontilla.cat\\\/es\\\/?s={search_term_string}\"},\"query-input\":{\"@type\":\"PropertyValueSpecification\",\"valueRequired\":true,\"valueName\":\"search_term_string\"}}],\"inLanguage\":\"es\"},{\"@type\":\"Organization\",\"@id\":\"https:\\\/\\\/presidentjosemontilla.cat\\\/es\\\/#organization\",\"name\":\"President Jos\u00e9 Montilla\",\"url\":\"https:\\\/\\\/presidentjosemontilla.cat\\\/es\\\/\",\"logo\":{\"@type\":\"ImageObject\",\"inLanguage\":\"es\",\"@id\":\"https:\\\/\\\/presidentjosemontilla.cat\\\/es\\\/#\\\/schema\\\/logo\\\/image\\\/\",\"url\":\"https:\\\/\\\/presidentjosemontilla.cat\\\/wp-content\\\/uploads\\\/2019\\\/09\\\/logo2.png\",\"contentUrl\":\"https:\\\/\\\/presidentjosemontilla.cat\\\/wp-content\\\/uploads\\\/2019\\\/09\\\/logo2.png\",\"width\":350,\"height\":60,\"caption\":\"President Jos\u00e9 Montilla\"},\"image\":{\"@id\":\"https:\\\/\\\/presidentjosemontilla.cat\\\/es\\\/#\\\/schema\\\/logo\\\/image\\\/\"}},{\"@type\":\"Person\",\"@id\":\"https:\\\/\\\/presidentjosemontilla.cat\\\/es\\\/#\\\/schema\\\/person\\\/f36cbd21c0ca240e3f825efdf1149484\",\"name\":\"Oficina de Jos\u00e9 Montilla\",\"image\":{\"@type\":\"ImageObject\",\"inLanguage\":\"es\",\"@id\":\"https:\\\/\\\/secure.gravatar.com\\\/avatar\\\/33c91c345935ef6b4b0dea373a0addb58d127dab8ae459c970458ce720d66dad?s=96&d=mm&r=g\",\"url\":\"https:\\\/\\\/secure.gravatar.com\\\/avatar\\\/33c91c345935ef6b4b0dea373a0addb58d127dab8ae459c970458ce720d66dad?s=96&d=mm&r=g\",\"contentUrl\":\"https:\\\/\\\/secure.gravatar.com\\\/avatar\\\/33c91c345935ef6b4b0dea373a0addb58d127dab8ae459c970458ce720d66dad?s=96&d=mm&r=g\",\"caption\":\"Oficina de Jos\u00e9 Montilla\"},\"url\":\"https:\\\/\\\/presidentjosemontilla.cat\\\/es\\\/author\\\/oficina-jose-montilla\\\/\"}]}<\/script>\n<!-- \/ Yoast SEO plugin. -->","yoast_head_json":{"title":"Es necesario y urgente acometer reformas con perspectiva federal - President Jos\u00e9 Montilla","robots":{"index":"index","follow":"follow","max-snippet":"max-snippet:-1","max-image-preview":"max-image-preview:large","max-video-preview":"max-video-preview:-1"},"canonical":"https:\/\/presidentjosemontilla.cat\/es\/es-necesario-y-urgente-acometer-reformas-con-perspectiva-federal\/","og_locale":"es_ES","og_type":"article","og_title":"Es necesario y urgente acometer reformas con perspectiva federal - President Jos\u00e9 Montilla","og_description":"Con motivo de la celebraci\u00f3n de la V Convenci\u00f3n Federalista, organizada por la\u00a0Fundaci\u00f3n Rafael Campalans con la Fundaci\u00f3n Pablo Iglesias y la Friedrich Ebert Stiftung, la Vanguardia publica esta not\u00edcia que pod\u00e9is leer aqu\u00ed.","og_url":"https:\/\/presidentjosemontilla.cat\/es\/es-necesario-y-urgente-acometer-reformas-con-perspectiva-federal\/","og_site_name":"President Jos\u00e9 Montilla","article_published_time":"2020-12-12T10:40:23+00:00","article_modified_time":"2021-02-16T10:31:30+00:00","og_image":[{"width":1280,"height":720,"url":"https:\/\/presidentjosemontilla.cat\/wp-content\/uploads\/2021\/01\/maxresdefault-1.jpg","type":"image\/jpeg"}],"author":"Oficina de Jos\u00e9 Montilla","twitter_card":"summary_large_image","twitter_misc":{"Escrito por":"Oficina de Jos\u00e9 Montilla"},"schema":{"@context":"https:\/\/schema.org","@graph":[{"@type":"Article","@id":"https:\/\/presidentjosemontilla.cat\/es\/es-necesario-y-urgente-acometer-reformas-con-perspectiva-federal\/#article","isPartOf":{"@id":"https:\/\/presidentjosemontilla.cat\/es\/es-necesario-y-urgente-acometer-reformas-con-perspectiva-federal\/"},"author":{"name":"Oficina de Jos\u00e9 Montilla","@id":"https:\/\/presidentjosemontilla.cat\/es\/#\/schema\/person\/f36cbd21c0ca240e3f825efdf1149484"},"headline":"Es necesario y urgente acometer reformas con perspectiva federal","datePublished":"2020-12-12T10:40:23+00:00","dateModified":"2021-02-16T10:31:30+00:00","mainEntityOfPage":{"@id":"https:\/\/presidentjosemontilla.cat\/es\/es-necesario-y-urgente-acometer-reformas-con-perspectiva-federal\/"},"wordCount":50,"commentCount":0,"publisher":{"@id":"https:\/\/presidentjosemontilla.cat\/es\/#organization"},"image":{"@id":"https:\/\/presidentjosemontilla.cat\/es\/es-necesario-y-urgente-acometer-reformas-con-perspectiva-federal\/#primaryimage"},"thumbnailUrl":"https:\/\/presidentjosemontilla.cat\/wp-content\/uploads\/2021\/01\/maxresdefault-1.jpg","keywords":["Catalunya","Catalunya","Espa\u00f1a","Federalismo","Reforma Federal","V Convenci\u00f3n Federalista"],"articleSection":["Actividad","Medios de comunicaci\u00f3n","Opini\u00f3n"],"inLanguage":"es","potentialAction":[{"@type":"CommentAction","name":"Comment","target":["https:\/\/presidentjosemontilla.cat\/es\/es-necesario-y-urgente-acometer-reformas-con-perspectiva-federal\/#respond"]}]},{"@type":"WebPage","@id":"https:\/\/presidentjosemontilla.cat\/es\/es-necesario-y-urgente-acometer-reformas-con-perspectiva-federal\/","url":"https:\/\/presidentjosemontilla.cat\/es\/es-necesario-y-urgente-acometer-reformas-con-perspectiva-federal\/","name":"Es necesario y urgente acometer reformas con perspectiva federal - President Jos\u00e9 Montilla","isPartOf":{"@id":"https:\/\/presidentjosemontilla.cat\/es\/#website"},"primaryImageOfPage":{"@id":"https:\/\/presidentjosemontilla.cat\/es\/es-necesario-y-urgente-acometer-reformas-con-perspectiva-federal\/#primaryimage"},"image":{"@id":"https:\/\/presidentjosemontilla.cat\/es\/es-necesario-y-urgente-acometer-reformas-con-perspectiva-federal\/#primaryimage"},"thumbnailUrl":"https:\/\/presidentjosemontilla.cat\/wp-content\/uploads\/2021\/01\/maxresdefault-1.jpg","datePublished":"2020-12-12T10:40:23+00:00","dateModified":"2021-02-16T10:31:30+00:00","breadcrumb":{"@id":"https:\/\/presidentjosemontilla.cat\/es\/es-necesario-y-urgente-acometer-reformas-con-perspectiva-federal\/#breadcrumb"},"inLanguage":"es","potentialAction":[{"@type":"ReadAction","target":["https:\/\/presidentjosemontilla.cat\/es\/es-necesario-y-urgente-acometer-reformas-con-perspectiva-federal\/"]}]},{"@type":"ImageObject","inLanguage":"es","@id":"https:\/\/presidentjosemontilla.cat\/es\/es-necesario-y-urgente-acometer-reformas-con-perspectiva-federal\/#primaryimage","url":"https:\/\/presidentjosemontilla.cat\/wp-content\/uploads\/2021\/01\/maxresdefault-1.jpg","contentUrl":"https:\/\/presidentjosemontilla.cat\/wp-content\/uploads\/2021\/01\/maxresdefault-1.jpg","width":1280,"height":720},{"@type":"BreadcrumbList","@id":"https:\/\/presidentjosemontilla.cat\/es\/es-necesario-y-urgente-acometer-reformas-con-perspectiva-federal\/#breadcrumb","itemListElement":[{"@type":"ListItem","position":1,"name":"Portada","item":"https:\/\/presidentjosemontilla.cat\/es\/"},{"@type":"ListItem","position":2,"name":"Es necesario y urgente acometer reformas con perspectiva federal"}]},{"@type":"WebSite","@id":"https:\/\/presidentjosemontilla.cat\/es\/#website","url":"https:\/\/presidentjosemontilla.cat\/es\/","name":"President Jos\u00e9 Montilla","description":"Web del 128\u00e8 president de la Generalitat de Catalunya","publisher":{"@id":"https:\/\/presidentjosemontilla.cat\/es\/#organization"},"potentialAction":[{"@type":"SearchAction","target":{"@type":"EntryPoint","urlTemplate":"https:\/\/presidentjosemontilla.cat\/es\/?s={search_term_string}"},"query-input":{"@type":"PropertyValueSpecification","valueRequired":true,"valueName":"search_term_string"}}],"inLanguage":"es"},{"@type":"Organization","@id":"https:\/\/presidentjosemontilla.cat\/es\/#organization","name":"President Jos\u00e9 Montilla","url":"https:\/\/presidentjosemontilla.cat\/es\/","logo":{"@type":"ImageObject","inLanguage":"es","@id":"https:\/\/presidentjosemontilla.cat\/es\/#\/schema\/logo\/image\/","url":"https:\/\/presidentjosemontilla.cat\/wp-content\/uploads\/2019\/09\/logo2.png","contentUrl":"https:\/\/presidentjosemontilla.cat\/wp-content\/uploads\/2019\/09\/logo2.png","width":350,"height":60,"caption":"President Jos\u00e9 Montilla"},"image":{"@id":"https:\/\/presidentjosemontilla.cat\/es\/#\/schema\/logo\/image\/"}},{"@type":"Person","@id":"https:\/\/presidentjosemontilla.cat\/es\/#\/schema\/person\/f36cbd21c0ca240e3f825efdf1149484","name":"Oficina de Jos\u00e9 Montilla","image":{"@type":"ImageObject","inLanguage":"es","@id":"https:\/\/secure.gravatar.com\/avatar\/33c91c345935ef6b4b0dea373a0addb58d127dab8ae459c970458ce720d66dad?s=96&d=mm&r=g","url":"https:\/\/secure.gravatar.com\/avatar\/33c91c345935ef6b4b0dea373a0addb58d127dab8ae459c970458ce720d66dad?s=96&d=mm&r=g","contentUrl":"https:\/\/secure.gravatar.com\/avatar\/33c91c345935ef6b4b0dea373a0addb58d127dab8ae459c970458ce720d66dad?s=96&d=mm&r=g","caption":"Oficina de Jos\u00e9 Montilla"},"url":"https:\/\/presidentjosemontilla.cat\/es\/author\/oficina-jose-montilla\/"}]}},"_links":{"self":[{"href":"https:\/\/presidentjosemontilla.cat\/es\/wp-json\/wp\/v2\/posts\/6096","targetHints":{"allow":["GET"]}}],"collection":[{"href":"https:\/\/presidentjosemontilla.cat\/es\/wp-json\/wp\/v2\/posts"}],"about":[{"href":"https:\/\/presidentjosemontilla.cat\/es\/wp-json\/wp\/v2\/types\/post"}],"author":[{"embeddable":true,"href":"https:\/\/presidentjosemontilla.cat\/es\/wp-json\/wp\/v2\/users\/5"}],"replies":[{"embeddable":true,"href":"https:\/\/presidentjosemontilla.cat\/es\/wp-json\/wp\/v2\/comments?post=6096"}],"version-history":[{"count":2,"href":"https:\/\/presidentjosemontilla.cat\/es\/wp-json\/wp\/v2\/posts\/6096\/revisions"}],"predecessor-version":[{"id":6185,"href":"https:\/\/presidentjosemontilla.cat\/es\/wp-json\/wp\/v2\/posts\/6096\/revisions\/6185"}],"wp:featuredmedia":[{"embeddable":true,"href":"https:\/\/presidentjosemontilla.cat\/es\/wp-json\/wp\/v2\/media\/6097"}],"wp:attachment":[{"href":"https:\/\/presidentjosemontilla.cat\/es\/wp-json\/wp\/v2\/media?parent=6096"}],"wp:term":[{"taxonomy":"category","embeddable":true,"href":"https:\/\/presidentjosemontilla.cat\/es\/wp-json\/wp\/v2\/categories?post=6096"},{"taxonomy":"post_tag","embeddable":true,"href":"https:\/\/presidentjosemontilla.cat\/es\/wp-json\/wp\/v2\/tags?post=6096"},{"taxonomy":"post_series","embeddable":true,"href":"https:\/\/presidentjosemontilla.cat\/es\/wp-json\/wp\/v2\/post_series?post=6096"}],"curies":[{"name":"wp","href":"https:\/\/api.w.org\/{rel}","templated":true}]}}