{"id":625,"date":"2013-05-06T16:20:34","date_gmt":"2013-05-06T15:20:34","guid":{"rendered":"http:\/\/presidentjosemontilla.cat\/es\/?p=625"},"modified":"2013-05-06T16:20:34","modified_gmt":"2013-05-06T15:20:34","slug":"la-fundacion-campalans-presenta-una-reforma-constitucional-federal","status":"publish","type":"post","link":"https:\/\/presidentjosemontilla.cat\/es\/la-fundacion-campalans-presenta-una-reforma-constitucional-federal\/","title":{"rendered":"La Fundaci\u00f3n Campalans presenta una reforma constitucional federal"},"content":{"rendered":"<div id=\"gt-src-c\" style=\"text-align: justify\">\n<p><a href=\"http:\/\/presidentjosemontilla.cat\/es\/files\/164_papersdelafundacio.jpg\"><img loading=\"lazy\" decoding=\"async\" class=\"alignleft size-medium wp-image-626\" src=\"http:\/\/presidentjosemontilla.cat\/es\/files\/164_papersdelafundacio-210x300.jpg\" alt=\"164_papersdelafundacio\" width=\"210\" height=\"300\" \/><\/a>El documento de la Fundaci\u00f3n es una propuesta sistem\u00e1tica, rigurosa y valiente.<\/p>\n<p>El presidente de la Fundaci\u00f3n, Miquel Iceta, dice en la presentaci\u00f3n del documento:<em> \u00abNosotros no nos resignamos a contemplar impasibles c\u00f3mo se hace m\u00e1s grande la brecha entre los catalanes y el resto de espa\u00f1oles, por la aparici\u00f3n de problemas que no se han resuelto bien, y para cerrar esta brecha proponemos una reforma federal que culmine la l\u00f3gica evoluci\u00f3n del Estado de las Autonom\u00edas, resolviendo los conflictos competenciales con reglas claras, la representaci\u00f3n pol\u00edtica de las Comunidades\u00a0en los \u00f3rganos del Estado, la justa asignaci\u00f3n de recursos y el reconocimiento del car\u00e1cter plurinacional, pluricultural y pluriling\u00fc\u00edstico de Espa\u00f1a\u00bb<\/em>.<\/p>\n<p><a title=\"Papers de la Fundaci\u00f3\" href=\"http:\/\/www.fcampalans.cat\/publicacions_detall.php?id=6&amp;idpubli=286\" target=\"_blank\" rel=\"noopener noreferrer\"><strong>Papeles de la Fundaci\u00f3n<\/strong><\/a><\/p>\n<\/div>\n","protected":false},"excerpt":{"rendered":"<p>El documento de la Fundaci\u00f3n es una propuesta sistem\u00e1tica, rigurosa y valiente. El presidente de la Fundaci\u00f3n, Miquel Iceta, dice en la presentaci\u00f3n del documento: \u00abNosotros no nos resignamos a contemplar impasibles c\u00f3mo se hace m\u00e1s grande la brecha entre&hellip;<\/p>\n","protected":false},"author":5,"featured_media":626,"comment_status":"open","ping_status":"open","sticky":false,"template":"","format":"standard","meta":{"footnotes":""},"categories":[4,8],"tags":[],"post_series":[],"class_list":["post-625","post","type-post","status-publish","format-standard","has-post-thumbnail","hentry","category-opinion","category-textos-es","entry","has-media"],"yoast_head":"<!-- This site is optimized with the Yoast SEO plugin v27.5 - https:\/\/yoast.com\/product\/yoast-seo-wordpress\/ -->\n<title>La Fundaci\u00f3n Campalans presenta una reforma constitucional federal - President Jos\u00e9 Montilla<\/title>\n<meta name=\"robots\" content=\"index, follow, max-snippet:-1, max-image-preview:large, max-video-preview:-1\" \/>\n<link rel=\"canonical\" href=\"https:\/\/presidentjosemontilla.cat\/es\/la-fundacion-campalans-presenta-una-reforma-constitucional-federal\/\" \/>\n<meta property=\"og:locale\" content=\"es_ES\" \/>\n<meta property=\"og:type\" content=\"article\" \/>\n<meta property=\"og:title\" content=\"La Fundaci\u00f3n Campalans presenta una reforma constitucional federal - President Jos\u00e9 Montilla\" \/>\n<meta property=\"og:description\" content=\"El documento de la Fundaci\u00f3n es una propuesta sistem\u00e1tica, rigurosa y valiente. El presidente de la Fundaci\u00f3n, Miquel Iceta, dice en la presentaci\u00f3n del documento: \u00abNosotros no nos resignamos a contemplar impasibles c\u00f3mo se hace m\u00e1s grande la brecha entre&hellip;\" \/>\n<meta property=\"og:url\" content=\"https:\/\/presidentjosemontilla.cat\/es\/la-fundacion-campalans-presenta-una-reforma-constitucional-federal\/\" \/>\n<meta property=\"og:site_name\" content=\"President Jos\u00e9 Montilla\" \/>\n<meta property=\"article:published_time\" content=\"2013-05-06T15:20:34+00:00\" \/>\n<meta property=\"og:image\" content=\"https:\/\/presidentjosemontilla.cat\/wp-content\/uploads\/2013\/05\/164_papersdelafundacio.jpg\" \/>\n\t<meta property=\"og:image:width\" content=\"1\" \/>\n\t<meta property=\"og:image:height\" content=\"1\" \/>\n\t<meta property=\"og:image:type\" content=\"image\/jpeg\" \/>\n<meta name=\"author\" content=\"Oficina de Jos\u00e9 Montilla\" \/>\n<meta name=\"twitter:card\" content=\"summary_large_image\" \/>\n<meta name=\"twitter:label1\" content=\"Escrito por\" \/>\n\t<meta name=\"twitter:data1\" content=\"Oficina de Jos\u00e9 Montilla\" \/>\n\t<meta name=\"twitter:label2\" content=\"Tiempo de lectura\" \/>\n\t<meta name=\"twitter:data2\" content=\"1 minuto\" \/>\n<script type=\"application\/ld+json\" class=\"yoast-schema-graph\">{\"@context\":\"https:\\\/\\\/schema.org\",\"@graph\":[{\"@type\":\"Article\",\"@id\":\"https:\\\/\\\/presidentjosemontilla.cat\\\/es\\\/la-fundacion-campalans-presenta-una-reforma-constitucional-federal\\\/#article\",\"isPartOf\":{\"@id\":\"https:\\\/\\\/presidentjosemontilla.cat\\\/es\\\/la-fundacion-campalans-presenta-una-reforma-constitucional-federal\\\/\"},\"author\":{\"name\":\"Oficina de Jos\u00e9 Montilla\",\"@id\":\"https:\\\/\\\/presidentjosemontilla.cat\\\/es\\\/#\\\/schema\\\/person\\\/f36cbd21c0ca240e3f825efdf1149484\"},\"headline\":\"La Fundaci\u00f3n Campalans presenta una reforma constitucional federal\",\"datePublished\":\"2013-05-06T15:20:34+00:00\",\"mainEntityOfPage\":{\"@id\":\"https:\\\/\\\/presidentjosemontilla.cat\\\/es\\\/la-fundacion-campalans-presenta-una-reforma-constitucional-federal\\\/\"},\"wordCount\":142,\"commentCount\":0,\"publisher\":{\"@id\":\"https:\\\/\\\/presidentjosemontilla.cat\\\/es\\\/#organization\"},\"image\":{\"@id\":\"https:\\\/\\\/presidentjosemontilla.cat\\\/es\\\/la-fundacion-campalans-presenta-una-reforma-constitucional-federal\\\/#primaryimage\"},\"thumbnailUrl\":\"https:\\\/\\\/presidentjosemontilla.cat\\\/wp-content\\\/uploads\\\/2013\\\/05\\\/164_papersdelafundacio.jpg\",\"articleSection\":[\"Opini\u00f3n\",\"Textos\"],\"inLanguage\":\"es\",\"potentialAction\":[{\"@type\":\"CommentAction\",\"name\":\"Comment\",\"target\":[\"https:\\\/\\\/presidentjosemontilla.cat\\\/es\\\/la-fundacion-campalans-presenta-una-reforma-constitucional-federal\\\/#respond\"]}]},{\"@type\":\"WebPage\",\"@id\":\"https:\\\/\\\/presidentjosemontilla.cat\\\/es\\\/la-fundacion-campalans-presenta-una-reforma-constitucional-federal\\\/\",\"url\":\"https:\\\/\\\/presidentjosemontilla.cat\\\/es\\\/la-fundacion-campalans-presenta-una-reforma-constitucional-federal\\\/\",\"name\":\"La Fundaci\u00f3n Campalans presenta una reforma constitucional federal - President Jos\u00e9 Montilla\",\"isPartOf\":{\"@id\":\"https:\\\/\\\/presidentjosemontilla.cat\\\/es\\\/#website\"},\"primaryImageOfPage\":{\"@id\":\"https:\\\/\\\/presidentjosemontilla.cat\\\/es\\\/la-fundacion-campalans-presenta-una-reforma-constitucional-federal\\\/#primaryimage\"},\"image\":{\"@id\":\"https:\\\/\\\/presidentjosemontilla.cat\\\/es\\\/la-fundacion-campalans-presenta-una-reforma-constitucional-federal\\\/#primaryimage\"},\"thumbnailUrl\":\"https:\\\/\\\/presidentjosemontilla.cat\\\/wp-content\\\/uploads\\\/2013\\\/05\\\/164_papersdelafundacio.jpg\",\"datePublished\":\"2013-05-06T15:20:34+00:00\",\"breadcrumb\":{\"@id\":\"https:\\\/\\\/presidentjosemontilla.cat\\\/es\\\/la-fundacion-campalans-presenta-una-reforma-constitucional-federal\\\/#breadcrumb\"},\"inLanguage\":\"es\",\"potentialAction\":[{\"@type\":\"ReadAction\",\"target\":[\"https:\\\/\\\/presidentjosemontilla.cat\\\/es\\\/la-fundacion-campalans-presenta-una-reforma-constitucional-federal\\\/\"]}]},{\"@type\":\"ImageObject\",\"inLanguage\":\"es\",\"@id\":\"https:\\\/\\\/presidentjosemontilla.cat\\\/es\\\/la-fundacion-campalans-presenta-una-reforma-constitucional-federal\\\/#primaryimage\",\"url\":\"https:\\\/\\\/presidentjosemontilla.cat\\\/wp-content\\\/uploads\\\/2013\\\/05\\\/164_papersdelafundacio.jpg\",\"contentUrl\":\"https:\\\/\\\/presidentjosemontilla.cat\\\/wp-content\\\/uploads\\\/2013\\\/05\\\/164_papersdelafundacio.jpg\"},{\"@type\":\"BreadcrumbList\",\"@id\":\"https:\\\/\\\/presidentjosemontilla.cat\\\/es\\\/la-fundacion-campalans-presenta-una-reforma-constitucional-federal\\\/#breadcrumb\",\"itemListElement\":[{\"@type\":\"ListItem\",\"position\":1,\"name\":\"Portada\",\"item\":\"https:\\\/\\\/presidentjosemontilla.cat\\\/es\\\/\"},{\"@type\":\"ListItem\",\"position\":2,\"name\":\"La Fundaci\u00f3n Campalans presenta una reforma constitucional federal\"}]},{\"@type\":\"WebSite\",\"@id\":\"https:\\\/\\\/presidentjosemontilla.cat\\\/es\\\/#website\",\"url\":\"https:\\\/\\\/presidentjosemontilla.cat\\\/es\\\/\",\"name\":\"President Jos\u00e9 Montilla\",\"description\":\"Web del 128\u00e8 president de la Generalitat de Catalunya\",\"publisher\":{\"@id\":\"https:\\\/\\\/presidentjosemontilla.cat\\\/es\\\/#organization\"},\"potentialAction\":[{\"@type\":\"SearchAction\",\"target\":{\"@type\":\"EntryPoint\",\"urlTemplate\":\"https:\\\/\\\/presidentjosemontilla.cat\\\/es\\\/?s={search_term_string}\"},\"query-input\":{\"@type\":\"PropertyValueSpecification\",\"valueRequired\":true,\"valueName\":\"search_term_string\"}}],\"inLanguage\":\"es\"},{\"@type\":\"Organization\",\"@id\":\"https:\\\/\\\/presidentjosemontilla.cat\\\/es\\\/#organization\",\"name\":\"President Jos\u00e9 Montilla\",\"url\":\"https:\\\/\\\/presidentjosemontilla.cat\\\/es\\\/\",\"logo\":{\"@type\":\"ImageObject\",\"inLanguage\":\"es\",\"@id\":\"https:\\\/\\\/presidentjosemontilla.cat\\\/es\\\/#\\\/schema\\\/logo\\\/image\\\/\",\"url\":\"https:\\\/\\\/presidentjosemontilla.cat\\\/wp-content\\\/uploads\\\/2019\\\/09\\\/logo2.png\",\"contentUrl\":\"https:\\\/\\\/presidentjosemontilla.cat\\\/wp-content\\\/uploads\\\/2019\\\/09\\\/logo2.png\",\"width\":350,\"height\":60,\"caption\":\"President Jos\u00e9 Montilla\"},\"image\":{\"@id\":\"https:\\\/\\\/presidentjosemontilla.cat\\\/es\\\/#\\\/schema\\\/logo\\\/image\\\/\"}},{\"@type\":\"Person\",\"@id\":\"https:\\\/\\\/presidentjosemontilla.cat\\\/es\\\/#\\\/schema\\\/person\\\/f36cbd21c0ca240e3f825efdf1149484\",\"name\":\"Oficina de Jos\u00e9 Montilla\",\"image\":{\"@type\":\"ImageObject\",\"inLanguage\":\"es\",\"@id\":\"https:\\\/\\\/secure.gravatar.com\\\/avatar\\\/33c91c345935ef6b4b0dea373a0addb58d127dab8ae459c970458ce720d66dad?s=96&d=mm&r=g\",\"url\":\"https:\\\/\\\/secure.gravatar.com\\\/avatar\\\/33c91c345935ef6b4b0dea373a0addb58d127dab8ae459c970458ce720d66dad?s=96&d=mm&r=g\",\"contentUrl\":\"https:\\\/\\\/secure.gravatar.com\\\/avatar\\\/33c91c345935ef6b4b0dea373a0addb58d127dab8ae459c970458ce720d66dad?s=96&d=mm&r=g\",\"caption\":\"Oficina de Jos\u00e9 Montilla\"},\"url\":\"https:\\\/\\\/presidentjosemontilla.cat\\\/es\\\/author\\\/oficina-jose-montilla\\\/\"}]}<\/script>\n<!-- \/ Yoast SEO plugin. -->","yoast_head_json":{"title":"La Fundaci\u00f3n Campalans presenta una reforma constitucional federal - President Jos\u00e9 Montilla","robots":{"index":"index","follow":"follow","max-snippet":"max-snippet:-1","max-image-preview":"max-image-preview:large","max-video-preview":"max-video-preview:-1"},"canonical":"https:\/\/presidentjosemontilla.cat\/es\/la-fundacion-campalans-presenta-una-reforma-constitucional-federal\/","og_locale":"es_ES","og_type":"article","og_title":"La Fundaci\u00f3n Campalans presenta una reforma constitucional federal - President Jos\u00e9 Montilla","og_description":"El documento de la Fundaci\u00f3n es una propuesta sistem\u00e1tica, rigurosa y valiente. El presidente de la Fundaci\u00f3n, Miquel Iceta, dice en la presentaci\u00f3n del documento: \u00abNosotros no nos resignamos a contemplar impasibles c\u00f3mo se hace m\u00e1s grande la brecha entre&hellip;","og_url":"https:\/\/presidentjosemontilla.cat\/es\/la-fundacion-campalans-presenta-una-reforma-constitucional-federal\/","og_site_name":"President Jos\u00e9 Montilla","article_published_time":"2013-05-06T15:20:34+00:00","og_image":[{"url":"https:\/\/presidentjosemontilla.cat\/wp-content\/uploads\/2013\/05\/164_papersdelafundacio.jpg","width":1,"height":1,"type":"image\/jpeg"}],"author":"Oficina de Jos\u00e9 Montilla","twitter_card":"summary_large_image","twitter_misc":{"Escrito por":"Oficina de Jos\u00e9 Montilla","Tiempo de lectura":"1 minuto"},"schema":{"@context":"https:\/\/schema.org","@graph":[{"@type":"Article","@id":"https:\/\/presidentjosemontilla.cat\/es\/la-fundacion-campalans-presenta-una-reforma-constitucional-federal\/#article","isPartOf":{"@id":"https:\/\/presidentjosemontilla.cat\/es\/la-fundacion-campalans-presenta-una-reforma-constitucional-federal\/"},"author":{"name":"Oficina de Jos\u00e9 Montilla","@id":"https:\/\/presidentjosemontilla.cat\/es\/#\/schema\/person\/f36cbd21c0ca240e3f825efdf1149484"},"headline":"La Fundaci\u00f3n Campalans presenta una reforma constitucional federal","datePublished":"2013-05-06T15:20:34+00:00","mainEntityOfPage":{"@id":"https:\/\/presidentjosemontilla.cat\/es\/la-fundacion-campalans-presenta-una-reforma-constitucional-federal\/"},"wordCount":142,"commentCount":0,"publisher":{"@id":"https:\/\/presidentjosemontilla.cat\/es\/#organization"},"image":{"@id":"https:\/\/presidentjosemontilla.cat\/es\/la-fundacion-campalans-presenta-una-reforma-constitucional-federal\/#primaryimage"},"thumbnailUrl":"https:\/\/presidentjosemontilla.cat\/wp-content\/uploads\/2013\/05\/164_papersdelafundacio.jpg","articleSection":["Opini\u00f3n","Textos"],"inLanguage":"es","potentialAction":[{"@type":"CommentAction","name":"Comment","target":["https:\/\/presidentjosemontilla.cat\/es\/la-fundacion-campalans-presenta-una-reforma-constitucional-federal\/#respond"]}]},{"@type":"WebPage","@id":"https:\/\/presidentjosemontilla.cat\/es\/la-fundacion-campalans-presenta-una-reforma-constitucional-federal\/","url":"https:\/\/presidentjosemontilla.cat\/es\/la-fundacion-campalans-presenta-una-reforma-constitucional-federal\/","name":"La Fundaci\u00f3n Campalans presenta una reforma constitucional federal - President Jos\u00e9 Montilla","isPartOf":{"@id":"https:\/\/presidentjosemontilla.cat\/es\/#website"},"primaryImageOfPage":{"@id":"https:\/\/presidentjosemontilla.cat\/es\/la-fundacion-campalans-presenta-una-reforma-constitucional-federal\/#primaryimage"},"image":{"@id":"https:\/\/presidentjosemontilla.cat\/es\/la-fundacion-campalans-presenta-una-reforma-constitucional-federal\/#primaryimage"},"thumbnailUrl":"https:\/\/presidentjosemontilla.cat\/wp-content\/uploads\/2013\/05\/164_papersdelafundacio.jpg","datePublished":"2013-05-06T15:20:34+00:00","breadcrumb":{"@id":"https:\/\/presidentjosemontilla.cat\/es\/la-fundacion-campalans-presenta-una-reforma-constitucional-federal\/#breadcrumb"},"inLanguage":"es","potentialAction":[{"@type":"ReadAction","target":["https:\/\/presidentjosemontilla.cat\/es\/la-fundacion-campalans-presenta-una-reforma-constitucional-federal\/"]}]},{"@type":"ImageObject","inLanguage":"es","@id":"https:\/\/presidentjosemontilla.cat\/es\/la-fundacion-campalans-presenta-una-reforma-constitucional-federal\/#primaryimage","url":"https:\/\/presidentjosemontilla.cat\/wp-content\/uploads\/2013\/05\/164_papersdelafundacio.jpg","contentUrl":"https:\/\/presidentjosemontilla.cat\/wp-content\/uploads\/2013\/05\/164_papersdelafundacio.jpg"},{"@type":"BreadcrumbList","@id":"https:\/\/presidentjosemontilla.cat\/es\/la-fundacion-campalans-presenta-una-reforma-constitucional-federal\/#breadcrumb","itemListElement":[{"@type":"ListItem","position":1,"name":"Portada","item":"https:\/\/presidentjosemontilla.cat\/es\/"},{"@type":"ListItem","position":2,"name":"La Fundaci\u00f3n Campalans presenta una reforma constitucional federal"}]},{"@type":"WebSite","@id":"https:\/\/presidentjosemontilla.cat\/es\/#website","url":"https:\/\/presidentjosemontilla.cat\/es\/","name":"President Jos\u00e9 Montilla","description":"Web del 128\u00e8 president de la Generalitat de Catalunya","publisher":{"@id":"https:\/\/presidentjosemontilla.cat\/es\/#organization"},"potentialAction":[{"@type":"SearchAction","target":{"@type":"EntryPoint","urlTemplate":"https:\/\/presidentjosemontilla.cat\/es\/?s={search_term_string}"},"query-input":{"@type":"PropertyValueSpecification","valueRequired":true,"valueName":"search_term_string"}}],"inLanguage":"es"},{"@type":"Organization","@id":"https:\/\/presidentjosemontilla.cat\/es\/#organization","name":"President Jos\u00e9 Montilla","url":"https:\/\/presidentjosemontilla.cat\/es\/","logo":{"@type":"ImageObject","inLanguage":"es","@id":"https:\/\/presidentjosemontilla.cat\/es\/#\/schema\/logo\/image\/","url":"https:\/\/presidentjosemontilla.cat\/wp-content\/uploads\/2019\/09\/logo2.png","contentUrl":"https:\/\/presidentjosemontilla.cat\/wp-content\/uploads\/2019\/09\/logo2.png","width":350,"height":60,"caption":"President Jos\u00e9 Montilla"},"image":{"@id":"https:\/\/presidentjosemontilla.cat\/es\/#\/schema\/logo\/image\/"}},{"@type":"Person","@id":"https:\/\/presidentjosemontilla.cat\/es\/#\/schema\/person\/f36cbd21c0ca240e3f825efdf1149484","name":"Oficina de Jos\u00e9 Montilla","image":{"@type":"ImageObject","inLanguage":"es","@id":"https:\/\/secure.gravatar.com\/avatar\/33c91c345935ef6b4b0dea373a0addb58d127dab8ae459c970458ce720d66dad?s=96&d=mm&r=g","url":"https:\/\/secure.gravatar.com\/avatar\/33c91c345935ef6b4b0dea373a0addb58d127dab8ae459c970458ce720d66dad?s=96&d=mm&r=g","contentUrl":"https:\/\/secure.gravatar.com\/avatar\/33c91c345935ef6b4b0dea373a0addb58d127dab8ae459c970458ce720d66dad?s=96&d=mm&r=g","caption":"Oficina de Jos\u00e9 Montilla"},"url":"https:\/\/presidentjosemontilla.cat\/es\/author\/oficina-jose-montilla\/"}]}},"_links":{"self":[{"href":"https:\/\/presidentjosemontilla.cat\/es\/wp-json\/wp\/v2\/posts\/625","targetHints":{"allow":["GET"]}}],"collection":[{"href":"https:\/\/presidentjosemontilla.cat\/es\/wp-json\/wp\/v2\/posts"}],"about":[{"href":"https:\/\/presidentjosemontilla.cat\/es\/wp-json\/wp\/v2\/types\/post"}],"author":[{"embeddable":true,"href":"https:\/\/presidentjosemontilla.cat\/es\/wp-json\/wp\/v2\/users\/5"}],"replies":[{"embeddable":true,"href":"https:\/\/presidentjosemontilla.cat\/es\/wp-json\/wp\/v2\/comments?post=625"}],"version-history":[{"count":0,"href":"https:\/\/presidentjosemontilla.cat\/es\/wp-json\/wp\/v2\/posts\/625\/revisions"}],"wp:featuredmedia":[{"embeddable":true,"href":"https:\/\/presidentjosemontilla.cat\/es\/wp-json\/wp\/v2\/media\/626"}],"wp:attachment":[{"href":"https:\/\/presidentjosemontilla.cat\/es\/wp-json\/wp\/v2\/media?parent=625"}],"wp:term":[{"taxonomy":"category","embeddable":true,"href":"https:\/\/presidentjosemontilla.cat\/es\/wp-json\/wp\/v2\/categories?post=625"},{"taxonomy":"post_tag","embeddable":true,"href":"https:\/\/presidentjosemontilla.cat\/es\/wp-json\/wp\/v2\/tags?post=625"},{"taxonomy":"post_series","embeddable":true,"href":"https:\/\/presidentjosemontilla.cat\/es\/wp-json\/wp\/v2\/post_series?post=625"}],"curies":[{"name":"wp","href":"https:\/\/api.w.org\/{rel}","templated":true}]}}