{"id":6520,"date":"2010-04-18T12:09:41","date_gmt":"2010-04-18T12:09:41","guid":{"rendered":"https:\/\/presidentjosemontilla.cat\/podemos-discutir-si-recusamos-al-tc-entrevista-a-la-vanguardia\/"},"modified":"2021-07-12T09:57:59","modified_gmt":"2021-07-12T09:57:59","slug":"podemos-discutir-si-recusamos-al-tc-entrevista-en-la-vanguardia","status":"publish","type":"post","link":"https:\/\/presidentjosemontilla.cat\/es\/podemos-discutir-si-recusamos-al-tc-entrevista-en-la-vanguardia\/","title":{"rendered":"\u00abPodemos discutir si recusamos al TC\u00bb. Entrevista a La Vanguardia"},"content":{"rendered":"<p>Despu\u00e9s de ver como el Tribunal Constitucional volv\u00eda a estrellarse y fracasar en su intento de dictar una sentencia sobre el Estatuto, el presidente de la Generalitat, Jos\u00e9 Montilla, abre la puerta a una posible recusaci\u00f3n de los magistrados el mandato de los cuales ha expirado y mantiene su voluntad de agotar la legislatura, aunque cada vez se muestre menos tajante.<\/p>\n<p>Pod\u00e9is leer la entrevista <a href=\"https:\/\/www.lavanguardia.com\/politica\/20100418\/53910757823\/jose-montilla-hemos-estudiado-recusar-a-magistrados-del-tc.html\" target=\"_blank\" rel=\"noopener\">aqu\u00ed<\/a>.<\/p>\n<p>Fotografia: La Vanguardia<\/p>\n<p>&nbsp;<\/p>\n","protected":false},"excerpt":{"rendered":"<p>Despu\u00e9s de ver como el Tribunal Constitucional volv\u00eda a estrellarse y fracasar en su intento de dictar una sentencia sobre el Estatuto, el presidente de la Generalitat, Jos\u00e9 Montilla, abre la puerta a una posible recusaci\u00f3n de los magistrados el&hellip;<\/p>\n","protected":false},"author":5,"featured_media":6500,"comment_status":"closed","ping_status":"open","sticky":false,"template":"","format":"standard","meta":{"footnotes":""},"categories":[3,908,4],"tags":[1592,19,97,1595,1604,274,1469,1615],"post_series":[],"class_list":["post-6520","post","type-post","status-publish","format-standard","has-post-thumbnail","hentry","category-actividad","category-medios-de-comunicacion","category-opinion","tag-catalunya-ca-es","tag-catalunya","tag-espana","tag-espanya-es-2","tag-estatut-ca-es","tag-estatut","tag-tribunal-constitucional-es","tag-tribunal-constitucional-es-2","entry","has-media"],"yoast_head":"<!-- This site is optimized with the Yoast SEO plugin v27.5 - https:\/\/yoast.com\/product\/yoast-seo-wordpress\/ -->\n<title>&quot;Podemos discutir si recusamos al TC&quot;. Entrevista a La Vanguardia - President Jos\u00e9 Montilla<\/title>\n<meta name=\"robots\" content=\"index, follow, max-snippet:-1, max-image-preview:large, max-video-preview:-1\" \/>\n<link rel=\"canonical\" href=\"https:\/\/presidentjosemontilla.cat\/es\/podemos-discutir-si-recusamos-al-tc-entrevista-en-la-vanguardia\/\" \/>\n<meta property=\"og:locale\" content=\"es_ES\" \/>\n<meta property=\"og:type\" content=\"article\" \/>\n<meta property=\"og:title\" content=\"&quot;Podemos discutir si recusamos al TC&quot;. Entrevista a La Vanguardia - President Jos\u00e9 Montilla\" \/>\n<meta property=\"og:description\" content=\"Despu\u00e9s de ver como el Tribunal Constitucional volv\u00eda a estrellarse y fracasar en su intento de dictar una sentencia sobre el Estatuto, el presidente de la Generalitat, Jos\u00e9 Montilla, abre la puerta a una posible recusaci\u00f3n de los magistrados el&hellip;\" \/>\n<meta property=\"og:url\" content=\"https:\/\/presidentjosemontilla.cat\/es\/podemos-discutir-si-recusamos-al-tc-entrevista-en-la-vanguardia\/\" \/>\n<meta property=\"og:site_name\" content=\"President Jos\u00e9 Montilla\" \/>\n<meta property=\"article:published_time\" content=\"2010-04-18T12:09:41+00:00\" \/>\n<meta property=\"article:modified_time\" content=\"2021-07-12T09:57:59+00:00\" \/>\n<meta property=\"og:image\" content=\"https:\/\/presidentjosemontilla.cat\/wp-content\/uploads\/2010\/04\/5f9af0b1d93dd.jpeg\" \/>\n\t<meta property=\"og:image:width\" content=\"948\" \/>\n\t<meta property=\"og:image:height\" content=\"465\" \/>\n\t<meta property=\"og:image:type\" content=\"image\/jpeg\" \/>\n<meta name=\"author\" content=\"Oficina de Jos\u00e9 Montilla\" \/>\n<meta name=\"twitter:card\" content=\"summary_large_image\" \/>\n<meta name=\"twitter:label1\" content=\"Escrito por\" \/>\n\t<meta name=\"twitter:data1\" content=\"Oficina de Jos\u00e9 Montilla\" \/>\n\t<meta name=\"twitter:label2\" content=\"Tiempo de lectura\" \/>\n\t<meta name=\"twitter:data2\" content=\"1 minuto\" \/>\n<script type=\"application\/ld+json\" class=\"yoast-schema-graph\">{\"@context\":\"https:\\\/\\\/schema.org\",\"@graph\":[{\"@type\":\"Article\",\"@id\":\"https:\\\/\\\/presidentjosemontilla.cat\\\/es\\\/podemos-discutir-si-recusamos-al-tc-entrevista-en-la-vanguardia\\\/#article\",\"isPartOf\":{\"@id\":\"https:\\\/\\\/presidentjosemontilla.cat\\\/es\\\/podemos-discutir-si-recusamos-al-tc-entrevista-en-la-vanguardia\\\/\"},\"author\":{\"name\":\"Oficina de Jos\u00e9 Montilla\",\"@id\":\"https:\\\/\\\/presidentjosemontilla.cat\\\/es\\\/#\\\/schema\\\/person\\\/f36cbd21c0ca240e3f825efdf1149484\"},\"headline\":\"\u00abPodemos discutir si recusamos al TC\u00bb. Entrevista a La Vanguardia\",\"datePublished\":\"2010-04-18T12:09:41+00:00\",\"dateModified\":\"2021-07-12T09:57:59+00:00\",\"mainEntityOfPage\":{\"@id\":\"https:\\\/\\\/presidentjosemontilla.cat\\\/es\\\/podemos-discutir-si-recusamos-al-tc-entrevista-en-la-vanguardia\\\/\"},\"wordCount\":84,\"publisher\":{\"@id\":\"https:\\\/\\\/presidentjosemontilla.cat\\\/es\\\/#organization\"},\"image\":{\"@id\":\"https:\\\/\\\/presidentjosemontilla.cat\\\/es\\\/podemos-discutir-si-recusamos-al-tc-entrevista-en-la-vanguardia\\\/#primaryimage\"},\"thumbnailUrl\":\"https:\\\/\\\/presidentjosemontilla.cat\\\/wp-content\\\/uploads\\\/2010\\\/04\\\/5f9af0b1d93dd.jpeg\",\"keywords\":[\"Catalunya\",\"Catalunya\",\"Espa\u00f1a\",\"Espanya\",\"Estatut\",\"Estatut\",\"Tribunal Constitucional\",\"Tribunal Constitucional\"],\"articleSection\":[\"Actividad\",\"Medios de comunicaci\u00f3n\",\"Opini\u00f3n\"],\"inLanguage\":\"es\"},{\"@type\":\"WebPage\",\"@id\":\"https:\\\/\\\/presidentjosemontilla.cat\\\/es\\\/podemos-discutir-si-recusamos-al-tc-entrevista-en-la-vanguardia\\\/\",\"url\":\"https:\\\/\\\/presidentjosemontilla.cat\\\/es\\\/podemos-discutir-si-recusamos-al-tc-entrevista-en-la-vanguardia\\\/\",\"name\":\"\\\"Podemos discutir si recusamos al TC\\\". Entrevista a La Vanguardia - President Jos\u00e9 Montilla\",\"isPartOf\":{\"@id\":\"https:\\\/\\\/presidentjosemontilla.cat\\\/es\\\/#website\"},\"primaryImageOfPage\":{\"@id\":\"https:\\\/\\\/presidentjosemontilla.cat\\\/es\\\/podemos-discutir-si-recusamos-al-tc-entrevista-en-la-vanguardia\\\/#primaryimage\"},\"image\":{\"@id\":\"https:\\\/\\\/presidentjosemontilla.cat\\\/es\\\/podemos-discutir-si-recusamos-al-tc-entrevista-en-la-vanguardia\\\/#primaryimage\"},\"thumbnailUrl\":\"https:\\\/\\\/presidentjosemontilla.cat\\\/wp-content\\\/uploads\\\/2010\\\/04\\\/5f9af0b1d93dd.jpeg\",\"datePublished\":\"2010-04-18T12:09:41+00:00\",\"dateModified\":\"2021-07-12T09:57:59+00:00\",\"breadcrumb\":{\"@id\":\"https:\\\/\\\/presidentjosemontilla.cat\\\/es\\\/podemos-discutir-si-recusamos-al-tc-entrevista-en-la-vanguardia\\\/#breadcrumb\"},\"inLanguage\":\"es\",\"potentialAction\":[{\"@type\":\"ReadAction\",\"target\":[\"https:\\\/\\\/presidentjosemontilla.cat\\\/es\\\/podemos-discutir-si-recusamos-al-tc-entrevista-en-la-vanguardia\\\/\"]}]},{\"@type\":\"ImageObject\",\"inLanguage\":\"es\",\"@id\":\"https:\\\/\\\/presidentjosemontilla.cat\\\/es\\\/podemos-discutir-si-recusamos-al-tc-entrevista-en-la-vanguardia\\\/#primaryimage\",\"url\":\"https:\\\/\\\/presidentjosemontilla.cat\\\/wp-content\\\/uploads\\\/2010\\\/04\\\/5f9af0b1d93dd.jpeg\",\"contentUrl\":\"https:\\\/\\\/presidentjosemontilla.cat\\\/wp-content\\\/uploads\\\/2010\\\/04\\\/5f9af0b1d93dd.jpeg\",\"width\":948,\"height\":465},{\"@type\":\"BreadcrumbList\",\"@id\":\"https:\\\/\\\/presidentjosemontilla.cat\\\/es\\\/podemos-discutir-si-recusamos-al-tc-entrevista-en-la-vanguardia\\\/#breadcrumb\",\"itemListElement\":[{\"@type\":\"ListItem\",\"position\":1,\"name\":\"Portada\",\"item\":\"https:\\\/\\\/presidentjosemontilla.cat\\\/es\\\/\"},{\"@type\":\"ListItem\",\"position\":2,\"name\":\"&#8220;Podemos discutir si recusamos al TC&#8221;. Entrevista a La Vanguardia\"}]},{\"@type\":\"WebSite\",\"@id\":\"https:\\\/\\\/presidentjosemontilla.cat\\\/es\\\/#website\",\"url\":\"https:\\\/\\\/presidentjosemontilla.cat\\\/es\\\/\",\"name\":\"President Jos\u00e9 Montilla\",\"description\":\"Web del 128\u00e8 president de la Generalitat de Catalunya\",\"publisher\":{\"@id\":\"https:\\\/\\\/presidentjosemontilla.cat\\\/es\\\/#organization\"},\"potentialAction\":[{\"@type\":\"SearchAction\",\"target\":{\"@type\":\"EntryPoint\",\"urlTemplate\":\"https:\\\/\\\/presidentjosemontilla.cat\\\/es\\\/?s={search_term_string}\"},\"query-input\":{\"@type\":\"PropertyValueSpecification\",\"valueRequired\":true,\"valueName\":\"search_term_string\"}}],\"inLanguage\":\"es\"},{\"@type\":\"Organization\",\"@id\":\"https:\\\/\\\/presidentjosemontilla.cat\\\/es\\\/#organization\",\"name\":\"President Jos\u00e9 Montilla\",\"url\":\"https:\\\/\\\/presidentjosemontilla.cat\\\/es\\\/\",\"logo\":{\"@type\":\"ImageObject\",\"inLanguage\":\"es\",\"@id\":\"https:\\\/\\\/presidentjosemontilla.cat\\\/es\\\/#\\\/schema\\\/logo\\\/image\\\/\",\"url\":\"https:\\\/\\\/presidentjosemontilla.cat\\\/wp-content\\\/uploads\\\/2019\\\/09\\\/logo2.png\",\"contentUrl\":\"https:\\\/\\\/presidentjosemontilla.cat\\\/wp-content\\\/uploads\\\/2019\\\/09\\\/logo2.png\",\"width\":350,\"height\":60,\"caption\":\"President Jos\u00e9 Montilla\"},\"image\":{\"@id\":\"https:\\\/\\\/presidentjosemontilla.cat\\\/es\\\/#\\\/schema\\\/logo\\\/image\\\/\"}},{\"@type\":\"Person\",\"@id\":\"https:\\\/\\\/presidentjosemontilla.cat\\\/es\\\/#\\\/schema\\\/person\\\/f36cbd21c0ca240e3f825efdf1149484\",\"name\":\"Oficina de Jos\u00e9 Montilla\",\"image\":{\"@type\":\"ImageObject\",\"inLanguage\":\"es\",\"@id\":\"https:\\\/\\\/secure.gravatar.com\\\/avatar\\\/33c91c345935ef6b4b0dea373a0addb58d127dab8ae459c970458ce720d66dad?s=96&d=mm&r=g\",\"url\":\"https:\\\/\\\/secure.gravatar.com\\\/avatar\\\/33c91c345935ef6b4b0dea373a0addb58d127dab8ae459c970458ce720d66dad?s=96&d=mm&r=g\",\"contentUrl\":\"https:\\\/\\\/secure.gravatar.com\\\/avatar\\\/33c91c345935ef6b4b0dea373a0addb58d127dab8ae459c970458ce720d66dad?s=96&d=mm&r=g\",\"caption\":\"Oficina de Jos\u00e9 Montilla\"},\"url\":\"https:\\\/\\\/presidentjosemontilla.cat\\\/es\\\/author\\\/oficina-jose-montilla\\\/\"}]}<\/script>\n<!-- \/ Yoast SEO plugin. -->","yoast_head_json":{"title":"\"Podemos discutir si recusamos al TC\". Entrevista a La Vanguardia - President Jos\u00e9 Montilla","robots":{"index":"index","follow":"follow","max-snippet":"max-snippet:-1","max-image-preview":"max-image-preview:large","max-video-preview":"max-video-preview:-1"},"canonical":"https:\/\/presidentjosemontilla.cat\/es\/podemos-discutir-si-recusamos-al-tc-entrevista-en-la-vanguardia\/","og_locale":"es_ES","og_type":"article","og_title":"\"Podemos discutir si recusamos al TC\". Entrevista a La Vanguardia - President Jos\u00e9 Montilla","og_description":"Despu\u00e9s de ver como el Tribunal Constitucional volv\u00eda a estrellarse y fracasar en su intento de dictar una sentencia sobre el Estatuto, el presidente de la Generalitat, Jos\u00e9 Montilla, abre la puerta a una posible recusaci\u00f3n de los magistrados el&hellip;","og_url":"https:\/\/presidentjosemontilla.cat\/es\/podemos-discutir-si-recusamos-al-tc-entrevista-en-la-vanguardia\/","og_site_name":"President Jos\u00e9 Montilla","article_published_time":"2010-04-18T12:09:41+00:00","article_modified_time":"2021-07-12T09:57:59+00:00","og_image":[{"width":948,"height":465,"url":"https:\/\/presidentjosemontilla.cat\/wp-content\/uploads\/2010\/04\/5f9af0b1d93dd.jpeg","type":"image\/jpeg"}],"author":"Oficina de Jos\u00e9 Montilla","twitter_card":"summary_large_image","twitter_misc":{"Escrito por":"Oficina de Jos\u00e9 Montilla","Tiempo de lectura":"1 minuto"},"schema":{"@context":"https:\/\/schema.org","@graph":[{"@type":"Article","@id":"https:\/\/presidentjosemontilla.cat\/es\/podemos-discutir-si-recusamos-al-tc-entrevista-en-la-vanguardia\/#article","isPartOf":{"@id":"https:\/\/presidentjosemontilla.cat\/es\/podemos-discutir-si-recusamos-al-tc-entrevista-en-la-vanguardia\/"},"author":{"name":"Oficina de Jos\u00e9 Montilla","@id":"https:\/\/presidentjosemontilla.cat\/es\/#\/schema\/person\/f36cbd21c0ca240e3f825efdf1149484"},"headline":"\u00abPodemos discutir si recusamos al TC\u00bb. Entrevista a La Vanguardia","datePublished":"2010-04-18T12:09:41+00:00","dateModified":"2021-07-12T09:57:59+00:00","mainEntityOfPage":{"@id":"https:\/\/presidentjosemontilla.cat\/es\/podemos-discutir-si-recusamos-al-tc-entrevista-en-la-vanguardia\/"},"wordCount":84,"publisher":{"@id":"https:\/\/presidentjosemontilla.cat\/es\/#organization"},"image":{"@id":"https:\/\/presidentjosemontilla.cat\/es\/podemos-discutir-si-recusamos-al-tc-entrevista-en-la-vanguardia\/#primaryimage"},"thumbnailUrl":"https:\/\/presidentjosemontilla.cat\/wp-content\/uploads\/2010\/04\/5f9af0b1d93dd.jpeg","keywords":["Catalunya","Catalunya","Espa\u00f1a","Espanya","Estatut","Estatut","Tribunal Constitucional","Tribunal Constitucional"],"articleSection":["Actividad","Medios de comunicaci\u00f3n","Opini\u00f3n"],"inLanguage":"es"},{"@type":"WebPage","@id":"https:\/\/presidentjosemontilla.cat\/es\/podemos-discutir-si-recusamos-al-tc-entrevista-en-la-vanguardia\/","url":"https:\/\/presidentjosemontilla.cat\/es\/podemos-discutir-si-recusamos-al-tc-entrevista-en-la-vanguardia\/","name":"\"Podemos discutir si recusamos al TC\". Entrevista a La Vanguardia - President Jos\u00e9 Montilla","isPartOf":{"@id":"https:\/\/presidentjosemontilla.cat\/es\/#website"},"primaryImageOfPage":{"@id":"https:\/\/presidentjosemontilla.cat\/es\/podemos-discutir-si-recusamos-al-tc-entrevista-en-la-vanguardia\/#primaryimage"},"image":{"@id":"https:\/\/presidentjosemontilla.cat\/es\/podemos-discutir-si-recusamos-al-tc-entrevista-en-la-vanguardia\/#primaryimage"},"thumbnailUrl":"https:\/\/presidentjosemontilla.cat\/wp-content\/uploads\/2010\/04\/5f9af0b1d93dd.jpeg","datePublished":"2010-04-18T12:09:41+00:00","dateModified":"2021-07-12T09:57:59+00:00","breadcrumb":{"@id":"https:\/\/presidentjosemontilla.cat\/es\/podemos-discutir-si-recusamos-al-tc-entrevista-en-la-vanguardia\/#breadcrumb"},"inLanguage":"es","potentialAction":[{"@type":"ReadAction","target":["https:\/\/presidentjosemontilla.cat\/es\/podemos-discutir-si-recusamos-al-tc-entrevista-en-la-vanguardia\/"]}]},{"@type":"ImageObject","inLanguage":"es","@id":"https:\/\/presidentjosemontilla.cat\/es\/podemos-discutir-si-recusamos-al-tc-entrevista-en-la-vanguardia\/#primaryimage","url":"https:\/\/presidentjosemontilla.cat\/wp-content\/uploads\/2010\/04\/5f9af0b1d93dd.jpeg","contentUrl":"https:\/\/presidentjosemontilla.cat\/wp-content\/uploads\/2010\/04\/5f9af0b1d93dd.jpeg","width":948,"height":465},{"@type":"BreadcrumbList","@id":"https:\/\/presidentjosemontilla.cat\/es\/podemos-discutir-si-recusamos-al-tc-entrevista-en-la-vanguardia\/#breadcrumb","itemListElement":[{"@type":"ListItem","position":1,"name":"Portada","item":"https:\/\/presidentjosemontilla.cat\/es\/"},{"@type":"ListItem","position":2,"name":"&#8220;Podemos discutir si recusamos al TC&#8221;. Entrevista a La Vanguardia"}]},{"@type":"WebSite","@id":"https:\/\/presidentjosemontilla.cat\/es\/#website","url":"https:\/\/presidentjosemontilla.cat\/es\/","name":"President Jos\u00e9 Montilla","description":"Web del 128\u00e8 president de la Generalitat de Catalunya","publisher":{"@id":"https:\/\/presidentjosemontilla.cat\/es\/#organization"},"potentialAction":[{"@type":"SearchAction","target":{"@type":"EntryPoint","urlTemplate":"https:\/\/presidentjosemontilla.cat\/es\/?s={search_term_string}"},"query-input":{"@type":"PropertyValueSpecification","valueRequired":true,"valueName":"search_term_string"}}],"inLanguage":"es"},{"@type":"Organization","@id":"https:\/\/presidentjosemontilla.cat\/es\/#organization","name":"President Jos\u00e9 Montilla","url":"https:\/\/presidentjosemontilla.cat\/es\/","logo":{"@type":"ImageObject","inLanguage":"es","@id":"https:\/\/presidentjosemontilla.cat\/es\/#\/schema\/logo\/image\/","url":"https:\/\/presidentjosemontilla.cat\/wp-content\/uploads\/2019\/09\/logo2.png","contentUrl":"https:\/\/presidentjosemontilla.cat\/wp-content\/uploads\/2019\/09\/logo2.png","width":350,"height":60,"caption":"President Jos\u00e9 Montilla"},"image":{"@id":"https:\/\/presidentjosemontilla.cat\/es\/#\/schema\/logo\/image\/"}},{"@type":"Person","@id":"https:\/\/presidentjosemontilla.cat\/es\/#\/schema\/person\/f36cbd21c0ca240e3f825efdf1149484","name":"Oficina de Jos\u00e9 Montilla","image":{"@type":"ImageObject","inLanguage":"es","@id":"https:\/\/secure.gravatar.com\/avatar\/33c91c345935ef6b4b0dea373a0addb58d127dab8ae459c970458ce720d66dad?s=96&d=mm&r=g","url":"https:\/\/secure.gravatar.com\/avatar\/33c91c345935ef6b4b0dea373a0addb58d127dab8ae459c970458ce720d66dad?s=96&d=mm&r=g","contentUrl":"https:\/\/secure.gravatar.com\/avatar\/33c91c345935ef6b4b0dea373a0addb58d127dab8ae459c970458ce720d66dad?s=96&d=mm&r=g","caption":"Oficina de Jos\u00e9 Montilla"},"url":"https:\/\/presidentjosemontilla.cat\/es\/author\/oficina-jose-montilla\/"}]}},"_links":{"self":[{"href":"https:\/\/presidentjosemontilla.cat\/es\/wp-json\/wp\/v2\/posts\/6520","targetHints":{"allow":["GET"]}}],"collection":[{"href":"https:\/\/presidentjosemontilla.cat\/es\/wp-json\/wp\/v2\/posts"}],"about":[{"href":"https:\/\/presidentjosemontilla.cat\/es\/wp-json\/wp\/v2\/types\/post"}],"author":[{"embeddable":true,"href":"https:\/\/presidentjosemontilla.cat\/es\/wp-json\/wp\/v2\/users\/5"}],"replies":[{"embeddable":true,"href":"https:\/\/presidentjosemontilla.cat\/es\/wp-json\/wp\/v2\/comments?post=6520"}],"version-history":[{"count":2,"href":"https:\/\/presidentjosemontilla.cat\/es\/wp-json\/wp\/v2\/posts\/6520\/revisions"}],"predecessor-version":[{"id":6521,"href":"https:\/\/presidentjosemontilla.cat\/es\/wp-json\/wp\/v2\/posts\/6520\/revisions\/6521"}],"wp:featuredmedia":[{"embeddable":true,"href":"https:\/\/presidentjosemontilla.cat\/es\/wp-json\/wp\/v2\/media\/6500"}],"wp:attachment":[{"href":"https:\/\/presidentjosemontilla.cat\/es\/wp-json\/wp\/v2\/media?parent=6520"}],"wp:term":[{"taxonomy":"category","embeddable":true,"href":"https:\/\/presidentjosemontilla.cat\/es\/wp-json\/wp\/v2\/categories?post=6520"},{"taxonomy":"post_tag","embeddable":true,"href":"https:\/\/presidentjosemontilla.cat\/es\/wp-json\/wp\/v2\/tags?post=6520"},{"taxonomy":"post_series","embeddable":true,"href":"https:\/\/presidentjosemontilla.cat\/es\/wp-json\/wp\/v2\/post_series?post=6520"}],"curies":[{"name":"wp","href":"https:\/\/api.w.org\/{rel}","templated":true}]}}