{"id":6642,"date":"2011-05-09T12:17:05","date_gmt":"2011-05-09T12:17:05","guid":{"rendered":"https:\/\/presidentjosemontilla.cat\/jose-montilla-a-la-commemoracio-de-ledicio-5-000-de-el-periodico-en-catala\/"},"modified":"2021-07-15T09:01:09","modified_gmt":"2021-07-15T09:01:09","slug":"jose-montilla-en-la-conmemoracio-de-la-edicion-5-000-de-el-periodico-en-catalan","status":"publish","type":"post","link":"https:\/\/presidentjosemontilla.cat\/es\/jose-montilla-en-la-conmemoracio-de-la-edicion-5-000-de-el-periodico-en-catalan\/","title":{"rendered":"Jos\u00e9 Montilla en la conmemoraci\u00f3n de la edici\u00f3n 5.000 de EL PERI\u00d3DICO en catal\u00e1n"},"content":{"rendered":"<p style=\"text-align: justify;\">El pasado 29 de abril, el Grupo ZETA, empresa editora, de <strong><a href=\"http:\/\/www.elperiodico.cat\/\" target=\"_blank\" rel=\"noopener noreferrer\">EL PERI\u00d3DICO<\/a><\/strong>, conmemor\u00f3 el n\u00famero 5.000 de la edici\u00f3n del diario en catal\u00e1n. La apuesta del holding de comunicaci\u00f3n y del diario en su momento, ha acontecido en un \u00e9xito, que ha ayudado a la normalizaci\u00f3n de la lengua catalana en el \u00e1mbito de la comunicaci\u00f3n y en el consumo informativo que hacen los ciudadanos y ciudadanas.<\/p>\n<p style=\"text-align: justify;\">El acto se celebr\u00f3 en la sede del Institut d\u2019Estudis Catalans y, adem\u00e1s de la participaci\u00f3n del expresidente Montilla, que quiso acompa\u00f1ar a los responsables de este \u00e9xito (la empresa editora, los directivos y los trabajadores de los diarios), tambi\u00e9n cont\u00f3 con la asistencia del M.H. Sr. Artur Mas, presidente de la Generalitat, el expresidente Pujol, el director del IEC, Salvador Giner, el actual director de el PERI\u00d3DICO, Enric Hern\u00e1ndez y el presidente del Grupo Zeta, Antonio Asensio, as\u00ed como una importante representaci\u00f3n del mundo de la lengua y la comunicaci\u00f3n de Catalunya.<\/p>\n","protected":false},"excerpt":{"rendered":"<p>El pasado 29 de abril, el Grupo ZETA, empresa editora, de EL PERI\u00d3DICO, conmemor\u00f3 el n\u00famero 5.000 de la edici\u00f3n del diario en catal\u00e1n. La apuesta del holding de comunicaci\u00f3n y del diario en su momento, ha acontecido en un&hellip;<\/p>\n","protected":false},"author":5,"featured_media":6643,"comment_status":"closed","ping_status":"open","sticky":false,"template":"","format":"standard","meta":{"footnotes":""},"categories":[3],"tags":[1699,191,1700],"post_series":[],"class_list":["post-6642","post","type-post","status-publish","format-standard","has-post-thumbnail","hentry","category-actividad","tag-el-periodico-ca-es","tag-el-periodico","tag-grupo-zeta-es","entry","has-media"],"yoast_head":"<!-- This site is optimized with the Yoast SEO plugin v27.5 - https:\/\/yoast.com\/product\/yoast-seo-wordpress\/ -->\n<title>Jos\u00e9 Montilla en la conmemoraci\u00f3n de la edici\u00f3n 5.000 de EL PERI\u00d3DICO en catal\u00e1n - President Jos\u00e9 Montilla<\/title>\n<meta name=\"robots\" content=\"index, follow, max-snippet:-1, max-image-preview:large, max-video-preview:-1\" \/>\n<link rel=\"canonical\" href=\"https:\/\/presidentjosemontilla.cat\/es\/jose-montilla-en-la-conmemoracio-de-la-edicion-5-000-de-el-periodico-en-catalan\/\" \/>\n<meta property=\"og:locale\" content=\"es_ES\" \/>\n<meta property=\"og:type\" content=\"article\" \/>\n<meta property=\"og:title\" content=\"Jos\u00e9 Montilla en la conmemoraci\u00f3n de la edici\u00f3n 5.000 de EL PERI\u00d3DICO en catal\u00e1n - President Jos\u00e9 Montilla\" \/>\n<meta property=\"og:description\" content=\"El pasado 29 de abril, el Grupo ZETA, empresa editora, de EL PERI\u00d3DICO, conmemor\u00f3 el n\u00famero 5.000 de la edici\u00f3n del diario en catal\u00e1n. La apuesta del holding de comunicaci\u00f3n y del diario en su momento, ha acontecido en un&hellip;\" \/>\n<meta property=\"og:url\" content=\"https:\/\/presidentjosemontilla.cat\/es\/jose-montilla-en-la-conmemoracio-de-la-edicion-5-000-de-el-periodico-en-catalan\/\" \/>\n<meta property=\"og:site_name\" content=\"President Jos\u00e9 Montilla\" \/>\n<meta property=\"article:published_time\" content=\"2011-05-09T12:17:05+00:00\" \/>\n<meta property=\"article:modified_time\" content=\"2021-07-15T09:01:09+00:00\" \/>\n<meta property=\"og:image\" content=\"https:\/\/presidentjosemontilla.cat\/wp-content\/uploads\/2011\/05\/fem2-2.jpg\" \/>\n\t<meta property=\"og:image:width\" content=\"490\" \/>\n\t<meta property=\"og:image:height\" content=\"326\" \/>\n\t<meta property=\"og:image:type\" content=\"image\/jpeg\" \/>\n<meta name=\"author\" content=\"Oficina de Jos\u00e9 Montilla\" \/>\n<meta name=\"twitter:card\" content=\"summary_large_image\" \/>\n<meta name=\"twitter:label1\" content=\"Escrito por\" \/>\n\t<meta name=\"twitter:data1\" content=\"Oficina de Jos\u00e9 Montilla\" \/>\n\t<meta name=\"twitter:label2\" content=\"Tiempo de lectura\" \/>\n\t<meta name=\"twitter:data2\" content=\"1 minuto\" \/>\n<script type=\"application\/ld+json\" class=\"yoast-schema-graph\">{\"@context\":\"https:\\\/\\\/schema.org\",\"@graph\":[{\"@type\":\"Article\",\"@id\":\"https:\\\/\\\/presidentjosemontilla.cat\\\/es\\\/jose-montilla-en-la-conmemoracio-de-la-edicion-5-000-de-el-periodico-en-catalan\\\/#article\",\"isPartOf\":{\"@id\":\"https:\\\/\\\/presidentjosemontilla.cat\\\/es\\\/jose-montilla-en-la-conmemoracio-de-la-edicion-5-000-de-el-periodico-en-catalan\\\/\"},\"author\":{\"name\":\"Oficina de Jos\u00e9 Montilla\",\"@id\":\"https:\\\/\\\/presidentjosemontilla.cat\\\/es\\\/#\\\/schema\\\/person\\\/f36cbd21c0ca240e3f825efdf1149484\"},\"headline\":\"Jos\u00e9 Montilla en la conmemoraci\u00f3n de la edici\u00f3n 5.000 de EL PERI\u00d3DICO en catal\u00e1n\",\"datePublished\":\"2011-05-09T12:17:05+00:00\",\"dateModified\":\"2021-07-15T09:01:09+00:00\",\"mainEntityOfPage\":{\"@id\":\"https:\\\/\\\/presidentjosemontilla.cat\\\/es\\\/jose-montilla-en-la-conmemoracio-de-la-edicion-5-000-de-el-periodico-en-catalan\\\/\"},\"wordCount\":193,\"publisher\":{\"@id\":\"https:\\\/\\\/presidentjosemontilla.cat\\\/es\\\/#organization\"},\"image\":{\"@id\":\"https:\\\/\\\/presidentjosemontilla.cat\\\/es\\\/jose-montilla-en-la-conmemoracio-de-la-edicion-5-000-de-el-periodico-en-catalan\\\/#primaryimage\"},\"thumbnailUrl\":\"https:\\\/\\\/presidentjosemontilla.cat\\\/wp-content\\\/uploads\\\/2011\\\/05\\\/fem2-2.jpg\",\"keywords\":[\"El Peri\u00f3dico\",\"El Peri\u00f3dico\",\"Grupo Zeta\"],\"articleSection\":[\"Actividad\"],\"inLanguage\":\"es\"},{\"@type\":\"WebPage\",\"@id\":\"https:\\\/\\\/presidentjosemontilla.cat\\\/es\\\/jose-montilla-en-la-conmemoracio-de-la-edicion-5-000-de-el-periodico-en-catalan\\\/\",\"url\":\"https:\\\/\\\/presidentjosemontilla.cat\\\/es\\\/jose-montilla-en-la-conmemoracio-de-la-edicion-5-000-de-el-periodico-en-catalan\\\/\",\"name\":\"Jos\u00e9 Montilla en la conmemoraci\u00f3n de la edici\u00f3n 5.000 de EL PERI\u00d3DICO en catal\u00e1n - President Jos\u00e9 Montilla\",\"isPartOf\":{\"@id\":\"https:\\\/\\\/presidentjosemontilla.cat\\\/es\\\/#website\"},\"primaryImageOfPage\":{\"@id\":\"https:\\\/\\\/presidentjosemontilla.cat\\\/es\\\/jose-montilla-en-la-conmemoracio-de-la-edicion-5-000-de-el-periodico-en-catalan\\\/#primaryimage\"},\"image\":{\"@id\":\"https:\\\/\\\/presidentjosemontilla.cat\\\/es\\\/jose-montilla-en-la-conmemoracio-de-la-edicion-5-000-de-el-periodico-en-catalan\\\/#primaryimage\"},\"thumbnailUrl\":\"https:\\\/\\\/presidentjosemontilla.cat\\\/wp-content\\\/uploads\\\/2011\\\/05\\\/fem2-2.jpg\",\"datePublished\":\"2011-05-09T12:17:05+00:00\",\"dateModified\":\"2021-07-15T09:01:09+00:00\",\"breadcrumb\":{\"@id\":\"https:\\\/\\\/presidentjosemontilla.cat\\\/es\\\/jose-montilla-en-la-conmemoracio-de-la-edicion-5-000-de-el-periodico-en-catalan\\\/#breadcrumb\"},\"inLanguage\":\"es\",\"potentialAction\":[{\"@type\":\"ReadAction\",\"target\":[\"https:\\\/\\\/presidentjosemontilla.cat\\\/es\\\/jose-montilla-en-la-conmemoracio-de-la-edicion-5-000-de-el-periodico-en-catalan\\\/\"]}]},{\"@type\":\"ImageObject\",\"inLanguage\":\"es\",\"@id\":\"https:\\\/\\\/presidentjosemontilla.cat\\\/es\\\/jose-montilla-en-la-conmemoracio-de-la-edicion-5-000-de-el-periodico-en-catalan\\\/#primaryimage\",\"url\":\"https:\\\/\\\/presidentjosemontilla.cat\\\/wp-content\\\/uploads\\\/2011\\\/05\\\/fem2-2.jpg\",\"contentUrl\":\"https:\\\/\\\/presidentjosemontilla.cat\\\/wp-content\\\/uploads\\\/2011\\\/05\\\/fem2-2.jpg\",\"width\":490,\"height\":326},{\"@type\":\"BreadcrumbList\",\"@id\":\"https:\\\/\\\/presidentjosemontilla.cat\\\/es\\\/jose-montilla-en-la-conmemoracio-de-la-edicion-5-000-de-el-periodico-en-catalan\\\/#breadcrumb\",\"itemListElement\":[{\"@type\":\"ListItem\",\"position\":1,\"name\":\"Portada\",\"item\":\"https:\\\/\\\/presidentjosemontilla.cat\\\/es\\\/\"},{\"@type\":\"ListItem\",\"position\":2,\"name\":\"Jos\u00e9 Montilla en la conmemoraci\u00f3n de la edici\u00f3n 5.000 de EL PERI\u00d3DICO en catal\u00e1n\"}]},{\"@type\":\"WebSite\",\"@id\":\"https:\\\/\\\/presidentjosemontilla.cat\\\/es\\\/#website\",\"url\":\"https:\\\/\\\/presidentjosemontilla.cat\\\/es\\\/\",\"name\":\"President Jos\u00e9 Montilla\",\"description\":\"Web del 128\u00e8 president de la Generalitat de Catalunya\",\"publisher\":{\"@id\":\"https:\\\/\\\/presidentjosemontilla.cat\\\/es\\\/#organization\"},\"potentialAction\":[{\"@type\":\"SearchAction\",\"target\":{\"@type\":\"EntryPoint\",\"urlTemplate\":\"https:\\\/\\\/presidentjosemontilla.cat\\\/es\\\/?s={search_term_string}\"},\"query-input\":{\"@type\":\"PropertyValueSpecification\",\"valueRequired\":true,\"valueName\":\"search_term_string\"}}],\"inLanguage\":\"es\"},{\"@type\":\"Organization\",\"@id\":\"https:\\\/\\\/presidentjosemontilla.cat\\\/es\\\/#organization\",\"name\":\"President Jos\u00e9 Montilla\",\"url\":\"https:\\\/\\\/presidentjosemontilla.cat\\\/es\\\/\",\"logo\":{\"@type\":\"ImageObject\",\"inLanguage\":\"es\",\"@id\":\"https:\\\/\\\/presidentjosemontilla.cat\\\/es\\\/#\\\/schema\\\/logo\\\/image\\\/\",\"url\":\"https:\\\/\\\/presidentjosemontilla.cat\\\/wp-content\\\/uploads\\\/2019\\\/09\\\/logo2.png\",\"contentUrl\":\"https:\\\/\\\/presidentjosemontilla.cat\\\/wp-content\\\/uploads\\\/2019\\\/09\\\/logo2.png\",\"width\":350,\"height\":60,\"caption\":\"President Jos\u00e9 Montilla\"},\"image\":{\"@id\":\"https:\\\/\\\/presidentjosemontilla.cat\\\/es\\\/#\\\/schema\\\/logo\\\/image\\\/\"}},{\"@type\":\"Person\",\"@id\":\"https:\\\/\\\/presidentjosemontilla.cat\\\/es\\\/#\\\/schema\\\/person\\\/f36cbd21c0ca240e3f825efdf1149484\",\"name\":\"Oficina de Jos\u00e9 Montilla\",\"image\":{\"@type\":\"ImageObject\",\"inLanguage\":\"es\",\"@id\":\"https:\\\/\\\/secure.gravatar.com\\\/avatar\\\/33c91c345935ef6b4b0dea373a0addb58d127dab8ae459c970458ce720d66dad?s=96&d=mm&r=g\",\"url\":\"https:\\\/\\\/secure.gravatar.com\\\/avatar\\\/33c91c345935ef6b4b0dea373a0addb58d127dab8ae459c970458ce720d66dad?s=96&d=mm&r=g\",\"contentUrl\":\"https:\\\/\\\/secure.gravatar.com\\\/avatar\\\/33c91c345935ef6b4b0dea373a0addb58d127dab8ae459c970458ce720d66dad?s=96&d=mm&r=g\",\"caption\":\"Oficina de Jos\u00e9 Montilla\"},\"url\":\"https:\\\/\\\/presidentjosemontilla.cat\\\/es\\\/author\\\/oficina-jose-montilla\\\/\"}]}<\/script>\n<!-- \/ Yoast SEO plugin. -->","yoast_head_json":{"title":"Jos\u00e9 Montilla en la conmemoraci\u00f3n de la edici\u00f3n 5.000 de EL PERI\u00d3DICO en catal\u00e1n - President Jos\u00e9 Montilla","robots":{"index":"index","follow":"follow","max-snippet":"max-snippet:-1","max-image-preview":"max-image-preview:large","max-video-preview":"max-video-preview:-1"},"canonical":"https:\/\/presidentjosemontilla.cat\/es\/jose-montilla-en-la-conmemoracio-de-la-edicion-5-000-de-el-periodico-en-catalan\/","og_locale":"es_ES","og_type":"article","og_title":"Jos\u00e9 Montilla en la conmemoraci\u00f3n de la edici\u00f3n 5.000 de EL PERI\u00d3DICO en catal\u00e1n - President Jos\u00e9 Montilla","og_description":"El pasado 29 de abril, el Grupo ZETA, empresa editora, de EL PERI\u00d3DICO, conmemor\u00f3 el n\u00famero 5.000 de la edici\u00f3n del diario en catal\u00e1n. La apuesta del holding de comunicaci\u00f3n y del diario en su momento, ha acontecido en un&hellip;","og_url":"https:\/\/presidentjosemontilla.cat\/es\/jose-montilla-en-la-conmemoracio-de-la-edicion-5-000-de-el-periodico-en-catalan\/","og_site_name":"President Jos\u00e9 Montilla","article_published_time":"2011-05-09T12:17:05+00:00","article_modified_time":"2021-07-15T09:01:09+00:00","og_image":[{"width":490,"height":326,"url":"https:\/\/presidentjosemontilla.cat\/wp-content\/uploads\/2011\/05\/fem2-2.jpg","type":"image\/jpeg"}],"author":"Oficina de Jos\u00e9 Montilla","twitter_card":"summary_large_image","twitter_misc":{"Escrito por":"Oficina de Jos\u00e9 Montilla","Tiempo de lectura":"1 minuto"},"schema":{"@context":"https:\/\/schema.org","@graph":[{"@type":"Article","@id":"https:\/\/presidentjosemontilla.cat\/es\/jose-montilla-en-la-conmemoracio-de-la-edicion-5-000-de-el-periodico-en-catalan\/#article","isPartOf":{"@id":"https:\/\/presidentjosemontilla.cat\/es\/jose-montilla-en-la-conmemoracio-de-la-edicion-5-000-de-el-periodico-en-catalan\/"},"author":{"name":"Oficina de Jos\u00e9 Montilla","@id":"https:\/\/presidentjosemontilla.cat\/es\/#\/schema\/person\/f36cbd21c0ca240e3f825efdf1149484"},"headline":"Jos\u00e9 Montilla en la conmemoraci\u00f3n de la edici\u00f3n 5.000 de EL PERI\u00d3DICO en catal\u00e1n","datePublished":"2011-05-09T12:17:05+00:00","dateModified":"2021-07-15T09:01:09+00:00","mainEntityOfPage":{"@id":"https:\/\/presidentjosemontilla.cat\/es\/jose-montilla-en-la-conmemoracio-de-la-edicion-5-000-de-el-periodico-en-catalan\/"},"wordCount":193,"publisher":{"@id":"https:\/\/presidentjosemontilla.cat\/es\/#organization"},"image":{"@id":"https:\/\/presidentjosemontilla.cat\/es\/jose-montilla-en-la-conmemoracio-de-la-edicion-5-000-de-el-periodico-en-catalan\/#primaryimage"},"thumbnailUrl":"https:\/\/presidentjosemontilla.cat\/wp-content\/uploads\/2011\/05\/fem2-2.jpg","keywords":["El Peri\u00f3dico","El Peri\u00f3dico","Grupo Zeta"],"articleSection":["Actividad"],"inLanguage":"es"},{"@type":"WebPage","@id":"https:\/\/presidentjosemontilla.cat\/es\/jose-montilla-en-la-conmemoracio-de-la-edicion-5-000-de-el-periodico-en-catalan\/","url":"https:\/\/presidentjosemontilla.cat\/es\/jose-montilla-en-la-conmemoracio-de-la-edicion-5-000-de-el-periodico-en-catalan\/","name":"Jos\u00e9 Montilla en la conmemoraci\u00f3n de la edici\u00f3n 5.000 de EL PERI\u00d3DICO en catal\u00e1n - President Jos\u00e9 Montilla","isPartOf":{"@id":"https:\/\/presidentjosemontilla.cat\/es\/#website"},"primaryImageOfPage":{"@id":"https:\/\/presidentjosemontilla.cat\/es\/jose-montilla-en-la-conmemoracio-de-la-edicion-5-000-de-el-periodico-en-catalan\/#primaryimage"},"image":{"@id":"https:\/\/presidentjosemontilla.cat\/es\/jose-montilla-en-la-conmemoracio-de-la-edicion-5-000-de-el-periodico-en-catalan\/#primaryimage"},"thumbnailUrl":"https:\/\/presidentjosemontilla.cat\/wp-content\/uploads\/2011\/05\/fem2-2.jpg","datePublished":"2011-05-09T12:17:05+00:00","dateModified":"2021-07-15T09:01:09+00:00","breadcrumb":{"@id":"https:\/\/presidentjosemontilla.cat\/es\/jose-montilla-en-la-conmemoracio-de-la-edicion-5-000-de-el-periodico-en-catalan\/#breadcrumb"},"inLanguage":"es","potentialAction":[{"@type":"ReadAction","target":["https:\/\/presidentjosemontilla.cat\/es\/jose-montilla-en-la-conmemoracio-de-la-edicion-5-000-de-el-periodico-en-catalan\/"]}]},{"@type":"ImageObject","inLanguage":"es","@id":"https:\/\/presidentjosemontilla.cat\/es\/jose-montilla-en-la-conmemoracio-de-la-edicion-5-000-de-el-periodico-en-catalan\/#primaryimage","url":"https:\/\/presidentjosemontilla.cat\/wp-content\/uploads\/2011\/05\/fem2-2.jpg","contentUrl":"https:\/\/presidentjosemontilla.cat\/wp-content\/uploads\/2011\/05\/fem2-2.jpg","width":490,"height":326},{"@type":"BreadcrumbList","@id":"https:\/\/presidentjosemontilla.cat\/es\/jose-montilla-en-la-conmemoracio-de-la-edicion-5-000-de-el-periodico-en-catalan\/#breadcrumb","itemListElement":[{"@type":"ListItem","position":1,"name":"Portada","item":"https:\/\/presidentjosemontilla.cat\/es\/"},{"@type":"ListItem","position":2,"name":"Jos\u00e9 Montilla en la conmemoraci\u00f3n de la edici\u00f3n 5.000 de EL PERI\u00d3DICO en catal\u00e1n"}]},{"@type":"WebSite","@id":"https:\/\/presidentjosemontilla.cat\/es\/#website","url":"https:\/\/presidentjosemontilla.cat\/es\/","name":"President Jos\u00e9 Montilla","description":"Web del 128\u00e8 president de la Generalitat de Catalunya","publisher":{"@id":"https:\/\/presidentjosemontilla.cat\/es\/#organization"},"potentialAction":[{"@type":"SearchAction","target":{"@type":"EntryPoint","urlTemplate":"https:\/\/presidentjosemontilla.cat\/es\/?s={search_term_string}"},"query-input":{"@type":"PropertyValueSpecification","valueRequired":true,"valueName":"search_term_string"}}],"inLanguage":"es"},{"@type":"Organization","@id":"https:\/\/presidentjosemontilla.cat\/es\/#organization","name":"President Jos\u00e9 Montilla","url":"https:\/\/presidentjosemontilla.cat\/es\/","logo":{"@type":"ImageObject","inLanguage":"es","@id":"https:\/\/presidentjosemontilla.cat\/es\/#\/schema\/logo\/image\/","url":"https:\/\/presidentjosemontilla.cat\/wp-content\/uploads\/2019\/09\/logo2.png","contentUrl":"https:\/\/presidentjosemontilla.cat\/wp-content\/uploads\/2019\/09\/logo2.png","width":350,"height":60,"caption":"President Jos\u00e9 Montilla"},"image":{"@id":"https:\/\/presidentjosemontilla.cat\/es\/#\/schema\/logo\/image\/"}},{"@type":"Person","@id":"https:\/\/presidentjosemontilla.cat\/es\/#\/schema\/person\/f36cbd21c0ca240e3f825efdf1149484","name":"Oficina de Jos\u00e9 Montilla","image":{"@type":"ImageObject","inLanguage":"es","@id":"https:\/\/secure.gravatar.com\/avatar\/33c91c345935ef6b4b0dea373a0addb58d127dab8ae459c970458ce720d66dad?s=96&d=mm&r=g","url":"https:\/\/secure.gravatar.com\/avatar\/33c91c345935ef6b4b0dea373a0addb58d127dab8ae459c970458ce720d66dad?s=96&d=mm&r=g","contentUrl":"https:\/\/secure.gravatar.com\/avatar\/33c91c345935ef6b4b0dea373a0addb58d127dab8ae459c970458ce720d66dad?s=96&d=mm&r=g","caption":"Oficina de Jos\u00e9 Montilla"},"url":"https:\/\/presidentjosemontilla.cat\/es\/author\/oficina-jose-montilla\/"}]}},"_links":{"self":[{"href":"https:\/\/presidentjosemontilla.cat\/es\/wp-json\/wp\/v2\/posts\/6642","targetHints":{"allow":["GET"]}}],"collection":[{"href":"https:\/\/presidentjosemontilla.cat\/es\/wp-json\/wp\/v2\/posts"}],"about":[{"href":"https:\/\/presidentjosemontilla.cat\/es\/wp-json\/wp\/v2\/types\/post"}],"author":[{"embeddable":true,"href":"https:\/\/presidentjosemontilla.cat\/es\/wp-json\/wp\/v2\/users\/5"}],"replies":[{"embeddable":true,"href":"https:\/\/presidentjosemontilla.cat\/es\/wp-json\/wp\/v2\/comments?post=6642"}],"version-history":[{"count":2,"href":"https:\/\/presidentjosemontilla.cat\/es\/wp-json\/wp\/v2\/posts\/6642\/revisions"}],"predecessor-version":[{"id":6645,"href":"https:\/\/presidentjosemontilla.cat\/es\/wp-json\/wp\/v2\/posts\/6642\/revisions\/6645"}],"wp:featuredmedia":[{"embeddable":true,"href":"https:\/\/presidentjosemontilla.cat\/es\/wp-json\/wp\/v2\/media\/6643"}],"wp:attachment":[{"href":"https:\/\/presidentjosemontilla.cat\/es\/wp-json\/wp\/v2\/media?parent=6642"}],"wp:term":[{"taxonomy":"category","embeddable":true,"href":"https:\/\/presidentjosemontilla.cat\/es\/wp-json\/wp\/v2\/categories?post=6642"},{"taxonomy":"post_tag","embeddable":true,"href":"https:\/\/presidentjosemontilla.cat\/es\/wp-json\/wp\/v2\/tags?post=6642"},{"taxonomy":"post_series","embeddable":true,"href":"https:\/\/presidentjosemontilla.cat\/es\/wp-json\/wp\/v2\/post_series?post=6642"}],"curies":[{"name":"wp","href":"https:\/\/api.w.org\/{rel}","templated":true}]}}