{"id":6835,"date":"2021-10-21T11:37:41","date_gmt":"2021-10-21T11:37:41","guid":{"rendered":"https:\/\/presidentjosemontilla.cat\/entrevista-a-nuclium-un-projecte-destudiants-de-periodisme\/"},"modified":"2021-10-21T11:58:44","modified_gmt":"2021-10-21T11:58:44","slug":"entrevista-a-nuclium-un-proyecto-de-estudiantes-de-periodismo","status":"publish","type":"post","link":"https:\/\/presidentjosemontilla.cat\/es\/entrevista-a-nuclium-un-proyecto-de-estudiantes-de-periodismo\/","title":{"rendered":"Entrevista a Nuclium, un proyecto de estudiantes de periodismo"},"content":{"rendered":"<p>A menudo hago entrevistas m\u00e1s convencionales por medios de comunicaci\u00f3n, tv, radio, prensa.<\/p>\n<p>Hace unos d\u00edas tuve la oportunidad de ser entrevistado por estudiantes de 4.\u00ba de periodismo de la UIC. Un grupo de chicos y chicas que han creado el programa de entrevistas\u00a0<a href=\"https:\/\/www.youtube.com\/channel\/UCctQqAXBHcKvZHTPPW5o46Q\" target=\"_blank\" rel=\"noopener\">Nuclium<\/a>, de formato innovador, pr\u00f3ximo y din\u00e1mico.<br \/>\nUna forma de hacer periodismo atractiva para el p\u00fablico y tambi\u00e9n para quien se entrevista. Felicidades y \u00a1mucha suerte en este proyecto!<\/p>\n<p>Pod\u00e9is ver aqu\u00ed la entrevista.<\/p>\n<p><iframe loading=\"lazy\" title=\"YouTube video player\" src=\"https:\/\/www.youtube.com\/embed\/wLG4fHWjyO4\" width=\"560\" height=\"315\" frameborder=\"0\" allowfullscreen=\"allowfullscreen\"><\/iframe><\/p>\n","protected":false},"excerpt":{"rendered":"<p>A menudo hago entrevistas m\u00e1s convencionales por medios de comunicaci\u00f3n, tv, radio, prensa. Hace unos d\u00edas tuve la oportunidad de ser entrevistado por estudiantes de 4.\u00ba de periodismo de la UIC. Un grupo de chicos y chicas que han creado&hellip;<\/p>\n","protected":false},"author":5,"featured_media":6833,"comment_status":"open","ping_status":"open","sticky":false,"template":"","format":"standard","meta":{"footnotes":""},"categories":[3,908,4],"tags":[18,1762,29],"post_series":[],"class_list":["post-6835","post","type-post","status-publish","format-standard","has-post-thumbnail","hentry","category-actividad","category-medios-de-comunicacion","category-opinion","tag-entrevista","tag-nuclium-es","tag-president-montilla","entry","has-media"],"yoast_head":"<!-- This site is optimized with the Yoast SEO plugin v27.5 - https:\/\/yoast.com\/product\/yoast-seo-wordpress\/ -->\n<title>Entrevista a Nuclium, un proyecto de estudiantes de periodismo - President Jos\u00e9 Montilla<\/title>\n<meta name=\"robots\" content=\"index, follow, max-snippet:-1, max-image-preview:large, max-video-preview:-1\" \/>\n<link rel=\"canonical\" href=\"https:\/\/presidentjosemontilla.cat\/es\/entrevista-a-nuclium-un-proyecto-de-estudiantes-de-periodismo\/\" \/>\n<meta property=\"og:locale\" content=\"es_ES\" \/>\n<meta property=\"og:type\" content=\"article\" \/>\n<meta property=\"og:title\" content=\"Entrevista a Nuclium, un proyecto de estudiantes de periodismo - President Jos\u00e9 Montilla\" \/>\n<meta property=\"og:description\" content=\"A menudo hago entrevistas m\u00e1s convencionales por medios de comunicaci\u00f3n, tv, radio, prensa. Hace unos d\u00edas tuve la oportunidad de ser entrevistado por estudiantes de 4.\u00ba de periodismo de la UIC. Un grupo de chicos y chicas que han creado&hellip;\" \/>\n<meta property=\"og:url\" content=\"https:\/\/presidentjosemontilla.cat\/es\/entrevista-a-nuclium-un-proyecto-de-estudiantes-de-periodismo\/\" \/>\n<meta property=\"og:site_name\" content=\"President Jos\u00e9 Montilla\" \/>\n<meta property=\"article:published_time\" content=\"2021-10-21T11:37:41+00:00\" \/>\n<meta property=\"article:modified_time\" content=\"2021-10-21T11:58:44+00:00\" \/>\n<meta property=\"og:image\" content=\"https:\/\/presidentjosemontilla.cat\/wp-content\/uploads\/2021\/10\/WhatsApp-Image-2021-10-05-at-14.07.33.jpeg\" \/>\n\t<meta property=\"og:image:width\" content=\"1600\" \/>\n\t<meta property=\"og:image:height\" content=\"1200\" \/>\n\t<meta property=\"og:image:type\" content=\"image\/jpeg\" \/>\n<meta name=\"author\" content=\"Oficina de Jos\u00e9 Montilla\" \/>\n<meta name=\"twitter:card\" content=\"summary_large_image\" \/>\n<meta name=\"twitter:label1\" content=\"Escrito por\" \/>\n\t<meta name=\"twitter:data1\" content=\"Oficina de Jos\u00e9 Montilla\" \/>\n\t<meta name=\"twitter:label2\" content=\"Tiempo de lectura\" \/>\n\t<meta name=\"twitter:data2\" content=\"1 minuto\" \/>\n<script type=\"application\/ld+json\" class=\"yoast-schema-graph\">{\"@context\":\"https:\\\/\\\/schema.org\",\"@graph\":[{\"@type\":\"Article\",\"@id\":\"https:\\\/\\\/presidentjosemontilla.cat\\\/es\\\/entrevista-a-nuclium-un-proyecto-de-estudiantes-de-periodismo\\\/#article\",\"isPartOf\":{\"@id\":\"https:\\\/\\\/presidentjosemontilla.cat\\\/es\\\/entrevista-a-nuclium-un-proyecto-de-estudiantes-de-periodismo\\\/\"},\"author\":{\"name\":\"Oficina de Jos\u00e9 Montilla\",\"@id\":\"https:\\\/\\\/presidentjosemontilla.cat\\\/es\\\/#\\\/schema\\\/person\\\/f36cbd21c0ca240e3f825efdf1149484\"},\"headline\":\"Entrevista a Nuclium, un proyecto de estudiantes de periodismo\",\"datePublished\":\"2021-10-21T11:37:41+00:00\",\"dateModified\":\"2021-10-21T11:58:44+00:00\",\"mainEntityOfPage\":{\"@id\":\"https:\\\/\\\/presidentjosemontilla.cat\\\/es\\\/entrevista-a-nuclium-un-proyecto-de-estudiantes-de-periodismo\\\/\"},\"wordCount\":94,\"commentCount\":0,\"publisher\":{\"@id\":\"https:\\\/\\\/presidentjosemontilla.cat\\\/es\\\/#organization\"},\"image\":{\"@id\":\"https:\\\/\\\/presidentjosemontilla.cat\\\/es\\\/entrevista-a-nuclium-un-proyecto-de-estudiantes-de-periodismo\\\/#primaryimage\"},\"thumbnailUrl\":\"https:\\\/\\\/presidentjosemontilla.cat\\\/wp-content\\\/uploads\\\/2021\\\/10\\\/WhatsApp-Image-2021-10-05-at-14.07.33.jpeg\",\"keywords\":[\"entrevista\",\"Nuclium\",\"President Montilla\"],\"articleSection\":[\"Actividad\",\"Medios de comunicaci\u00f3n\",\"Opini\u00f3n\"],\"inLanguage\":\"es\",\"potentialAction\":[{\"@type\":\"CommentAction\",\"name\":\"Comment\",\"target\":[\"https:\\\/\\\/presidentjosemontilla.cat\\\/es\\\/entrevista-a-nuclium-un-proyecto-de-estudiantes-de-periodismo\\\/#respond\"]}]},{\"@type\":\"WebPage\",\"@id\":\"https:\\\/\\\/presidentjosemontilla.cat\\\/es\\\/entrevista-a-nuclium-un-proyecto-de-estudiantes-de-periodismo\\\/\",\"url\":\"https:\\\/\\\/presidentjosemontilla.cat\\\/es\\\/entrevista-a-nuclium-un-proyecto-de-estudiantes-de-periodismo\\\/\",\"name\":\"Entrevista a Nuclium, un proyecto de estudiantes de periodismo - President Jos\u00e9 Montilla\",\"isPartOf\":{\"@id\":\"https:\\\/\\\/presidentjosemontilla.cat\\\/es\\\/#website\"},\"primaryImageOfPage\":{\"@id\":\"https:\\\/\\\/presidentjosemontilla.cat\\\/es\\\/entrevista-a-nuclium-un-proyecto-de-estudiantes-de-periodismo\\\/#primaryimage\"},\"image\":{\"@id\":\"https:\\\/\\\/presidentjosemontilla.cat\\\/es\\\/entrevista-a-nuclium-un-proyecto-de-estudiantes-de-periodismo\\\/#primaryimage\"},\"thumbnailUrl\":\"https:\\\/\\\/presidentjosemontilla.cat\\\/wp-content\\\/uploads\\\/2021\\\/10\\\/WhatsApp-Image-2021-10-05-at-14.07.33.jpeg\",\"datePublished\":\"2021-10-21T11:37:41+00:00\",\"dateModified\":\"2021-10-21T11:58:44+00:00\",\"breadcrumb\":{\"@id\":\"https:\\\/\\\/presidentjosemontilla.cat\\\/es\\\/entrevista-a-nuclium-un-proyecto-de-estudiantes-de-periodismo\\\/#breadcrumb\"},\"inLanguage\":\"es\",\"potentialAction\":[{\"@type\":\"ReadAction\",\"target\":[\"https:\\\/\\\/presidentjosemontilla.cat\\\/es\\\/entrevista-a-nuclium-un-proyecto-de-estudiantes-de-periodismo\\\/\"]}]},{\"@type\":\"ImageObject\",\"inLanguage\":\"es\",\"@id\":\"https:\\\/\\\/presidentjosemontilla.cat\\\/es\\\/entrevista-a-nuclium-un-proyecto-de-estudiantes-de-periodismo\\\/#primaryimage\",\"url\":\"https:\\\/\\\/presidentjosemontilla.cat\\\/wp-content\\\/uploads\\\/2021\\\/10\\\/WhatsApp-Image-2021-10-05-at-14.07.33.jpeg\",\"contentUrl\":\"https:\\\/\\\/presidentjosemontilla.cat\\\/wp-content\\\/uploads\\\/2021\\\/10\\\/WhatsApp-Image-2021-10-05-at-14.07.33.jpeg\",\"width\":1600,\"height\":1200},{\"@type\":\"BreadcrumbList\",\"@id\":\"https:\\\/\\\/presidentjosemontilla.cat\\\/es\\\/entrevista-a-nuclium-un-proyecto-de-estudiantes-de-periodismo\\\/#breadcrumb\",\"itemListElement\":[{\"@type\":\"ListItem\",\"position\":1,\"name\":\"Portada\",\"item\":\"https:\\\/\\\/presidentjosemontilla.cat\\\/es\\\/\"},{\"@type\":\"ListItem\",\"position\":2,\"name\":\"Entrevista a Nuclium, un proyecto de estudiantes de periodismo\"}]},{\"@type\":\"WebSite\",\"@id\":\"https:\\\/\\\/presidentjosemontilla.cat\\\/es\\\/#website\",\"url\":\"https:\\\/\\\/presidentjosemontilla.cat\\\/es\\\/\",\"name\":\"President Jos\u00e9 Montilla\",\"description\":\"Web del 128\u00e8 president de la Generalitat de Catalunya\",\"publisher\":{\"@id\":\"https:\\\/\\\/presidentjosemontilla.cat\\\/es\\\/#organization\"},\"potentialAction\":[{\"@type\":\"SearchAction\",\"target\":{\"@type\":\"EntryPoint\",\"urlTemplate\":\"https:\\\/\\\/presidentjosemontilla.cat\\\/es\\\/?s={search_term_string}\"},\"query-input\":{\"@type\":\"PropertyValueSpecification\",\"valueRequired\":true,\"valueName\":\"search_term_string\"}}],\"inLanguage\":\"es\"},{\"@type\":\"Organization\",\"@id\":\"https:\\\/\\\/presidentjosemontilla.cat\\\/es\\\/#organization\",\"name\":\"President Jos\u00e9 Montilla\",\"url\":\"https:\\\/\\\/presidentjosemontilla.cat\\\/es\\\/\",\"logo\":{\"@type\":\"ImageObject\",\"inLanguage\":\"es\",\"@id\":\"https:\\\/\\\/presidentjosemontilla.cat\\\/es\\\/#\\\/schema\\\/logo\\\/image\\\/\",\"url\":\"https:\\\/\\\/presidentjosemontilla.cat\\\/wp-content\\\/uploads\\\/2019\\\/09\\\/logo2.png\",\"contentUrl\":\"https:\\\/\\\/presidentjosemontilla.cat\\\/wp-content\\\/uploads\\\/2019\\\/09\\\/logo2.png\",\"width\":350,\"height\":60,\"caption\":\"President Jos\u00e9 Montilla\"},\"image\":{\"@id\":\"https:\\\/\\\/presidentjosemontilla.cat\\\/es\\\/#\\\/schema\\\/logo\\\/image\\\/\"}},{\"@type\":\"Person\",\"@id\":\"https:\\\/\\\/presidentjosemontilla.cat\\\/es\\\/#\\\/schema\\\/person\\\/f36cbd21c0ca240e3f825efdf1149484\",\"name\":\"Oficina de Jos\u00e9 Montilla\",\"image\":{\"@type\":\"ImageObject\",\"inLanguage\":\"es\",\"@id\":\"https:\\\/\\\/secure.gravatar.com\\\/avatar\\\/33c91c345935ef6b4b0dea373a0addb58d127dab8ae459c970458ce720d66dad?s=96&d=mm&r=g\",\"url\":\"https:\\\/\\\/secure.gravatar.com\\\/avatar\\\/33c91c345935ef6b4b0dea373a0addb58d127dab8ae459c970458ce720d66dad?s=96&d=mm&r=g\",\"contentUrl\":\"https:\\\/\\\/secure.gravatar.com\\\/avatar\\\/33c91c345935ef6b4b0dea373a0addb58d127dab8ae459c970458ce720d66dad?s=96&d=mm&r=g\",\"caption\":\"Oficina de Jos\u00e9 Montilla\"},\"url\":\"https:\\\/\\\/presidentjosemontilla.cat\\\/es\\\/author\\\/oficina-jose-montilla\\\/\"}]}<\/script>\n<!-- \/ Yoast SEO plugin. -->","yoast_head_json":{"title":"Entrevista a Nuclium, un proyecto de estudiantes de periodismo - President Jos\u00e9 Montilla","robots":{"index":"index","follow":"follow","max-snippet":"max-snippet:-1","max-image-preview":"max-image-preview:large","max-video-preview":"max-video-preview:-1"},"canonical":"https:\/\/presidentjosemontilla.cat\/es\/entrevista-a-nuclium-un-proyecto-de-estudiantes-de-periodismo\/","og_locale":"es_ES","og_type":"article","og_title":"Entrevista a Nuclium, un proyecto de estudiantes de periodismo - President Jos\u00e9 Montilla","og_description":"A menudo hago entrevistas m\u00e1s convencionales por medios de comunicaci\u00f3n, tv, radio, prensa. Hace unos d\u00edas tuve la oportunidad de ser entrevistado por estudiantes de 4.\u00ba de periodismo de la UIC. Un grupo de chicos y chicas que han creado&hellip;","og_url":"https:\/\/presidentjosemontilla.cat\/es\/entrevista-a-nuclium-un-proyecto-de-estudiantes-de-periodismo\/","og_site_name":"President Jos\u00e9 Montilla","article_published_time":"2021-10-21T11:37:41+00:00","article_modified_time":"2021-10-21T11:58:44+00:00","og_image":[{"width":1600,"height":1200,"url":"https:\/\/presidentjosemontilla.cat\/wp-content\/uploads\/2021\/10\/WhatsApp-Image-2021-10-05-at-14.07.33.jpeg","type":"image\/jpeg"}],"author":"Oficina de Jos\u00e9 Montilla","twitter_card":"summary_large_image","twitter_misc":{"Escrito por":"Oficina de Jos\u00e9 Montilla","Tiempo de lectura":"1 minuto"},"schema":{"@context":"https:\/\/schema.org","@graph":[{"@type":"Article","@id":"https:\/\/presidentjosemontilla.cat\/es\/entrevista-a-nuclium-un-proyecto-de-estudiantes-de-periodismo\/#article","isPartOf":{"@id":"https:\/\/presidentjosemontilla.cat\/es\/entrevista-a-nuclium-un-proyecto-de-estudiantes-de-periodismo\/"},"author":{"name":"Oficina de Jos\u00e9 Montilla","@id":"https:\/\/presidentjosemontilla.cat\/es\/#\/schema\/person\/f36cbd21c0ca240e3f825efdf1149484"},"headline":"Entrevista a Nuclium, un proyecto de estudiantes de periodismo","datePublished":"2021-10-21T11:37:41+00:00","dateModified":"2021-10-21T11:58:44+00:00","mainEntityOfPage":{"@id":"https:\/\/presidentjosemontilla.cat\/es\/entrevista-a-nuclium-un-proyecto-de-estudiantes-de-periodismo\/"},"wordCount":94,"commentCount":0,"publisher":{"@id":"https:\/\/presidentjosemontilla.cat\/es\/#organization"},"image":{"@id":"https:\/\/presidentjosemontilla.cat\/es\/entrevista-a-nuclium-un-proyecto-de-estudiantes-de-periodismo\/#primaryimage"},"thumbnailUrl":"https:\/\/presidentjosemontilla.cat\/wp-content\/uploads\/2021\/10\/WhatsApp-Image-2021-10-05-at-14.07.33.jpeg","keywords":["entrevista","Nuclium","President Montilla"],"articleSection":["Actividad","Medios de comunicaci\u00f3n","Opini\u00f3n"],"inLanguage":"es","potentialAction":[{"@type":"CommentAction","name":"Comment","target":["https:\/\/presidentjosemontilla.cat\/es\/entrevista-a-nuclium-un-proyecto-de-estudiantes-de-periodismo\/#respond"]}]},{"@type":"WebPage","@id":"https:\/\/presidentjosemontilla.cat\/es\/entrevista-a-nuclium-un-proyecto-de-estudiantes-de-periodismo\/","url":"https:\/\/presidentjosemontilla.cat\/es\/entrevista-a-nuclium-un-proyecto-de-estudiantes-de-periodismo\/","name":"Entrevista a Nuclium, un proyecto de estudiantes de periodismo - President Jos\u00e9 Montilla","isPartOf":{"@id":"https:\/\/presidentjosemontilla.cat\/es\/#website"},"primaryImageOfPage":{"@id":"https:\/\/presidentjosemontilla.cat\/es\/entrevista-a-nuclium-un-proyecto-de-estudiantes-de-periodismo\/#primaryimage"},"image":{"@id":"https:\/\/presidentjosemontilla.cat\/es\/entrevista-a-nuclium-un-proyecto-de-estudiantes-de-periodismo\/#primaryimage"},"thumbnailUrl":"https:\/\/presidentjosemontilla.cat\/wp-content\/uploads\/2021\/10\/WhatsApp-Image-2021-10-05-at-14.07.33.jpeg","datePublished":"2021-10-21T11:37:41+00:00","dateModified":"2021-10-21T11:58:44+00:00","breadcrumb":{"@id":"https:\/\/presidentjosemontilla.cat\/es\/entrevista-a-nuclium-un-proyecto-de-estudiantes-de-periodismo\/#breadcrumb"},"inLanguage":"es","potentialAction":[{"@type":"ReadAction","target":["https:\/\/presidentjosemontilla.cat\/es\/entrevista-a-nuclium-un-proyecto-de-estudiantes-de-periodismo\/"]}]},{"@type":"ImageObject","inLanguage":"es","@id":"https:\/\/presidentjosemontilla.cat\/es\/entrevista-a-nuclium-un-proyecto-de-estudiantes-de-periodismo\/#primaryimage","url":"https:\/\/presidentjosemontilla.cat\/wp-content\/uploads\/2021\/10\/WhatsApp-Image-2021-10-05-at-14.07.33.jpeg","contentUrl":"https:\/\/presidentjosemontilla.cat\/wp-content\/uploads\/2021\/10\/WhatsApp-Image-2021-10-05-at-14.07.33.jpeg","width":1600,"height":1200},{"@type":"BreadcrumbList","@id":"https:\/\/presidentjosemontilla.cat\/es\/entrevista-a-nuclium-un-proyecto-de-estudiantes-de-periodismo\/#breadcrumb","itemListElement":[{"@type":"ListItem","position":1,"name":"Portada","item":"https:\/\/presidentjosemontilla.cat\/es\/"},{"@type":"ListItem","position":2,"name":"Entrevista a Nuclium, un proyecto de estudiantes de periodismo"}]},{"@type":"WebSite","@id":"https:\/\/presidentjosemontilla.cat\/es\/#website","url":"https:\/\/presidentjosemontilla.cat\/es\/","name":"President Jos\u00e9 Montilla","description":"Web del 128\u00e8 president de la Generalitat de Catalunya","publisher":{"@id":"https:\/\/presidentjosemontilla.cat\/es\/#organization"},"potentialAction":[{"@type":"SearchAction","target":{"@type":"EntryPoint","urlTemplate":"https:\/\/presidentjosemontilla.cat\/es\/?s={search_term_string}"},"query-input":{"@type":"PropertyValueSpecification","valueRequired":true,"valueName":"search_term_string"}}],"inLanguage":"es"},{"@type":"Organization","@id":"https:\/\/presidentjosemontilla.cat\/es\/#organization","name":"President Jos\u00e9 Montilla","url":"https:\/\/presidentjosemontilla.cat\/es\/","logo":{"@type":"ImageObject","inLanguage":"es","@id":"https:\/\/presidentjosemontilla.cat\/es\/#\/schema\/logo\/image\/","url":"https:\/\/presidentjosemontilla.cat\/wp-content\/uploads\/2019\/09\/logo2.png","contentUrl":"https:\/\/presidentjosemontilla.cat\/wp-content\/uploads\/2019\/09\/logo2.png","width":350,"height":60,"caption":"President Jos\u00e9 Montilla"},"image":{"@id":"https:\/\/presidentjosemontilla.cat\/es\/#\/schema\/logo\/image\/"}},{"@type":"Person","@id":"https:\/\/presidentjosemontilla.cat\/es\/#\/schema\/person\/f36cbd21c0ca240e3f825efdf1149484","name":"Oficina de Jos\u00e9 Montilla","image":{"@type":"ImageObject","inLanguage":"es","@id":"https:\/\/secure.gravatar.com\/avatar\/33c91c345935ef6b4b0dea373a0addb58d127dab8ae459c970458ce720d66dad?s=96&d=mm&r=g","url":"https:\/\/secure.gravatar.com\/avatar\/33c91c345935ef6b4b0dea373a0addb58d127dab8ae459c970458ce720d66dad?s=96&d=mm&r=g","contentUrl":"https:\/\/secure.gravatar.com\/avatar\/33c91c345935ef6b4b0dea373a0addb58d127dab8ae459c970458ce720d66dad?s=96&d=mm&r=g","caption":"Oficina de Jos\u00e9 Montilla"},"url":"https:\/\/presidentjosemontilla.cat\/es\/author\/oficina-jose-montilla\/"}]}},"_links":{"self":[{"href":"https:\/\/presidentjosemontilla.cat\/es\/wp-json\/wp\/v2\/posts\/6835","targetHints":{"allow":["GET"]}}],"collection":[{"href":"https:\/\/presidentjosemontilla.cat\/es\/wp-json\/wp\/v2\/posts"}],"about":[{"href":"https:\/\/presidentjosemontilla.cat\/es\/wp-json\/wp\/v2\/types\/post"}],"author":[{"embeddable":true,"href":"https:\/\/presidentjosemontilla.cat\/es\/wp-json\/wp\/v2\/users\/5"}],"replies":[{"embeddable":true,"href":"https:\/\/presidentjosemontilla.cat\/es\/wp-json\/wp\/v2\/comments?post=6835"}],"version-history":[{"count":3,"href":"https:\/\/presidentjosemontilla.cat\/es\/wp-json\/wp\/v2\/posts\/6835\/revisions"}],"predecessor-version":[{"id":6838,"href":"https:\/\/presidentjosemontilla.cat\/es\/wp-json\/wp\/v2\/posts\/6835\/revisions\/6838"}],"wp:featuredmedia":[{"embeddable":true,"href":"https:\/\/presidentjosemontilla.cat\/es\/wp-json\/wp\/v2\/media\/6833"}],"wp:attachment":[{"href":"https:\/\/presidentjosemontilla.cat\/es\/wp-json\/wp\/v2\/media?parent=6835"}],"wp:term":[{"taxonomy":"category","embeddable":true,"href":"https:\/\/presidentjosemontilla.cat\/es\/wp-json\/wp\/v2\/categories?post=6835"},{"taxonomy":"post_tag","embeddable":true,"href":"https:\/\/presidentjosemontilla.cat\/es\/wp-json\/wp\/v2\/tags?post=6835"},{"taxonomy":"post_series","embeddable":true,"href":"https:\/\/presidentjosemontilla.cat\/es\/wp-json\/wp\/v2\/post_series?post=6835"}],"curies":[{"name":"wp","href":"https:\/\/api.w.org\/{rel}","templated":true}]}}