{"id":7488,"date":"2022-10-29T09:44:44","date_gmt":"2022-10-29T09:44:44","guid":{"rendered":"https:\/\/presidentjosemontilla.cat\/?p=7488"},"modified":"2022-10-29T09:44:44","modified_gmt":"2022-10-29T09:44:44","slug":"1982-el-ano-del-cambio","status":"publish","type":"post","link":"https:\/\/presidentjosemontilla.cat\/es\/1982-el-ano-del-cambio\/","title":{"rendered":"1982: el a\u00f1o del cambio"},"content":{"rendered":"<p>El diaro <a href=\"https:\/\/www.elnacional.cat\/es\" target=\"_blank\" rel=\"noopener\">El Nacional<\/a> publica mi art\u00edculo sobre el 40 aniversario de la victoria socialista en\u00a0 las elecciones generales.<\/p>\n<p>Lo pod\u00e9is leer <a href=\"https:\/\/www.elnacional.cat\/es\/opinion\/1982-cambio-jose-montilla_907665_102.html\" target=\"_blank\" rel=\"noopener\">aqu\u00ed<\/a>.<\/p>\n<p>Y tambi\u00e9n lo pod\u00e9is ver en el documento <a href=\"https:\/\/presidentjosemontilla.cat\/wp-content\/uploads\/2022\/10\/1982.pdf\" target=\"_blank\" rel=\"noopener\">adjunto<\/a>.<\/p>\n","protected":false},"excerpt":{"rendered":"<p>El diaro El Nacional publica mi art\u00edculo sobre el 40 aniversario de la victoria socialista en\u00a0 las elecciones generales. Lo pod\u00e9is leer aqu\u00ed. Y tambi\u00e9n lo pod\u00e9is ver en el documento adjunto.<\/p>\n","protected":false},"author":5,"featured_media":7489,"comment_status":"open","ping_status":"open","sticky":false,"template":"","format":"standard","meta":{"footnotes":""},"categories":[3,908,4],"tags":[1834,954,1750,998],"post_series":[],"class_list":["post-7488","post","type-post","status-publish","format-standard","has-post-thumbnail","hentry","category-actividad","category-medios-de-comunicacion","category-opinion","tag-40-aniversario","tag-elecciones-generales","tag-socialisme-ca-es","tag-socialismo","entry","has-media"],"yoast_head":"<!-- This site is optimized with the Yoast SEO plugin v27.5 - https:\/\/yoast.com\/product\/yoast-seo-wordpress\/ -->\n<title>1982: el a\u00f1o del cambio - President Jos\u00e9 Montilla<\/title>\n<meta name=\"robots\" content=\"index, follow, max-snippet:-1, max-image-preview:large, max-video-preview:-1\" \/>\n<link rel=\"canonical\" href=\"https:\/\/presidentjosemontilla.cat\/es\/1982-el-ano-del-cambio\/\" \/>\n<meta property=\"og:locale\" content=\"es_ES\" \/>\n<meta property=\"og:type\" content=\"article\" \/>\n<meta property=\"og:title\" content=\"1982: el a\u00f1o del cambio - President Jos\u00e9 Montilla\" \/>\n<meta property=\"og:description\" content=\"El diaro El Nacional publica mi art\u00edculo sobre el 40 aniversario de la victoria socialista en\u00a0 las elecciones generales. Lo pod\u00e9is leer aqu\u00ed. Y tambi\u00e9n lo pod\u00e9is ver en el documento adjunto.\" \/>\n<meta property=\"og:url\" content=\"https:\/\/presidentjosemontilla.cat\/es\/1982-el-ano-del-cambio\/\" \/>\n<meta property=\"og:site_name\" content=\"President Jos\u00e9 Montilla\" \/>\n<meta property=\"article:published_time\" content=\"2022-10-29T09:44:44+00:00\" \/>\n<meta property=\"og:image\" content=\"https:\/\/presidentjosemontilla.cat\/wp-content\/uploads\/2020\/09\/DSC_9901ps2-copiaT.jpg\" \/>\n\t<meta property=\"og:image:width\" content=\"2358\" \/>\n\t<meta property=\"og:image:height\" content=\"3543\" \/>\n\t<meta property=\"og:image:type\" content=\"image\/jpeg\" \/>\n<meta name=\"author\" content=\"Oficina de Jos\u00e9 Montilla\" \/>\n<meta name=\"twitter:card\" content=\"summary_large_image\" \/>\n<meta name=\"twitter:label1\" content=\"Escrito por\" \/>\n\t<meta name=\"twitter:data1\" content=\"Oficina de Jos\u00e9 Montilla\" \/>\n\t<meta name=\"twitter:label2\" content=\"Tiempo de lectura\" \/>\n\t<meta name=\"twitter:data2\" content=\"1 minuto\" \/>\n<script type=\"application\/ld+json\" class=\"yoast-schema-graph\">{\"@context\":\"https:\\\/\\\/schema.org\",\"@graph\":[{\"@type\":\"Article\",\"@id\":\"https:\\\/\\\/presidentjosemontilla.cat\\\/es\\\/1982-el-ano-del-cambio\\\/#article\",\"isPartOf\":{\"@id\":\"https:\\\/\\\/presidentjosemontilla.cat\\\/es\\\/1982-el-ano-del-cambio\\\/\"},\"author\":{\"name\":\"Oficina de Jos\u00e9 Montilla\",\"@id\":\"https:\\\/\\\/presidentjosemontilla.cat\\\/es\\\/#\\\/schema\\\/person\\\/f36cbd21c0ca240e3f825efdf1149484\"},\"headline\":\"1982: el a\u00f1o del cambio\",\"datePublished\":\"2022-10-29T09:44:44+00:00\",\"mainEntityOfPage\":{\"@id\":\"https:\\\/\\\/presidentjosemontilla.cat\\\/es\\\/1982-el-ano-del-cambio\\\/\"},\"wordCount\":40,\"commentCount\":0,\"publisher\":{\"@id\":\"https:\\\/\\\/presidentjosemontilla.cat\\\/es\\\/#organization\"},\"image\":{\"@id\":\"https:\\\/\\\/presidentjosemontilla.cat\\\/es\\\/1982-el-ano-del-cambio\\\/#primaryimage\"},\"thumbnailUrl\":\"https:\\\/\\\/presidentjosemontilla.cat\\\/wp-content\\\/uploads\\\/2020\\\/09\\\/DSC_9901ps2-copiaT.jpg\",\"keywords\":[\"40 aniversario\",\"Elecciones Generales\",\"Socialisme\",\"Socialismo\"],\"articleSection\":[\"Actividad\",\"Medios de comunicaci\u00f3n\",\"Opini\u00f3n\"],\"inLanguage\":\"es\",\"potentialAction\":[{\"@type\":\"CommentAction\",\"name\":\"Comment\",\"target\":[\"https:\\\/\\\/presidentjosemontilla.cat\\\/es\\\/1982-el-ano-del-cambio\\\/#respond\"]}]},{\"@type\":\"WebPage\",\"@id\":\"https:\\\/\\\/presidentjosemontilla.cat\\\/es\\\/1982-el-ano-del-cambio\\\/\",\"url\":\"https:\\\/\\\/presidentjosemontilla.cat\\\/es\\\/1982-el-ano-del-cambio\\\/\",\"name\":\"1982: el a\u00f1o del cambio - President Jos\u00e9 Montilla\",\"isPartOf\":{\"@id\":\"https:\\\/\\\/presidentjosemontilla.cat\\\/es\\\/#website\"},\"primaryImageOfPage\":{\"@id\":\"https:\\\/\\\/presidentjosemontilla.cat\\\/es\\\/1982-el-ano-del-cambio\\\/#primaryimage\"},\"image\":{\"@id\":\"https:\\\/\\\/presidentjosemontilla.cat\\\/es\\\/1982-el-ano-del-cambio\\\/#primaryimage\"},\"thumbnailUrl\":\"https:\\\/\\\/presidentjosemontilla.cat\\\/wp-content\\\/uploads\\\/2020\\\/09\\\/DSC_9901ps2-copiaT.jpg\",\"datePublished\":\"2022-10-29T09:44:44+00:00\",\"breadcrumb\":{\"@id\":\"https:\\\/\\\/presidentjosemontilla.cat\\\/es\\\/1982-el-ano-del-cambio\\\/#breadcrumb\"},\"inLanguage\":\"es\",\"potentialAction\":[{\"@type\":\"ReadAction\",\"target\":[\"https:\\\/\\\/presidentjosemontilla.cat\\\/es\\\/1982-el-ano-del-cambio\\\/\"]}]},{\"@type\":\"ImageObject\",\"inLanguage\":\"es\",\"@id\":\"https:\\\/\\\/presidentjosemontilla.cat\\\/es\\\/1982-el-ano-del-cambio\\\/#primaryimage\",\"url\":\"https:\\\/\\\/presidentjosemontilla.cat\\\/wp-content\\\/uploads\\\/2020\\\/09\\\/DSC_9901ps2-copiaT.jpg\",\"contentUrl\":\"https:\\\/\\\/presidentjosemontilla.cat\\\/wp-content\\\/uploads\\\/2020\\\/09\\\/DSC_9901ps2-copiaT.jpg\",\"width\":2358,\"height\":3543},{\"@type\":\"BreadcrumbList\",\"@id\":\"https:\\\/\\\/presidentjosemontilla.cat\\\/es\\\/1982-el-ano-del-cambio\\\/#breadcrumb\",\"itemListElement\":[{\"@type\":\"ListItem\",\"position\":1,\"name\":\"Portada\",\"item\":\"https:\\\/\\\/presidentjosemontilla.cat\\\/es\\\/\"},{\"@type\":\"ListItem\",\"position\":2,\"name\":\"1982: el a\u00f1o del cambio\"}]},{\"@type\":\"WebSite\",\"@id\":\"https:\\\/\\\/presidentjosemontilla.cat\\\/es\\\/#website\",\"url\":\"https:\\\/\\\/presidentjosemontilla.cat\\\/es\\\/\",\"name\":\"President Jos\u00e9 Montilla\",\"description\":\"Web del 128\u00e8 president de la Generalitat de Catalunya\",\"publisher\":{\"@id\":\"https:\\\/\\\/presidentjosemontilla.cat\\\/es\\\/#organization\"},\"potentialAction\":[{\"@type\":\"SearchAction\",\"target\":{\"@type\":\"EntryPoint\",\"urlTemplate\":\"https:\\\/\\\/presidentjosemontilla.cat\\\/es\\\/?s={search_term_string}\"},\"query-input\":{\"@type\":\"PropertyValueSpecification\",\"valueRequired\":true,\"valueName\":\"search_term_string\"}}],\"inLanguage\":\"es\"},{\"@type\":\"Organization\",\"@id\":\"https:\\\/\\\/presidentjosemontilla.cat\\\/es\\\/#organization\",\"name\":\"President Jos\u00e9 Montilla\",\"url\":\"https:\\\/\\\/presidentjosemontilla.cat\\\/es\\\/\",\"logo\":{\"@type\":\"ImageObject\",\"inLanguage\":\"es\",\"@id\":\"https:\\\/\\\/presidentjosemontilla.cat\\\/es\\\/#\\\/schema\\\/logo\\\/image\\\/\",\"url\":\"https:\\\/\\\/presidentjosemontilla.cat\\\/wp-content\\\/uploads\\\/2019\\\/09\\\/logo2.png\",\"contentUrl\":\"https:\\\/\\\/presidentjosemontilla.cat\\\/wp-content\\\/uploads\\\/2019\\\/09\\\/logo2.png\",\"width\":350,\"height\":60,\"caption\":\"President Jos\u00e9 Montilla\"},\"image\":{\"@id\":\"https:\\\/\\\/presidentjosemontilla.cat\\\/es\\\/#\\\/schema\\\/logo\\\/image\\\/\"}},{\"@type\":\"Person\",\"@id\":\"https:\\\/\\\/presidentjosemontilla.cat\\\/es\\\/#\\\/schema\\\/person\\\/f36cbd21c0ca240e3f825efdf1149484\",\"name\":\"Oficina de Jos\u00e9 Montilla\",\"image\":{\"@type\":\"ImageObject\",\"inLanguage\":\"es\",\"@id\":\"https:\\\/\\\/secure.gravatar.com\\\/avatar\\\/33c91c345935ef6b4b0dea373a0addb58d127dab8ae459c970458ce720d66dad?s=96&d=mm&r=g\",\"url\":\"https:\\\/\\\/secure.gravatar.com\\\/avatar\\\/33c91c345935ef6b4b0dea373a0addb58d127dab8ae459c970458ce720d66dad?s=96&d=mm&r=g\",\"contentUrl\":\"https:\\\/\\\/secure.gravatar.com\\\/avatar\\\/33c91c345935ef6b4b0dea373a0addb58d127dab8ae459c970458ce720d66dad?s=96&d=mm&r=g\",\"caption\":\"Oficina de Jos\u00e9 Montilla\"},\"url\":\"https:\\\/\\\/presidentjosemontilla.cat\\\/es\\\/author\\\/oficina-jose-montilla\\\/\"}]}<\/script>\n<!-- \/ Yoast SEO plugin. -->","yoast_head_json":{"title":"1982: el a\u00f1o del cambio - President Jos\u00e9 Montilla","robots":{"index":"index","follow":"follow","max-snippet":"max-snippet:-1","max-image-preview":"max-image-preview:large","max-video-preview":"max-video-preview:-1"},"canonical":"https:\/\/presidentjosemontilla.cat\/es\/1982-el-ano-del-cambio\/","og_locale":"es_ES","og_type":"article","og_title":"1982: el a\u00f1o del cambio - President Jos\u00e9 Montilla","og_description":"El diaro El Nacional publica mi art\u00edculo sobre el 40 aniversario de la victoria socialista en\u00a0 las elecciones generales. Lo pod\u00e9is leer aqu\u00ed. Y tambi\u00e9n lo pod\u00e9is ver en el documento adjunto.","og_url":"https:\/\/presidentjosemontilla.cat\/es\/1982-el-ano-del-cambio\/","og_site_name":"President Jos\u00e9 Montilla","article_published_time":"2022-10-29T09:44:44+00:00","og_image":[{"width":2358,"height":3543,"url":"https:\/\/presidentjosemontilla.cat\/wp-content\/uploads\/2020\/09\/DSC_9901ps2-copiaT.jpg","type":"image\/jpeg"}],"author":"Oficina de Jos\u00e9 Montilla","twitter_card":"summary_large_image","twitter_misc":{"Escrito por":"Oficina de Jos\u00e9 Montilla","Tiempo de lectura":"1 minuto"},"schema":{"@context":"https:\/\/schema.org","@graph":[{"@type":"Article","@id":"https:\/\/presidentjosemontilla.cat\/es\/1982-el-ano-del-cambio\/#article","isPartOf":{"@id":"https:\/\/presidentjosemontilla.cat\/es\/1982-el-ano-del-cambio\/"},"author":{"name":"Oficina de Jos\u00e9 Montilla","@id":"https:\/\/presidentjosemontilla.cat\/es\/#\/schema\/person\/f36cbd21c0ca240e3f825efdf1149484"},"headline":"1982: el a\u00f1o del cambio","datePublished":"2022-10-29T09:44:44+00:00","mainEntityOfPage":{"@id":"https:\/\/presidentjosemontilla.cat\/es\/1982-el-ano-del-cambio\/"},"wordCount":40,"commentCount":0,"publisher":{"@id":"https:\/\/presidentjosemontilla.cat\/es\/#organization"},"image":{"@id":"https:\/\/presidentjosemontilla.cat\/es\/1982-el-ano-del-cambio\/#primaryimage"},"thumbnailUrl":"https:\/\/presidentjosemontilla.cat\/wp-content\/uploads\/2020\/09\/DSC_9901ps2-copiaT.jpg","keywords":["40 aniversario","Elecciones Generales","Socialisme","Socialismo"],"articleSection":["Actividad","Medios de comunicaci\u00f3n","Opini\u00f3n"],"inLanguage":"es","potentialAction":[{"@type":"CommentAction","name":"Comment","target":["https:\/\/presidentjosemontilla.cat\/es\/1982-el-ano-del-cambio\/#respond"]}]},{"@type":"WebPage","@id":"https:\/\/presidentjosemontilla.cat\/es\/1982-el-ano-del-cambio\/","url":"https:\/\/presidentjosemontilla.cat\/es\/1982-el-ano-del-cambio\/","name":"1982: el a\u00f1o del cambio - President Jos\u00e9 Montilla","isPartOf":{"@id":"https:\/\/presidentjosemontilla.cat\/es\/#website"},"primaryImageOfPage":{"@id":"https:\/\/presidentjosemontilla.cat\/es\/1982-el-ano-del-cambio\/#primaryimage"},"image":{"@id":"https:\/\/presidentjosemontilla.cat\/es\/1982-el-ano-del-cambio\/#primaryimage"},"thumbnailUrl":"https:\/\/presidentjosemontilla.cat\/wp-content\/uploads\/2020\/09\/DSC_9901ps2-copiaT.jpg","datePublished":"2022-10-29T09:44:44+00:00","breadcrumb":{"@id":"https:\/\/presidentjosemontilla.cat\/es\/1982-el-ano-del-cambio\/#breadcrumb"},"inLanguage":"es","potentialAction":[{"@type":"ReadAction","target":["https:\/\/presidentjosemontilla.cat\/es\/1982-el-ano-del-cambio\/"]}]},{"@type":"ImageObject","inLanguage":"es","@id":"https:\/\/presidentjosemontilla.cat\/es\/1982-el-ano-del-cambio\/#primaryimage","url":"https:\/\/presidentjosemontilla.cat\/wp-content\/uploads\/2020\/09\/DSC_9901ps2-copiaT.jpg","contentUrl":"https:\/\/presidentjosemontilla.cat\/wp-content\/uploads\/2020\/09\/DSC_9901ps2-copiaT.jpg","width":2358,"height":3543},{"@type":"BreadcrumbList","@id":"https:\/\/presidentjosemontilla.cat\/es\/1982-el-ano-del-cambio\/#breadcrumb","itemListElement":[{"@type":"ListItem","position":1,"name":"Portada","item":"https:\/\/presidentjosemontilla.cat\/es\/"},{"@type":"ListItem","position":2,"name":"1982: el a\u00f1o del cambio"}]},{"@type":"WebSite","@id":"https:\/\/presidentjosemontilla.cat\/es\/#website","url":"https:\/\/presidentjosemontilla.cat\/es\/","name":"President Jos\u00e9 Montilla","description":"Web del 128\u00e8 president de la Generalitat de Catalunya","publisher":{"@id":"https:\/\/presidentjosemontilla.cat\/es\/#organization"},"potentialAction":[{"@type":"SearchAction","target":{"@type":"EntryPoint","urlTemplate":"https:\/\/presidentjosemontilla.cat\/es\/?s={search_term_string}"},"query-input":{"@type":"PropertyValueSpecification","valueRequired":true,"valueName":"search_term_string"}}],"inLanguage":"es"},{"@type":"Organization","@id":"https:\/\/presidentjosemontilla.cat\/es\/#organization","name":"President Jos\u00e9 Montilla","url":"https:\/\/presidentjosemontilla.cat\/es\/","logo":{"@type":"ImageObject","inLanguage":"es","@id":"https:\/\/presidentjosemontilla.cat\/es\/#\/schema\/logo\/image\/","url":"https:\/\/presidentjosemontilla.cat\/wp-content\/uploads\/2019\/09\/logo2.png","contentUrl":"https:\/\/presidentjosemontilla.cat\/wp-content\/uploads\/2019\/09\/logo2.png","width":350,"height":60,"caption":"President Jos\u00e9 Montilla"},"image":{"@id":"https:\/\/presidentjosemontilla.cat\/es\/#\/schema\/logo\/image\/"}},{"@type":"Person","@id":"https:\/\/presidentjosemontilla.cat\/es\/#\/schema\/person\/f36cbd21c0ca240e3f825efdf1149484","name":"Oficina de Jos\u00e9 Montilla","image":{"@type":"ImageObject","inLanguage":"es","@id":"https:\/\/secure.gravatar.com\/avatar\/33c91c345935ef6b4b0dea373a0addb58d127dab8ae459c970458ce720d66dad?s=96&d=mm&r=g","url":"https:\/\/secure.gravatar.com\/avatar\/33c91c345935ef6b4b0dea373a0addb58d127dab8ae459c970458ce720d66dad?s=96&d=mm&r=g","contentUrl":"https:\/\/secure.gravatar.com\/avatar\/33c91c345935ef6b4b0dea373a0addb58d127dab8ae459c970458ce720d66dad?s=96&d=mm&r=g","caption":"Oficina de Jos\u00e9 Montilla"},"url":"https:\/\/presidentjosemontilla.cat\/es\/author\/oficina-jose-montilla\/"}]}},"_links":{"self":[{"href":"https:\/\/presidentjosemontilla.cat\/es\/wp-json\/wp\/v2\/posts\/7488","targetHints":{"allow":["GET"]}}],"collection":[{"href":"https:\/\/presidentjosemontilla.cat\/es\/wp-json\/wp\/v2\/posts"}],"about":[{"href":"https:\/\/presidentjosemontilla.cat\/es\/wp-json\/wp\/v2\/types\/post"}],"author":[{"embeddable":true,"href":"https:\/\/presidentjosemontilla.cat\/es\/wp-json\/wp\/v2\/users\/5"}],"replies":[{"embeddable":true,"href":"https:\/\/presidentjosemontilla.cat\/es\/wp-json\/wp\/v2\/comments?post=7488"}],"version-history":[{"count":2,"href":"https:\/\/presidentjosemontilla.cat\/es\/wp-json\/wp\/v2\/posts\/7488\/revisions"}],"predecessor-version":[{"id":7491,"href":"https:\/\/presidentjosemontilla.cat\/es\/wp-json\/wp\/v2\/posts\/7488\/revisions\/7491"}],"wp:featuredmedia":[{"embeddable":true,"href":"https:\/\/presidentjosemontilla.cat\/es\/wp-json\/wp\/v2\/media\/7489"}],"wp:attachment":[{"href":"https:\/\/presidentjosemontilla.cat\/es\/wp-json\/wp\/v2\/media?parent=7488"}],"wp:term":[{"taxonomy":"category","embeddable":true,"href":"https:\/\/presidentjosemontilla.cat\/es\/wp-json\/wp\/v2\/categories?post=7488"},{"taxonomy":"post_tag","embeddable":true,"href":"https:\/\/presidentjosemontilla.cat\/es\/wp-json\/wp\/v2\/tags?post=7488"},{"taxonomy":"post_series","embeddable":true,"href":"https:\/\/presidentjosemontilla.cat\/es\/wp-json\/wp\/v2\/post_series?post=7488"}],"curies":[{"name":"wp","href":"https:\/\/api.w.org\/{rel}","templated":true}]}}