{"id":824,"date":"2013-11-13T13:06:34","date_gmt":"2013-11-13T12:06:34","guid":{"rendered":"http:\/\/presidentjosemontilla.cat\/es\/?p=824"},"modified":"2013-11-13T13:06:34","modified_gmt":"2013-11-13T12:06:34","slug":"a-la-gente-hay-que-decirle-la-verdad-aunque-no-sea-lo-que-quiera-escuchar-aunque-no-sea-popular","status":"publish","type":"post","link":"https:\/\/presidentjosemontilla.cat\/es\/a-la-gente-hay-que-decirle-la-verdad-aunque-no-sea-lo-que-quiera-escuchar-aunque-no-sea-popular\/","title":{"rendered":"\u201cA la gente hay que decirle la verdad, aunque no sea lo que quiera escuchar, aunque no sea popular\u201d"},"content":{"rendered":"<p style=\"text-align: justify\">El <img loading=\"lazy\" decoding=\"async\" class=\"alignleft\" src=\"http:\/\/presidentjosemontilla.cat\/cat\/files\/Rtve-300x187.jpg\" alt=\"Rtve\" width=\"300\" height=\"187\" \/>president Montilla ha sido entrevistado por Miguel \u00c1ngel Dom\u00ednguez (informativo 24h RTVE), que se ha interesado por las opiniones del expresident sobre las propuestas independentistas. El president Montilla ha dicho, en el transcurso de la entrevista, \u00abque hay pol\u00edticos m\u00e1s proclives a decir a la gente lo que quiere escuchar, aunque no se ajuste a la realidad\u00bb. Ha negado coincidencias program\u00e1ticas con el PP y C&#8217;s, aunque el rechazo al objetivo secesionista sea compartido. Ha dicho que \u00abhay gente que piensa que las cosas ya est\u00e1n bien como est\u00e1n. Incluso hay gente que piensa que el Estado de las Autonom\u00edas ha ido demasiado lejos. Nosotros no pensamos eso. No nos queremos ir, no queremos la independencia, pero tampoco queremos quedarnos como estamos. Mejor juntos? Juntos, &#8230; pero mejor! Es necesario evolucionar hacia un estado federal, &#8230;\u00bb.<\/p>\n<p style=\"text-align: justify\">A continuaci\u00f3n pod\u00e9is\u00a0escuchar <strong><a title=\"Entrevista\" href=\"http:\/\/www.rtve.es\/alacarta\/audios\/24-horas\/24-horas-entrevista-12-11-13\/2138448\/\" target=\"_blank\" rel=\"noopener noreferrer\">la entrevista<\/a><\/strong>.<\/p>\n","protected":false},"excerpt":{"rendered":"<p>El president Montilla ha sido entrevistado por Miguel \u00c1ngel Dom\u00ednguez (informativo 24h RTVE), que se ha interesado por las opiniones del expresident sobre las propuestas independentistas. El president Montilla ha dicho, en el transcurso de la entrevista, \u00abque hay pol\u00edticos&hellip;<\/p>\n","protected":false},"author":5,"featured_media":826,"comment_status":"open","ping_status":"open","sticky":false,"template":"","format":"standard","meta":{"footnotes":""},"categories":[3,4,5],"tags":[18,46],"post_series":[],"class_list":["post-824","post","type-post","status-publish","format-standard","has-post-thumbnail","hentry","category-actividad","category-opinion","category-reflexiones-compartidas","tag-entrevista","tag-rtve","entry","has-media"],"yoast_head":"<!-- This site is optimized with the Yoast SEO plugin v27.5 - https:\/\/yoast.com\/product\/yoast-seo-wordpress\/ -->\n<title>\u201cA la gente hay que decirle la verdad, aunque no sea lo que quiera escuchar, aunque no sea popular\u201d - President Jos\u00e9 Montilla<\/title>\n<meta name=\"robots\" content=\"index, follow, max-snippet:-1, max-image-preview:large, max-video-preview:-1\" \/>\n<link rel=\"canonical\" href=\"https:\/\/presidentjosemontilla.cat\/es\/a-la-gente-hay-que-decirle-la-verdad-aunque-no-sea-lo-que-quiera-escuchar-aunque-no-sea-popular\/\" \/>\n<meta property=\"og:locale\" content=\"es_ES\" \/>\n<meta property=\"og:type\" content=\"article\" \/>\n<meta property=\"og:title\" content=\"\u201cA la gente hay que decirle la verdad, aunque no sea lo que quiera escuchar, aunque no sea popular\u201d - President Jos\u00e9 Montilla\" \/>\n<meta property=\"og:description\" content=\"El president Montilla ha sido entrevistado por Miguel \u00c1ngel Dom\u00ednguez (informativo 24h RTVE), que se ha interesado por las opiniones del expresident sobre las propuestas independentistas. El president Montilla ha dicho, en el transcurso de la entrevista, \u00abque hay pol\u00edticos&hellip;\" \/>\n<meta property=\"og:url\" content=\"https:\/\/presidentjosemontilla.cat\/es\/a-la-gente-hay-que-decirle-la-verdad-aunque-no-sea-lo-que-quiera-escuchar-aunque-no-sea-popular\/\" \/>\n<meta property=\"og:site_name\" content=\"President Jos\u00e9 Montilla\" \/>\n<meta property=\"article:published_time\" content=\"2013-11-13T12:06:34+00:00\" \/>\n<meta name=\"author\" content=\"Oficina de Jos\u00e9 Montilla\" \/>\n<meta name=\"twitter:card\" content=\"summary_large_image\" \/>\n<meta name=\"twitter:label1\" content=\"Escrito por\" \/>\n\t<meta name=\"twitter:data1\" content=\"Oficina de Jos\u00e9 Montilla\" \/>\n\t<meta name=\"twitter:label2\" content=\"Tiempo de lectura\" \/>\n\t<meta name=\"twitter:data2\" content=\"1 minuto\" \/>\n<script type=\"application\/ld+json\" class=\"yoast-schema-graph\">{\"@context\":\"https:\\\/\\\/schema.org\",\"@graph\":[{\"@type\":\"Article\",\"@id\":\"https:\\\/\\\/presidentjosemontilla.cat\\\/es\\\/a-la-gente-hay-que-decirle-la-verdad-aunque-no-sea-lo-que-quiera-escuchar-aunque-no-sea-popular\\\/#article\",\"isPartOf\":{\"@id\":\"https:\\\/\\\/presidentjosemontilla.cat\\\/es\\\/a-la-gente-hay-que-decirle-la-verdad-aunque-no-sea-lo-que-quiera-escuchar-aunque-no-sea-popular\\\/\"},\"author\":{\"name\":\"Oficina de Jos\u00e9 Montilla\",\"@id\":\"https:\\\/\\\/presidentjosemontilla.cat\\\/es\\\/#\\\/schema\\\/person\\\/f36cbd21c0ca240e3f825efdf1149484\"},\"headline\":\"\u201cA la gente hay que decirle la verdad, aunque no sea lo que quiera escuchar, aunque no sea popular\u201d\",\"datePublished\":\"2013-11-13T12:06:34+00:00\",\"mainEntityOfPage\":{\"@id\":\"https:\\\/\\\/presidentjosemontilla.cat\\\/es\\\/a-la-gente-hay-que-decirle-la-verdad-aunque-no-sea-lo-que-quiera-escuchar-aunque-no-sea-popular\\\/\"},\"wordCount\":169,\"commentCount\":0,\"publisher\":{\"@id\":\"https:\\\/\\\/presidentjosemontilla.cat\\\/es\\\/#organization\"},\"image\":{\"@id\":\"https:\\\/\\\/presidentjosemontilla.cat\\\/es\\\/a-la-gente-hay-que-decirle-la-verdad-aunque-no-sea-lo-que-quiera-escuchar-aunque-no-sea-popular\\\/#primaryimage\"},\"thumbnailUrl\":\"\",\"keywords\":[\"entrevista\",\"RTVE\"],\"articleSection\":[\"Actividad\",\"Opini\u00f3n\",\"Reflexiones compartidas\"],\"inLanguage\":\"es\",\"potentialAction\":[{\"@type\":\"CommentAction\",\"name\":\"Comment\",\"target\":[\"https:\\\/\\\/presidentjosemontilla.cat\\\/es\\\/a-la-gente-hay-que-decirle-la-verdad-aunque-no-sea-lo-que-quiera-escuchar-aunque-no-sea-popular\\\/#respond\"]}]},{\"@type\":\"WebPage\",\"@id\":\"https:\\\/\\\/presidentjosemontilla.cat\\\/es\\\/a-la-gente-hay-que-decirle-la-verdad-aunque-no-sea-lo-que-quiera-escuchar-aunque-no-sea-popular\\\/\",\"url\":\"https:\\\/\\\/presidentjosemontilla.cat\\\/es\\\/a-la-gente-hay-que-decirle-la-verdad-aunque-no-sea-lo-que-quiera-escuchar-aunque-no-sea-popular\\\/\",\"name\":\"\u201cA la gente hay que decirle la verdad, aunque no sea lo que quiera escuchar, aunque no sea popular\u201d - President Jos\u00e9 Montilla\",\"isPartOf\":{\"@id\":\"https:\\\/\\\/presidentjosemontilla.cat\\\/es\\\/#website\"},\"primaryImageOfPage\":{\"@id\":\"https:\\\/\\\/presidentjosemontilla.cat\\\/es\\\/a-la-gente-hay-que-decirle-la-verdad-aunque-no-sea-lo-que-quiera-escuchar-aunque-no-sea-popular\\\/#primaryimage\"},\"image\":{\"@id\":\"https:\\\/\\\/presidentjosemontilla.cat\\\/es\\\/a-la-gente-hay-que-decirle-la-verdad-aunque-no-sea-lo-que-quiera-escuchar-aunque-no-sea-popular\\\/#primaryimage\"},\"thumbnailUrl\":\"\",\"datePublished\":\"2013-11-13T12:06:34+00:00\",\"breadcrumb\":{\"@id\":\"https:\\\/\\\/presidentjosemontilla.cat\\\/es\\\/a-la-gente-hay-que-decirle-la-verdad-aunque-no-sea-lo-que-quiera-escuchar-aunque-no-sea-popular\\\/#breadcrumb\"},\"inLanguage\":\"es\",\"potentialAction\":[{\"@type\":\"ReadAction\",\"target\":[\"https:\\\/\\\/presidentjosemontilla.cat\\\/es\\\/a-la-gente-hay-que-decirle-la-verdad-aunque-no-sea-lo-que-quiera-escuchar-aunque-no-sea-popular\\\/\"]}]},{\"@type\":\"ImageObject\",\"inLanguage\":\"es\",\"@id\":\"https:\\\/\\\/presidentjosemontilla.cat\\\/es\\\/a-la-gente-hay-que-decirle-la-verdad-aunque-no-sea-lo-que-quiera-escuchar-aunque-no-sea-popular\\\/#primaryimage\",\"url\":\"\",\"contentUrl\":\"\"},{\"@type\":\"BreadcrumbList\",\"@id\":\"https:\\\/\\\/presidentjosemontilla.cat\\\/es\\\/a-la-gente-hay-que-decirle-la-verdad-aunque-no-sea-lo-que-quiera-escuchar-aunque-no-sea-popular\\\/#breadcrumb\",\"itemListElement\":[{\"@type\":\"ListItem\",\"position\":1,\"name\":\"Portada\",\"item\":\"https:\\\/\\\/presidentjosemontilla.cat\\\/es\\\/\"},{\"@type\":\"ListItem\",\"position\":2,\"name\":\"\u201cA la gente hay que decirle la verdad, aunque no sea lo que quiera escuchar, aunque no sea popular\u201d\"}]},{\"@type\":\"WebSite\",\"@id\":\"https:\\\/\\\/presidentjosemontilla.cat\\\/es\\\/#website\",\"url\":\"https:\\\/\\\/presidentjosemontilla.cat\\\/es\\\/\",\"name\":\"President Jos\u00e9 Montilla\",\"description\":\"Web del 128\u00e8 president de la Generalitat de Catalunya\",\"publisher\":{\"@id\":\"https:\\\/\\\/presidentjosemontilla.cat\\\/es\\\/#organization\"},\"potentialAction\":[{\"@type\":\"SearchAction\",\"target\":{\"@type\":\"EntryPoint\",\"urlTemplate\":\"https:\\\/\\\/presidentjosemontilla.cat\\\/es\\\/?s={search_term_string}\"},\"query-input\":{\"@type\":\"PropertyValueSpecification\",\"valueRequired\":true,\"valueName\":\"search_term_string\"}}],\"inLanguage\":\"es\"},{\"@type\":\"Organization\",\"@id\":\"https:\\\/\\\/presidentjosemontilla.cat\\\/es\\\/#organization\",\"name\":\"President Jos\u00e9 Montilla\",\"url\":\"https:\\\/\\\/presidentjosemontilla.cat\\\/es\\\/\",\"logo\":{\"@type\":\"ImageObject\",\"inLanguage\":\"es\",\"@id\":\"https:\\\/\\\/presidentjosemontilla.cat\\\/es\\\/#\\\/schema\\\/logo\\\/image\\\/\",\"url\":\"https:\\\/\\\/presidentjosemontilla.cat\\\/wp-content\\\/uploads\\\/2019\\\/09\\\/logo2.png\",\"contentUrl\":\"https:\\\/\\\/presidentjosemontilla.cat\\\/wp-content\\\/uploads\\\/2019\\\/09\\\/logo2.png\",\"width\":350,\"height\":60,\"caption\":\"President Jos\u00e9 Montilla\"},\"image\":{\"@id\":\"https:\\\/\\\/presidentjosemontilla.cat\\\/es\\\/#\\\/schema\\\/logo\\\/image\\\/\"}},{\"@type\":\"Person\",\"@id\":\"https:\\\/\\\/presidentjosemontilla.cat\\\/es\\\/#\\\/schema\\\/person\\\/f36cbd21c0ca240e3f825efdf1149484\",\"name\":\"Oficina de Jos\u00e9 Montilla\",\"image\":{\"@type\":\"ImageObject\",\"inLanguage\":\"es\",\"@id\":\"https:\\\/\\\/secure.gravatar.com\\\/avatar\\\/33c91c345935ef6b4b0dea373a0addb58d127dab8ae459c970458ce720d66dad?s=96&d=mm&r=g\",\"url\":\"https:\\\/\\\/secure.gravatar.com\\\/avatar\\\/33c91c345935ef6b4b0dea373a0addb58d127dab8ae459c970458ce720d66dad?s=96&d=mm&r=g\",\"contentUrl\":\"https:\\\/\\\/secure.gravatar.com\\\/avatar\\\/33c91c345935ef6b4b0dea373a0addb58d127dab8ae459c970458ce720d66dad?s=96&d=mm&r=g\",\"caption\":\"Oficina de Jos\u00e9 Montilla\"},\"url\":\"https:\\\/\\\/presidentjosemontilla.cat\\\/es\\\/author\\\/oficina-jose-montilla\\\/\"}]}<\/script>\n<!-- \/ Yoast SEO plugin. -->","yoast_head_json":{"title":"\u201cA la gente hay que decirle la verdad, aunque no sea lo que quiera escuchar, aunque no sea popular\u201d - President Jos\u00e9 Montilla","robots":{"index":"index","follow":"follow","max-snippet":"max-snippet:-1","max-image-preview":"max-image-preview:large","max-video-preview":"max-video-preview:-1"},"canonical":"https:\/\/presidentjosemontilla.cat\/es\/a-la-gente-hay-que-decirle-la-verdad-aunque-no-sea-lo-que-quiera-escuchar-aunque-no-sea-popular\/","og_locale":"es_ES","og_type":"article","og_title":"\u201cA la gente hay que decirle la verdad, aunque no sea lo que quiera escuchar, aunque no sea popular\u201d - President Jos\u00e9 Montilla","og_description":"El president Montilla ha sido entrevistado por Miguel \u00c1ngel Dom\u00ednguez (informativo 24h RTVE), que se ha interesado por las opiniones del expresident sobre las propuestas independentistas. El president Montilla ha dicho, en el transcurso de la entrevista, \u00abque hay pol\u00edticos&hellip;","og_url":"https:\/\/presidentjosemontilla.cat\/es\/a-la-gente-hay-que-decirle-la-verdad-aunque-no-sea-lo-que-quiera-escuchar-aunque-no-sea-popular\/","og_site_name":"President Jos\u00e9 Montilla","article_published_time":"2013-11-13T12:06:34+00:00","author":"Oficina de Jos\u00e9 Montilla","twitter_card":"summary_large_image","twitter_misc":{"Escrito por":"Oficina de Jos\u00e9 Montilla","Tiempo de lectura":"1 minuto"},"schema":{"@context":"https:\/\/schema.org","@graph":[{"@type":"Article","@id":"https:\/\/presidentjosemontilla.cat\/es\/a-la-gente-hay-que-decirle-la-verdad-aunque-no-sea-lo-que-quiera-escuchar-aunque-no-sea-popular\/#article","isPartOf":{"@id":"https:\/\/presidentjosemontilla.cat\/es\/a-la-gente-hay-que-decirle-la-verdad-aunque-no-sea-lo-que-quiera-escuchar-aunque-no-sea-popular\/"},"author":{"name":"Oficina de Jos\u00e9 Montilla","@id":"https:\/\/presidentjosemontilla.cat\/es\/#\/schema\/person\/f36cbd21c0ca240e3f825efdf1149484"},"headline":"\u201cA la gente hay que decirle la verdad, aunque no sea lo que quiera escuchar, aunque no sea popular\u201d","datePublished":"2013-11-13T12:06:34+00:00","mainEntityOfPage":{"@id":"https:\/\/presidentjosemontilla.cat\/es\/a-la-gente-hay-que-decirle-la-verdad-aunque-no-sea-lo-que-quiera-escuchar-aunque-no-sea-popular\/"},"wordCount":169,"commentCount":0,"publisher":{"@id":"https:\/\/presidentjosemontilla.cat\/es\/#organization"},"image":{"@id":"https:\/\/presidentjosemontilla.cat\/es\/a-la-gente-hay-que-decirle-la-verdad-aunque-no-sea-lo-que-quiera-escuchar-aunque-no-sea-popular\/#primaryimage"},"thumbnailUrl":"","keywords":["entrevista","RTVE"],"articleSection":["Actividad","Opini\u00f3n","Reflexiones compartidas"],"inLanguage":"es","potentialAction":[{"@type":"CommentAction","name":"Comment","target":["https:\/\/presidentjosemontilla.cat\/es\/a-la-gente-hay-que-decirle-la-verdad-aunque-no-sea-lo-que-quiera-escuchar-aunque-no-sea-popular\/#respond"]}]},{"@type":"WebPage","@id":"https:\/\/presidentjosemontilla.cat\/es\/a-la-gente-hay-que-decirle-la-verdad-aunque-no-sea-lo-que-quiera-escuchar-aunque-no-sea-popular\/","url":"https:\/\/presidentjosemontilla.cat\/es\/a-la-gente-hay-que-decirle-la-verdad-aunque-no-sea-lo-que-quiera-escuchar-aunque-no-sea-popular\/","name":"\u201cA la gente hay que decirle la verdad, aunque no sea lo que quiera escuchar, aunque no sea popular\u201d - President Jos\u00e9 Montilla","isPartOf":{"@id":"https:\/\/presidentjosemontilla.cat\/es\/#website"},"primaryImageOfPage":{"@id":"https:\/\/presidentjosemontilla.cat\/es\/a-la-gente-hay-que-decirle-la-verdad-aunque-no-sea-lo-que-quiera-escuchar-aunque-no-sea-popular\/#primaryimage"},"image":{"@id":"https:\/\/presidentjosemontilla.cat\/es\/a-la-gente-hay-que-decirle-la-verdad-aunque-no-sea-lo-que-quiera-escuchar-aunque-no-sea-popular\/#primaryimage"},"thumbnailUrl":"","datePublished":"2013-11-13T12:06:34+00:00","breadcrumb":{"@id":"https:\/\/presidentjosemontilla.cat\/es\/a-la-gente-hay-que-decirle-la-verdad-aunque-no-sea-lo-que-quiera-escuchar-aunque-no-sea-popular\/#breadcrumb"},"inLanguage":"es","potentialAction":[{"@type":"ReadAction","target":["https:\/\/presidentjosemontilla.cat\/es\/a-la-gente-hay-que-decirle-la-verdad-aunque-no-sea-lo-que-quiera-escuchar-aunque-no-sea-popular\/"]}]},{"@type":"ImageObject","inLanguage":"es","@id":"https:\/\/presidentjosemontilla.cat\/es\/a-la-gente-hay-que-decirle-la-verdad-aunque-no-sea-lo-que-quiera-escuchar-aunque-no-sea-popular\/#primaryimage","url":"","contentUrl":""},{"@type":"BreadcrumbList","@id":"https:\/\/presidentjosemontilla.cat\/es\/a-la-gente-hay-que-decirle-la-verdad-aunque-no-sea-lo-que-quiera-escuchar-aunque-no-sea-popular\/#breadcrumb","itemListElement":[{"@type":"ListItem","position":1,"name":"Portada","item":"https:\/\/presidentjosemontilla.cat\/es\/"},{"@type":"ListItem","position":2,"name":"\u201cA la gente hay que decirle la verdad, aunque no sea lo que quiera escuchar, aunque no sea popular\u201d"}]},{"@type":"WebSite","@id":"https:\/\/presidentjosemontilla.cat\/es\/#website","url":"https:\/\/presidentjosemontilla.cat\/es\/","name":"President Jos\u00e9 Montilla","description":"Web del 128\u00e8 president de la Generalitat de Catalunya","publisher":{"@id":"https:\/\/presidentjosemontilla.cat\/es\/#organization"},"potentialAction":[{"@type":"SearchAction","target":{"@type":"EntryPoint","urlTemplate":"https:\/\/presidentjosemontilla.cat\/es\/?s={search_term_string}"},"query-input":{"@type":"PropertyValueSpecification","valueRequired":true,"valueName":"search_term_string"}}],"inLanguage":"es"},{"@type":"Organization","@id":"https:\/\/presidentjosemontilla.cat\/es\/#organization","name":"President Jos\u00e9 Montilla","url":"https:\/\/presidentjosemontilla.cat\/es\/","logo":{"@type":"ImageObject","inLanguage":"es","@id":"https:\/\/presidentjosemontilla.cat\/es\/#\/schema\/logo\/image\/","url":"https:\/\/presidentjosemontilla.cat\/wp-content\/uploads\/2019\/09\/logo2.png","contentUrl":"https:\/\/presidentjosemontilla.cat\/wp-content\/uploads\/2019\/09\/logo2.png","width":350,"height":60,"caption":"President Jos\u00e9 Montilla"},"image":{"@id":"https:\/\/presidentjosemontilla.cat\/es\/#\/schema\/logo\/image\/"}},{"@type":"Person","@id":"https:\/\/presidentjosemontilla.cat\/es\/#\/schema\/person\/f36cbd21c0ca240e3f825efdf1149484","name":"Oficina de Jos\u00e9 Montilla","image":{"@type":"ImageObject","inLanguage":"es","@id":"https:\/\/secure.gravatar.com\/avatar\/33c91c345935ef6b4b0dea373a0addb58d127dab8ae459c970458ce720d66dad?s=96&d=mm&r=g","url":"https:\/\/secure.gravatar.com\/avatar\/33c91c345935ef6b4b0dea373a0addb58d127dab8ae459c970458ce720d66dad?s=96&d=mm&r=g","contentUrl":"https:\/\/secure.gravatar.com\/avatar\/33c91c345935ef6b4b0dea373a0addb58d127dab8ae459c970458ce720d66dad?s=96&d=mm&r=g","caption":"Oficina de Jos\u00e9 Montilla"},"url":"https:\/\/presidentjosemontilla.cat\/es\/author\/oficina-jose-montilla\/"}]}},"_links":{"self":[{"href":"https:\/\/presidentjosemontilla.cat\/es\/wp-json\/wp\/v2\/posts\/824","targetHints":{"allow":["GET"]}}],"collection":[{"href":"https:\/\/presidentjosemontilla.cat\/es\/wp-json\/wp\/v2\/posts"}],"about":[{"href":"https:\/\/presidentjosemontilla.cat\/es\/wp-json\/wp\/v2\/types\/post"}],"author":[{"embeddable":true,"href":"https:\/\/presidentjosemontilla.cat\/es\/wp-json\/wp\/v2\/users\/5"}],"replies":[{"embeddable":true,"href":"https:\/\/presidentjosemontilla.cat\/es\/wp-json\/wp\/v2\/comments?post=824"}],"version-history":[{"count":0,"href":"https:\/\/presidentjosemontilla.cat\/es\/wp-json\/wp\/v2\/posts\/824\/revisions"}],"wp:featuredmedia":[{"embeddable":true,"href":"https:\/\/presidentjosemontilla.cat\/es\/wp-json\/wp\/v2\/media\/826"}],"wp:attachment":[{"href":"https:\/\/presidentjosemontilla.cat\/es\/wp-json\/wp\/v2\/media?parent=824"}],"wp:term":[{"taxonomy":"category","embeddable":true,"href":"https:\/\/presidentjosemontilla.cat\/es\/wp-json\/wp\/v2\/categories?post=824"},{"taxonomy":"post_tag","embeddable":true,"href":"https:\/\/presidentjosemontilla.cat\/es\/wp-json\/wp\/v2\/tags?post=824"},{"taxonomy":"post_series","embeddable":true,"href":"https:\/\/presidentjosemontilla.cat\/es\/wp-json\/wp\/v2\/post_series?post=824"}],"curies":[{"name":"wp","href":"https:\/\/api.w.org\/{rel}","templated":true}]}}