{"id":8355,"date":"2024-03-19T11:45:02","date_gmt":"2024-03-19T11:45:02","guid":{"rendered":"https:\/\/presidentjosemontilla.cat\/psc-el-fil-roig-del-socialisme-catalanista\/"},"modified":"2024-09-09T10:17:17","modified_gmt":"2024-09-09T10:17:17","slug":"psc-el-hilo-rojo-del-socialismo-catalanista","status":"publish","type":"post","link":"https:\/\/presidentjosemontilla.cat\/es\/psc-el-hilo-rojo-del-socialismo-catalanista\/","title":{"rendered":"PSC: el hilo rojo del socialismo catalanista"},"content":{"rendered":"<p>Este fin de semana tuvo lugar el <a href=\"https:\/\/www.socialistes.cat\/es\/15congres\/\" target=\"_blank\" rel=\"noopener\">15.\u00ba Congreso del PSC<\/a>, en el cual se organiz\u00f3 un espacio \u00ab\u00c1gora\u00bb, un espacio de di\u00e1logo y reflexi\u00f3n, paralelo a los debates program\u00e1ticos y organizativos propios del Congreso.<\/p>\n<p>Las tem\u00e1ticas escogidas para el \u00c1gora, tienen relaci\u00f3n con la historia del PSC, 45 a\u00f1os despu\u00e9s de su fundaci\u00f3n y el camino para volver a ser el primer partido de Catalunya; la Europa de las oportunidades, ante la amenaza del populismo negacionista y catastrofista que enfrenta la extrema derecha; el ADN municipalista del socialismo catal\u00e1n y la importancia de los ayuntamientos en la mejora de la calidad de vida de las personas y la construcci\u00f3n de una juventud pol\u00edticamente activa y de izquierdas.<\/p>\n<p>En este espacio tuvo lugar la sesi\u00f3n \u00abPSC: el hilo rojo del socialismo catalanista\u00bb, donde compart\u00ed conversaci\u00f3n con <strong>Raimon\u00a0Obiols<\/strong>\u00a0(Primer secretario del PSC 1983-1996), <strong>Miquel Iceta<\/strong> (Primer secretario del PSC 2014-2021) y\u00a0 <strong>Manuela de\u00a0Madre<\/strong>\u00a0(Vicepresidenta del PSC 2004-2011), moderada por <strong>Milagros P\u00e9rez\u00a0Oliva<\/strong>, periodista<\/p>\n<p>Pod\u00e9is ver <a href=\"https:\/\/www.youtube.com\/watch?v=jLiU-y5DuXA\" target=\"_blank\" rel=\"noopener\">aqu\u00ed<\/a> el video de la sesi\u00f3n.<\/p>\n<p>&nbsp;<\/p>\n<p><iframe loading=\"lazy\" title=\"YouTube video player\" src=\"https:\/\/www.youtube.com\/embed\/jLiU-y5DuXA?si=vanxJ7H5d_xgEJsp\" width=\"560\" height=\"315\" frameborder=\"0\" allowfullscreen=\"allowfullscreen\"><\/iframe><\/p>\n","protected":false},"excerpt":{"rendered":"<p>Este fin de semana tuvo lugar el 15.\u00ba Congreso del PSC, en el cual se organiz\u00f3 un espacio \u00ab\u00c1gora\u00bb, un espacio de di\u00e1logo y reflexi\u00f3n, paralelo a los debates program\u00e1ticos y organizativos propios del Congreso. Las tem\u00e1ticas escogidas para el&hellip;<\/p>\n","protected":false},"author":5,"featured_media":8343,"comment_status":"open","ping_status":"open","sticky":false,"template":"","format":"standard","meta":{"footnotes":""},"categories":[3,4],"tags":[1921,1922,1052,121,1000],"post_series":[],"class_list":["post-8355","post","type-post","status-publish","format-standard","has-post-thumbnail","hentry","category-actividad","category-opinion","tag-15e-congres-es","tag-historia-es","tag-psc-ca","tag-psc","tag-socialisme","entry","has-media"],"yoast_head":"<!-- This site is optimized with the Yoast SEO plugin v27.5 - https:\/\/yoast.com\/product\/yoast-seo-wordpress\/ -->\n<title>PSC: el hilo rojo del socialismo catalanista - President Jos\u00e9 Montilla<\/title>\n<meta name=\"robots\" content=\"index, follow, max-snippet:-1, max-image-preview:large, max-video-preview:-1\" \/>\n<link rel=\"canonical\" href=\"https:\/\/presidentjosemontilla.cat\/es\/psc-el-hilo-rojo-del-socialismo-catalanista\/\" \/>\n<meta property=\"og:locale\" content=\"es_ES\" \/>\n<meta property=\"og:type\" content=\"article\" \/>\n<meta property=\"og:title\" content=\"PSC: el hilo rojo del socialismo catalanista - President Jos\u00e9 Montilla\" \/>\n<meta property=\"og:description\" content=\"Este fin de semana tuvo lugar el 15.\u00ba Congreso del PSC, en el cual se organiz\u00f3 un espacio \u00ab\u00c1gora\u00bb, un espacio de di\u00e1logo y reflexi\u00f3n, paralelo a los debates program\u00e1ticos y organizativos propios del Congreso. Las tem\u00e1ticas escogidas para el&hellip;\" \/>\n<meta property=\"og:url\" content=\"https:\/\/presidentjosemontilla.cat\/es\/psc-el-hilo-rojo-del-socialismo-catalanista\/\" \/>\n<meta property=\"og:site_name\" content=\"President Jos\u00e9 Montilla\" \/>\n<meta property=\"article:published_time\" content=\"2024-03-19T11:45:02+00:00\" \/>\n<meta property=\"article:modified_time\" content=\"2024-09-09T10:17:17+00:00\" \/>\n<meta property=\"og:image\" content=\"https:\/\/presidentjosemontilla.cat\/wp-content\/uploads\/2024\/03\/8.jpg\" \/>\n\t<meta property=\"og:image:width\" content=\"2048\" \/>\n\t<meta property=\"og:image:height\" content=\"1536\" \/>\n\t<meta property=\"og:image:type\" content=\"image\/jpeg\" \/>\n<meta name=\"author\" content=\"Oficina de Jos\u00e9 Montilla\" \/>\n<meta name=\"twitter:card\" content=\"summary_large_image\" \/>\n<meta name=\"twitter:label1\" content=\"Escrito por\" \/>\n\t<meta name=\"twitter:data1\" content=\"Oficina de Jos\u00e9 Montilla\" \/>\n\t<meta name=\"twitter:label2\" content=\"Tiempo de lectura\" \/>\n\t<meta name=\"twitter:data2\" content=\"2 minutos\" \/>\n<script type=\"application\/ld+json\" class=\"yoast-schema-graph\">{\"@context\":\"https:\\\/\\\/schema.org\",\"@graph\":[{\"@type\":\"Article\",\"@id\":\"https:\\\/\\\/presidentjosemontilla.cat\\\/es\\\/psc-el-hilo-rojo-del-socialismo-catalanista\\\/#article\",\"isPartOf\":{\"@id\":\"https:\\\/\\\/presidentjosemontilla.cat\\\/es\\\/psc-el-hilo-rojo-del-socialismo-catalanista\\\/\"},\"author\":{\"name\":\"Oficina de Jos\u00e9 Montilla\",\"@id\":\"https:\\\/\\\/presidentjosemontilla.cat\\\/es\\\/#\\\/schema\\\/person\\\/f36cbd21c0ca240e3f825efdf1149484\"},\"headline\":\"PSC: el hilo rojo del socialismo catalanista\",\"datePublished\":\"2024-03-19T11:45:02+00:00\",\"dateModified\":\"2024-09-09T10:17:17+00:00\",\"mainEntityOfPage\":{\"@id\":\"https:\\\/\\\/presidentjosemontilla.cat\\\/es\\\/psc-el-hilo-rojo-del-socialismo-catalanista\\\/\"},\"wordCount\":194,\"commentCount\":0,\"publisher\":{\"@id\":\"https:\\\/\\\/presidentjosemontilla.cat\\\/es\\\/#organization\"},\"image\":{\"@id\":\"https:\\\/\\\/presidentjosemontilla.cat\\\/es\\\/psc-el-hilo-rojo-del-socialismo-catalanista\\\/#primaryimage\"},\"thumbnailUrl\":\"https:\\\/\\\/presidentjosemontilla.cat\\\/wp-content\\\/uploads\\\/2024\\\/03\\\/8.jpg\",\"keywords\":[\"15\u00e8 congr\u00e9s\",\"Hist\u00f2ria\",\"PSC\",\"PSC\",\"Socialisme\"],\"articleSection\":[\"Actividad\",\"Opini\u00f3n\"],\"inLanguage\":\"es\",\"potentialAction\":[{\"@type\":\"CommentAction\",\"name\":\"Comment\",\"target\":[\"https:\\\/\\\/presidentjosemontilla.cat\\\/es\\\/psc-el-hilo-rojo-del-socialismo-catalanista\\\/#respond\"]}]},{\"@type\":\"WebPage\",\"@id\":\"https:\\\/\\\/presidentjosemontilla.cat\\\/es\\\/psc-el-hilo-rojo-del-socialismo-catalanista\\\/\",\"url\":\"https:\\\/\\\/presidentjosemontilla.cat\\\/es\\\/psc-el-hilo-rojo-del-socialismo-catalanista\\\/\",\"name\":\"PSC: el hilo rojo del socialismo catalanista - President Jos\u00e9 Montilla\",\"isPartOf\":{\"@id\":\"https:\\\/\\\/presidentjosemontilla.cat\\\/es\\\/#website\"},\"primaryImageOfPage\":{\"@id\":\"https:\\\/\\\/presidentjosemontilla.cat\\\/es\\\/psc-el-hilo-rojo-del-socialismo-catalanista\\\/#primaryimage\"},\"image\":{\"@id\":\"https:\\\/\\\/presidentjosemontilla.cat\\\/es\\\/psc-el-hilo-rojo-del-socialismo-catalanista\\\/#primaryimage\"},\"thumbnailUrl\":\"https:\\\/\\\/presidentjosemontilla.cat\\\/wp-content\\\/uploads\\\/2024\\\/03\\\/8.jpg\",\"datePublished\":\"2024-03-19T11:45:02+00:00\",\"dateModified\":\"2024-09-09T10:17:17+00:00\",\"breadcrumb\":{\"@id\":\"https:\\\/\\\/presidentjosemontilla.cat\\\/es\\\/psc-el-hilo-rojo-del-socialismo-catalanista\\\/#breadcrumb\"},\"inLanguage\":\"es\",\"potentialAction\":[{\"@type\":\"ReadAction\",\"target\":[\"https:\\\/\\\/presidentjosemontilla.cat\\\/es\\\/psc-el-hilo-rojo-del-socialismo-catalanista\\\/\"]}]},{\"@type\":\"ImageObject\",\"inLanguage\":\"es\",\"@id\":\"https:\\\/\\\/presidentjosemontilla.cat\\\/es\\\/psc-el-hilo-rojo-del-socialismo-catalanista\\\/#primaryimage\",\"url\":\"https:\\\/\\\/presidentjosemontilla.cat\\\/wp-content\\\/uploads\\\/2024\\\/03\\\/8.jpg\",\"contentUrl\":\"https:\\\/\\\/presidentjosemontilla.cat\\\/wp-content\\\/uploads\\\/2024\\\/03\\\/8.jpg\",\"width\":2048,\"height\":1536},{\"@type\":\"BreadcrumbList\",\"@id\":\"https:\\\/\\\/presidentjosemontilla.cat\\\/es\\\/psc-el-hilo-rojo-del-socialismo-catalanista\\\/#breadcrumb\",\"itemListElement\":[{\"@type\":\"ListItem\",\"position\":1,\"name\":\"Portada\",\"item\":\"https:\\\/\\\/presidentjosemontilla.cat\\\/es\\\/\"},{\"@type\":\"ListItem\",\"position\":2,\"name\":\"PSC: el hilo rojo del socialismo catalanista\"}]},{\"@type\":\"WebSite\",\"@id\":\"https:\\\/\\\/presidentjosemontilla.cat\\\/es\\\/#website\",\"url\":\"https:\\\/\\\/presidentjosemontilla.cat\\\/es\\\/\",\"name\":\"President Jos\u00e9 Montilla\",\"description\":\"Web del 128\u00e8 president de la Generalitat de Catalunya\",\"publisher\":{\"@id\":\"https:\\\/\\\/presidentjosemontilla.cat\\\/es\\\/#organization\"},\"potentialAction\":[{\"@type\":\"SearchAction\",\"target\":{\"@type\":\"EntryPoint\",\"urlTemplate\":\"https:\\\/\\\/presidentjosemontilla.cat\\\/es\\\/?s={search_term_string}\"},\"query-input\":{\"@type\":\"PropertyValueSpecification\",\"valueRequired\":true,\"valueName\":\"search_term_string\"}}],\"inLanguage\":\"es\"},{\"@type\":\"Organization\",\"@id\":\"https:\\\/\\\/presidentjosemontilla.cat\\\/es\\\/#organization\",\"name\":\"President Jos\u00e9 Montilla\",\"url\":\"https:\\\/\\\/presidentjosemontilla.cat\\\/es\\\/\",\"logo\":{\"@type\":\"ImageObject\",\"inLanguage\":\"es\",\"@id\":\"https:\\\/\\\/presidentjosemontilla.cat\\\/es\\\/#\\\/schema\\\/logo\\\/image\\\/\",\"url\":\"https:\\\/\\\/presidentjosemontilla.cat\\\/wp-content\\\/uploads\\\/2019\\\/09\\\/logo2.png\",\"contentUrl\":\"https:\\\/\\\/presidentjosemontilla.cat\\\/wp-content\\\/uploads\\\/2019\\\/09\\\/logo2.png\",\"width\":350,\"height\":60,\"caption\":\"President Jos\u00e9 Montilla\"},\"image\":{\"@id\":\"https:\\\/\\\/presidentjosemontilla.cat\\\/es\\\/#\\\/schema\\\/logo\\\/image\\\/\"}},{\"@type\":\"Person\",\"@id\":\"https:\\\/\\\/presidentjosemontilla.cat\\\/es\\\/#\\\/schema\\\/person\\\/f36cbd21c0ca240e3f825efdf1149484\",\"name\":\"Oficina de Jos\u00e9 Montilla\",\"image\":{\"@type\":\"ImageObject\",\"inLanguage\":\"es\",\"@id\":\"https:\\\/\\\/secure.gravatar.com\\\/avatar\\\/33c91c345935ef6b4b0dea373a0addb58d127dab8ae459c970458ce720d66dad?s=96&d=mm&r=g\",\"url\":\"https:\\\/\\\/secure.gravatar.com\\\/avatar\\\/33c91c345935ef6b4b0dea373a0addb58d127dab8ae459c970458ce720d66dad?s=96&d=mm&r=g\",\"contentUrl\":\"https:\\\/\\\/secure.gravatar.com\\\/avatar\\\/33c91c345935ef6b4b0dea373a0addb58d127dab8ae459c970458ce720d66dad?s=96&d=mm&r=g\",\"caption\":\"Oficina de Jos\u00e9 Montilla\"},\"url\":\"https:\\\/\\\/presidentjosemontilla.cat\\\/es\\\/author\\\/oficina-jose-montilla\\\/\"}]}<\/script>\n<!-- \/ Yoast SEO plugin. -->","yoast_head_json":{"title":"PSC: el hilo rojo del socialismo catalanista - President Jos\u00e9 Montilla","robots":{"index":"index","follow":"follow","max-snippet":"max-snippet:-1","max-image-preview":"max-image-preview:large","max-video-preview":"max-video-preview:-1"},"canonical":"https:\/\/presidentjosemontilla.cat\/es\/psc-el-hilo-rojo-del-socialismo-catalanista\/","og_locale":"es_ES","og_type":"article","og_title":"PSC: el hilo rojo del socialismo catalanista - President Jos\u00e9 Montilla","og_description":"Este fin de semana tuvo lugar el 15.\u00ba Congreso del PSC, en el cual se organiz\u00f3 un espacio \u00ab\u00c1gora\u00bb, un espacio de di\u00e1logo y reflexi\u00f3n, paralelo a los debates program\u00e1ticos y organizativos propios del Congreso. Las tem\u00e1ticas escogidas para el&hellip;","og_url":"https:\/\/presidentjosemontilla.cat\/es\/psc-el-hilo-rojo-del-socialismo-catalanista\/","og_site_name":"President Jos\u00e9 Montilla","article_published_time":"2024-03-19T11:45:02+00:00","article_modified_time":"2024-09-09T10:17:17+00:00","og_image":[{"width":2048,"height":1536,"url":"https:\/\/presidentjosemontilla.cat\/wp-content\/uploads\/2024\/03\/8.jpg","type":"image\/jpeg"}],"author":"Oficina de Jos\u00e9 Montilla","twitter_card":"summary_large_image","twitter_misc":{"Escrito por":"Oficina de Jos\u00e9 Montilla","Tiempo de lectura":"2 minutos"},"schema":{"@context":"https:\/\/schema.org","@graph":[{"@type":"Article","@id":"https:\/\/presidentjosemontilla.cat\/es\/psc-el-hilo-rojo-del-socialismo-catalanista\/#article","isPartOf":{"@id":"https:\/\/presidentjosemontilla.cat\/es\/psc-el-hilo-rojo-del-socialismo-catalanista\/"},"author":{"name":"Oficina de Jos\u00e9 Montilla","@id":"https:\/\/presidentjosemontilla.cat\/es\/#\/schema\/person\/f36cbd21c0ca240e3f825efdf1149484"},"headline":"PSC: el hilo rojo del socialismo catalanista","datePublished":"2024-03-19T11:45:02+00:00","dateModified":"2024-09-09T10:17:17+00:00","mainEntityOfPage":{"@id":"https:\/\/presidentjosemontilla.cat\/es\/psc-el-hilo-rojo-del-socialismo-catalanista\/"},"wordCount":194,"commentCount":0,"publisher":{"@id":"https:\/\/presidentjosemontilla.cat\/es\/#organization"},"image":{"@id":"https:\/\/presidentjosemontilla.cat\/es\/psc-el-hilo-rojo-del-socialismo-catalanista\/#primaryimage"},"thumbnailUrl":"https:\/\/presidentjosemontilla.cat\/wp-content\/uploads\/2024\/03\/8.jpg","keywords":["15\u00e8 congr\u00e9s","Hist\u00f2ria","PSC","PSC","Socialisme"],"articleSection":["Actividad","Opini\u00f3n"],"inLanguage":"es","potentialAction":[{"@type":"CommentAction","name":"Comment","target":["https:\/\/presidentjosemontilla.cat\/es\/psc-el-hilo-rojo-del-socialismo-catalanista\/#respond"]}]},{"@type":"WebPage","@id":"https:\/\/presidentjosemontilla.cat\/es\/psc-el-hilo-rojo-del-socialismo-catalanista\/","url":"https:\/\/presidentjosemontilla.cat\/es\/psc-el-hilo-rojo-del-socialismo-catalanista\/","name":"PSC: el hilo rojo del socialismo catalanista - President Jos\u00e9 Montilla","isPartOf":{"@id":"https:\/\/presidentjosemontilla.cat\/es\/#website"},"primaryImageOfPage":{"@id":"https:\/\/presidentjosemontilla.cat\/es\/psc-el-hilo-rojo-del-socialismo-catalanista\/#primaryimage"},"image":{"@id":"https:\/\/presidentjosemontilla.cat\/es\/psc-el-hilo-rojo-del-socialismo-catalanista\/#primaryimage"},"thumbnailUrl":"https:\/\/presidentjosemontilla.cat\/wp-content\/uploads\/2024\/03\/8.jpg","datePublished":"2024-03-19T11:45:02+00:00","dateModified":"2024-09-09T10:17:17+00:00","breadcrumb":{"@id":"https:\/\/presidentjosemontilla.cat\/es\/psc-el-hilo-rojo-del-socialismo-catalanista\/#breadcrumb"},"inLanguage":"es","potentialAction":[{"@type":"ReadAction","target":["https:\/\/presidentjosemontilla.cat\/es\/psc-el-hilo-rojo-del-socialismo-catalanista\/"]}]},{"@type":"ImageObject","inLanguage":"es","@id":"https:\/\/presidentjosemontilla.cat\/es\/psc-el-hilo-rojo-del-socialismo-catalanista\/#primaryimage","url":"https:\/\/presidentjosemontilla.cat\/wp-content\/uploads\/2024\/03\/8.jpg","contentUrl":"https:\/\/presidentjosemontilla.cat\/wp-content\/uploads\/2024\/03\/8.jpg","width":2048,"height":1536},{"@type":"BreadcrumbList","@id":"https:\/\/presidentjosemontilla.cat\/es\/psc-el-hilo-rojo-del-socialismo-catalanista\/#breadcrumb","itemListElement":[{"@type":"ListItem","position":1,"name":"Portada","item":"https:\/\/presidentjosemontilla.cat\/es\/"},{"@type":"ListItem","position":2,"name":"PSC: el hilo rojo del socialismo catalanista"}]},{"@type":"WebSite","@id":"https:\/\/presidentjosemontilla.cat\/es\/#website","url":"https:\/\/presidentjosemontilla.cat\/es\/","name":"President Jos\u00e9 Montilla","description":"Web del 128\u00e8 president de la Generalitat de Catalunya","publisher":{"@id":"https:\/\/presidentjosemontilla.cat\/es\/#organization"},"potentialAction":[{"@type":"SearchAction","target":{"@type":"EntryPoint","urlTemplate":"https:\/\/presidentjosemontilla.cat\/es\/?s={search_term_string}"},"query-input":{"@type":"PropertyValueSpecification","valueRequired":true,"valueName":"search_term_string"}}],"inLanguage":"es"},{"@type":"Organization","@id":"https:\/\/presidentjosemontilla.cat\/es\/#organization","name":"President Jos\u00e9 Montilla","url":"https:\/\/presidentjosemontilla.cat\/es\/","logo":{"@type":"ImageObject","inLanguage":"es","@id":"https:\/\/presidentjosemontilla.cat\/es\/#\/schema\/logo\/image\/","url":"https:\/\/presidentjosemontilla.cat\/wp-content\/uploads\/2019\/09\/logo2.png","contentUrl":"https:\/\/presidentjosemontilla.cat\/wp-content\/uploads\/2019\/09\/logo2.png","width":350,"height":60,"caption":"President Jos\u00e9 Montilla"},"image":{"@id":"https:\/\/presidentjosemontilla.cat\/es\/#\/schema\/logo\/image\/"}},{"@type":"Person","@id":"https:\/\/presidentjosemontilla.cat\/es\/#\/schema\/person\/f36cbd21c0ca240e3f825efdf1149484","name":"Oficina de Jos\u00e9 Montilla","image":{"@type":"ImageObject","inLanguage":"es","@id":"https:\/\/secure.gravatar.com\/avatar\/33c91c345935ef6b4b0dea373a0addb58d127dab8ae459c970458ce720d66dad?s=96&d=mm&r=g","url":"https:\/\/secure.gravatar.com\/avatar\/33c91c345935ef6b4b0dea373a0addb58d127dab8ae459c970458ce720d66dad?s=96&d=mm&r=g","contentUrl":"https:\/\/secure.gravatar.com\/avatar\/33c91c345935ef6b4b0dea373a0addb58d127dab8ae459c970458ce720d66dad?s=96&d=mm&r=g","caption":"Oficina de Jos\u00e9 Montilla"},"url":"https:\/\/presidentjosemontilla.cat\/es\/author\/oficina-jose-montilla\/"}]}},"_links":{"self":[{"href":"https:\/\/presidentjosemontilla.cat\/es\/wp-json\/wp\/v2\/posts\/8355","targetHints":{"allow":["GET"]}}],"collection":[{"href":"https:\/\/presidentjosemontilla.cat\/es\/wp-json\/wp\/v2\/posts"}],"about":[{"href":"https:\/\/presidentjosemontilla.cat\/es\/wp-json\/wp\/v2\/types\/post"}],"author":[{"embeddable":true,"href":"https:\/\/presidentjosemontilla.cat\/es\/wp-json\/wp\/v2\/users\/5"}],"replies":[{"embeddable":true,"href":"https:\/\/presidentjosemontilla.cat\/es\/wp-json\/wp\/v2\/comments?post=8355"}],"version-history":[{"count":2,"href":"https:\/\/presidentjosemontilla.cat\/es\/wp-json\/wp\/v2\/posts\/8355\/revisions"}],"predecessor-version":[{"id":8372,"href":"https:\/\/presidentjosemontilla.cat\/es\/wp-json\/wp\/v2\/posts\/8355\/revisions\/8372"}],"wp:featuredmedia":[{"embeddable":true,"href":"https:\/\/presidentjosemontilla.cat\/es\/wp-json\/wp\/v2\/media\/8343"}],"wp:attachment":[{"href":"https:\/\/presidentjosemontilla.cat\/es\/wp-json\/wp\/v2\/media?parent=8355"}],"wp:term":[{"taxonomy":"category","embeddable":true,"href":"https:\/\/presidentjosemontilla.cat\/es\/wp-json\/wp\/v2\/categories?post=8355"},{"taxonomy":"post_tag","embeddable":true,"href":"https:\/\/presidentjosemontilla.cat\/es\/wp-json\/wp\/v2\/tags?post=8355"},{"taxonomy":"post_series","embeddable":true,"href":"https:\/\/presidentjosemontilla.cat\/es\/wp-json\/wp\/v2\/post_series?post=8355"}],"curies":[{"name":"wp","href":"https:\/\/api.w.org\/{rel}","templated":true}]}}