{"id":953,"date":"2015-09-21T12:28:00","date_gmt":"2015-09-21T12:28:00","guid":{"rendered":"http:\/\/presidentjosemontilla.cat\/es\/?p=953"},"modified":"2020-07-20T08:33:22","modified_gmt":"2020-07-20T08:33:22","slug":"el-riesgo-de-la-resignacion","status":"publish","type":"post","link":"https:\/\/presidentjosemontilla.cat\/es\/el-riesgo-de-la-resignacion\/","title":{"rendered":"El riesgo de la resignaci\u00f3n"},"content":{"rendered":"<p><a href=\"http:\/\/presidentjosemontilla.cat\/wp-content\/uploads\/2013\/12\/Montilla-tribuna-Senat-2.jpg\"><img loading=\"lazy\" decoding=\"async\" class=\"alignleft size-medium wp-image-856\" src=\"http:\/\/presidentjosemontilla.cat\/wp-content\/uploads\/2013\/12\/Montilla-tribuna-Senat-2-300x200.jpg\" alt=\"Montilla tribuna Senat\" width=\"300\" height=\"200\" srcset=\"https:\/\/presidentjosemontilla.cat\/wp-content\/uploads\/2013\/12\/Montilla-tribuna-Senat-2-300x200.jpg 300w, https:\/\/presidentjosemontilla.cat\/wp-content\/uploads\/2013\/12\/Montilla-tribuna-Senat-2.jpg 639w\" sizes=\"auto, (max-width: 300px) 100vw, 300px\" \/><\/a><\/p>\n<p>&nbsp;<\/p>\n<p>&nbsp;<\/p>\n<p>&nbsp;<\/p>\n<p>&nbsp;<\/p>\n<p>&nbsp;<\/p>\n<p>&nbsp;<\/p>\n<p><span style=\"color: #ff0000\"><a href=\"http:\/\/presidentjosemontilla.cat\/wp-content\/uploads\/2014\/05\/20140513_DEBATE_INTERPELACION_MinistrodGuindos_MHP-2.pdf\"><span style=\"color: #ff0000\">Interpelaci\u00f3n del MHP Montilla al Ministro de Guindos<\/span><\/a><\/span><\/p>\n<p><span style=\"color: #ff0000\"><a title=\"v\u00eddeo interpel\u00b7laci\u00f3 de Guindos\" href=\"https:\/\/www.youtube.com\/watch?v=8d4It3UZZ40&amp;feature=youtu.be\" target=\"_blank\" rel=\"noopener noreferrer\"><span style=\"color: #ff0000\">VIDEO<\/span><\/a><\/span><\/p>\n","protected":false},"excerpt":{"rendered":"<p>&nbsp; &nbsp; &nbsp; &nbsp; &nbsp; &nbsp; Interpelaci\u00f3n del MHP Montilla al Ministro de Guindos VIDEO<\/p>\n","protected":false},"author":5,"featured_media":856,"comment_status":"open","ping_status":"open","sticky":false,"template":"","format":"standard","meta":{"footnotes":""},"categories":[3,4,8],"tags":[106,78,31],"post_series":[],"class_list":["post-953","post","type-post","status-publish","format-standard","has-post-thumbnail","hentry","category-actividad","category-opinion","category-textos-es","tag-de-guindos","tag-interpelacion","tag-senado","entry","has-media"],"yoast_head":"<!-- This site is optimized with the Yoast SEO plugin v27.5 - https:\/\/yoast.com\/product\/yoast-seo-wordpress\/ -->\n<title>El riesgo de la resignaci\u00f3n - President Jos\u00e9 Montilla<\/title>\n<meta name=\"robots\" content=\"index, follow, max-snippet:-1, max-image-preview:large, max-video-preview:-1\" \/>\n<link rel=\"canonical\" href=\"https:\/\/presidentjosemontilla.cat\/es\/el-riesgo-de-la-resignacion\/\" \/>\n<meta property=\"og:locale\" content=\"es_ES\" \/>\n<meta property=\"og:type\" content=\"article\" \/>\n<meta property=\"og:title\" content=\"El riesgo de la resignaci\u00f3n - President Jos\u00e9 Montilla\" \/>\n<meta property=\"og:description\" content=\"&nbsp; &nbsp; &nbsp; &nbsp; &nbsp; &nbsp; Interpelaci\u00f3n del MHP Montilla al Ministro de Guindos VIDEO\" \/>\n<meta property=\"og:url\" content=\"https:\/\/presidentjosemontilla.cat\/es\/el-riesgo-de-la-resignacion\/\" \/>\n<meta property=\"og:site_name\" content=\"President Jos\u00e9 Montilla\" \/>\n<meta property=\"article:published_time\" content=\"2015-09-21T12:28:00+00:00\" \/>\n<meta property=\"article:modified_time\" content=\"2020-07-20T08:33:22+00:00\" \/>\n<meta property=\"og:image\" content=\"https:\/\/presidentjosemontilla.cat\/wp-content\/uploads\/2013\/12\/Montilla-tribuna-Senat-2.jpg\" \/>\n\t<meta property=\"og:image:width\" content=\"639\" \/>\n\t<meta property=\"og:image:height\" content=\"426\" \/>\n\t<meta property=\"og:image:type\" content=\"image\/jpeg\" \/>\n<meta name=\"author\" content=\"Oficina de Jos\u00e9 Montilla\" \/>\n<meta name=\"twitter:card\" content=\"summary_large_image\" \/>\n<meta name=\"twitter:label1\" content=\"Escrito por\" \/>\n\t<meta name=\"twitter:data1\" content=\"Oficina de Jos\u00e9 Montilla\" \/>\n<script type=\"application\/ld+json\" class=\"yoast-schema-graph\">{\"@context\":\"https:\\\/\\\/schema.org\",\"@graph\":[{\"@type\":\"Article\",\"@id\":\"https:\\\/\\\/presidentjosemontilla.cat\\\/es\\\/el-riesgo-de-la-resignacion\\\/#article\",\"isPartOf\":{\"@id\":\"https:\\\/\\\/presidentjosemontilla.cat\\\/es\\\/el-riesgo-de-la-resignacion\\\/\"},\"author\":{\"name\":\"Oficina de Jos\u00e9 Montilla\",\"@id\":\"https:\\\/\\\/presidentjosemontilla.cat\\\/es\\\/#\\\/schema\\\/person\\\/f36cbd21c0ca240e3f825efdf1149484\"},\"headline\":\"El riesgo de la resignaci\u00f3n\",\"datePublished\":\"2015-09-21T12:28:00+00:00\",\"dateModified\":\"2020-07-20T08:33:22+00:00\",\"mainEntityOfPage\":{\"@id\":\"https:\\\/\\\/presidentjosemontilla.cat\\\/es\\\/el-riesgo-de-la-resignacion\\\/\"},\"wordCount\":22,\"commentCount\":0,\"publisher\":{\"@id\":\"https:\\\/\\\/presidentjosemontilla.cat\\\/es\\\/#organization\"},\"image\":{\"@id\":\"https:\\\/\\\/presidentjosemontilla.cat\\\/es\\\/el-riesgo-de-la-resignacion\\\/#primaryimage\"},\"thumbnailUrl\":\"https:\\\/\\\/presidentjosemontilla.cat\\\/wp-content\\\/uploads\\\/2013\\\/12\\\/Montilla-tribuna-Senat-2.jpg\",\"keywords\":[\"de Guindos\",\"interpelaci\u00f3n\",\"Senado\"],\"articleSection\":[\"Actividad\",\"Opini\u00f3n\",\"Textos\"],\"inLanguage\":\"es\",\"potentialAction\":[{\"@type\":\"CommentAction\",\"name\":\"Comment\",\"target\":[\"https:\\\/\\\/presidentjosemontilla.cat\\\/es\\\/el-riesgo-de-la-resignacion\\\/#respond\"]}]},{\"@type\":\"WebPage\",\"@id\":\"https:\\\/\\\/presidentjosemontilla.cat\\\/es\\\/el-riesgo-de-la-resignacion\\\/\",\"url\":\"https:\\\/\\\/presidentjosemontilla.cat\\\/es\\\/el-riesgo-de-la-resignacion\\\/\",\"name\":\"El riesgo de la resignaci\u00f3n - President Jos\u00e9 Montilla\",\"isPartOf\":{\"@id\":\"https:\\\/\\\/presidentjosemontilla.cat\\\/es\\\/#website\"},\"primaryImageOfPage\":{\"@id\":\"https:\\\/\\\/presidentjosemontilla.cat\\\/es\\\/el-riesgo-de-la-resignacion\\\/#primaryimage\"},\"image\":{\"@id\":\"https:\\\/\\\/presidentjosemontilla.cat\\\/es\\\/el-riesgo-de-la-resignacion\\\/#primaryimage\"},\"thumbnailUrl\":\"https:\\\/\\\/presidentjosemontilla.cat\\\/wp-content\\\/uploads\\\/2013\\\/12\\\/Montilla-tribuna-Senat-2.jpg\",\"datePublished\":\"2015-09-21T12:28:00+00:00\",\"dateModified\":\"2020-07-20T08:33:22+00:00\",\"breadcrumb\":{\"@id\":\"https:\\\/\\\/presidentjosemontilla.cat\\\/es\\\/el-riesgo-de-la-resignacion\\\/#breadcrumb\"},\"inLanguage\":\"es\",\"potentialAction\":[{\"@type\":\"ReadAction\",\"target\":[\"https:\\\/\\\/presidentjosemontilla.cat\\\/es\\\/el-riesgo-de-la-resignacion\\\/\"]}]},{\"@type\":\"ImageObject\",\"inLanguage\":\"es\",\"@id\":\"https:\\\/\\\/presidentjosemontilla.cat\\\/es\\\/el-riesgo-de-la-resignacion\\\/#primaryimage\",\"url\":\"https:\\\/\\\/presidentjosemontilla.cat\\\/wp-content\\\/uploads\\\/2013\\\/12\\\/Montilla-tribuna-Senat-2.jpg\",\"contentUrl\":\"https:\\\/\\\/presidentjosemontilla.cat\\\/wp-content\\\/uploads\\\/2013\\\/12\\\/Montilla-tribuna-Senat-2.jpg\",\"width\":639,\"height\":426},{\"@type\":\"BreadcrumbList\",\"@id\":\"https:\\\/\\\/presidentjosemontilla.cat\\\/es\\\/el-riesgo-de-la-resignacion\\\/#breadcrumb\",\"itemListElement\":[{\"@type\":\"ListItem\",\"position\":1,\"name\":\"Portada\",\"item\":\"https:\\\/\\\/presidentjosemontilla.cat\\\/es\\\/\"},{\"@type\":\"ListItem\",\"position\":2,\"name\":\"El riesgo de la resignaci\u00f3n\"}]},{\"@type\":\"WebSite\",\"@id\":\"https:\\\/\\\/presidentjosemontilla.cat\\\/es\\\/#website\",\"url\":\"https:\\\/\\\/presidentjosemontilla.cat\\\/es\\\/\",\"name\":\"President Jos\u00e9 Montilla\",\"description\":\"Web del 128\u00e8 president de la Generalitat de Catalunya\",\"publisher\":{\"@id\":\"https:\\\/\\\/presidentjosemontilla.cat\\\/es\\\/#organization\"},\"potentialAction\":[{\"@type\":\"SearchAction\",\"target\":{\"@type\":\"EntryPoint\",\"urlTemplate\":\"https:\\\/\\\/presidentjosemontilla.cat\\\/es\\\/?s={search_term_string}\"},\"query-input\":{\"@type\":\"PropertyValueSpecification\",\"valueRequired\":true,\"valueName\":\"search_term_string\"}}],\"inLanguage\":\"es\"},{\"@type\":\"Organization\",\"@id\":\"https:\\\/\\\/presidentjosemontilla.cat\\\/es\\\/#organization\",\"name\":\"President Jos\u00e9 Montilla\",\"url\":\"https:\\\/\\\/presidentjosemontilla.cat\\\/es\\\/\",\"logo\":{\"@type\":\"ImageObject\",\"inLanguage\":\"es\",\"@id\":\"https:\\\/\\\/presidentjosemontilla.cat\\\/es\\\/#\\\/schema\\\/logo\\\/image\\\/\",\"url\":\"https:\\\/\\\/presidentjosemontilla.cat\\\/wp-content\\\/uploads\\\/2019\\\/09\\\/logo2.png\",\"contentUrl\":\"https:\\\/\\\/presidentjosemontilla.cat\\\/wp-content\\\/uploads\\\/2019\\\/09\\\/logo2.png\",\"width\":350,\"height\":60,\"caption\":\"President Jos\u00e9 Montilla\"},\"image\":{\"@id\":\"https:\\\/\\\/presidentjosemontilla.cat\\\/es\\\/#\\\/schema\\\/logo\\\/image\\\/\"}},{\"@type\":\"Person\",\"@id\":\"https:\\\/\\\/presidentjosemontilla.cat\\\/es\\\/#\\\/schema\\\/person\\\/f36cbd21c0ca240e3f825efdf1149484\",\"name\":\"Oficina de Jos\u00e9 Montilla\",\"image\":{\"@type\":\"ImageObject\",\"inLanguage\":\"es\",\"@id\":\"https:\\\/\\\/secure.gravatar.com\\\/avatar\\\/33c91c345935ef6b4b0dea373a0addb58d127dab8ae459c970458ce720d66dad?s=96&d=mm&r=g\",\"url\":\"https:\\\/\\\/secure.gravatar.com\\\/avatar\\\/33c91c345935ef6b4b0dea373a0addb58d127dab8ae459c970458ce720d66dad?s=96&d=mm&r=g\",\"contentUrl\":\"https:\\\/\\\/secure.gravatar.com\\\/avatar\\\/33c91c345935ef6b4b0dea373a0addb58d127dab8ae459c970458ce720d66dad?s=96&d=mm&r=g\",\"caption\":\"Oficina de Jos\u00e9 Montilla\"},\"url\":\"https:\\\/\\\/presidentjosemontilla.cat\\\/es\\\/author\\\/oficina-jose-montilla\\\/\"}]}<\/script>\n<!-- \/ Yoast SEO plugin. -->","yoast_head_json":{"title":"El riesgo de la resignaci\u00f3n - President Jos\u00e9 Montilla","robots":{"index":"index","follow":"follow","max-snippet":"max-snippet:-1","max-image-preview":"max-image-preview:large","max-video-preview":"max-video-preview:-1"},"canonical":"https:\/\/presidentjosemontilla.cat\/es\/el-riesgo-de-la-resignacion\/","og_locale":"es_ES","og_type":"article","og_title":"El riesgo de la resignaci\u00f3n - President Jos\u00e9 Montilla","og_description":"&nbsp; &nbsp; &nbsp; &nbsp; &nbsp; &nbsp; Interpelaci\u00f3n del MHP Montilla al Ministro de Guindos VIDEO","og_url":"https:\/\/presidentjosemontilla.cat\/es\/el-riesgo-de-la-resignacion\/","og_site_name":"President Jos\u00e9 Montilla","article_published_time":"2015-09-21T12:28:00+00:00","article_modified_time":"2020-07-20T08:33:22+00:00","og_image":[{"width":639,"height":426,"url":"https:\/\/presidentjosemontilla.cat\/wp-content\/uploads\/2013\/12\/Montilla-tribuna-Senat-2.jpg","type":"image\/jpeg"}],"author":"Oficina de Jos\u00e9 Montilla","twitter_card":"summary_large_image","twitter_misc":{"Escrito por":"Oficina de Jos\u00e9 Montilla"},"schema":{"@context":"https:\/\/schema.org","@graph":[{"@type":"Article","@id":"https:\/\/presidentjosemontilla.cat\/es\/el-riesgo-de-la-resignacion\/#article","isPartOf":{"@id":"https:\/\/presidentjosemontilla.cat\/es\/el-riesgo-de-la-resignacion\/"},"author":{"name":"Oficina de Jos\u00e9 Montilla","@id":"https:\/\/presidentjosemontilla.cat\/es\/#\/schema\/person\/f36cbd21c0ca240e3f825efdf1149484"},"headline":"El riesgo de la resignaci\u00f3n","datePublished":"2015-09-21T12:28:00+00:00","dateModified":"2020-07-20T08:33:22+00:00","mainEntityOfPage":{"@id":"https:\/\/presidentjosemontilla.cat\/es\/el-riesgo-de-la-resignacion\/"},"wordCount":22,"commentCount":0,"publisher":{"@id":"https:\/\/presidentjosemontilla.cat\/es\/#organization"},"image":{"@id":"https:\/\/presidentjosemontilla.cat\/es\/el-riesgo-de-la-resignacion\/#primaryimage"},"thumbnailUrl":"https:\/\/presidentjosemontilla.cat\/wp-content\/uploads\/2013\/12\/Montilla-tribuna-Senat-2.jpg","keywords":["de Guindos","interpelaci\u00f3n","Senado"],"articleSection":["Actividad","Opini\u00f3n","Textos"],"inLanguage":"es","potentialAction":[{"@type":"CommentAction","name":"Comment","target":["https:\/\/presidentjosemontilla.cat\/es\/el-riesgo-de-la-resignacion\/#respond"]}]},{"@type":"WebPage","@id":"https:\/\/presidentjosemontilla.cat\/es\/el-riesgo-de-la-resignacion\/","url":"https:\/\/presidentjosemontilla.cat\/es\/el-riesgo-de-la-resignacion\/","name":"El riesgo de la resignaci\u00f3n - President Jos\u00e9 Montilla","isPartOf":{"@id":"https:\/\/presidentjosemontilla.cat\/es\/#website"},"primaryImageOfPage":{"@id":"https:\/\/presidentjosemontilla.cat\/es\/el-riesgo-de-la-resignacion\/#primaryimage"},"image":{"@id":"https:\/\/presidentjosemontilla.cat\/es\/el-riesgo-de-la-resignacion\/#primaryimage"},"thumbnailUrl":"https:\/\/presidentjosemontilla.cat\/wp-content\/uploads\/2013\/12\/Montilla-tribuna-Senat-2.jpg","datePublished":"2015-09-21T12:28:00+00:00","dateModified":"2020-07-20T08:33:22+00:00","breadcrumb":{"@id":"https:\/\/presidentjosemontilla.cat\/es\/el-riesgo-de-la-resignacion\/#breadcrumb"},"inLanguage":"es","potentialAction":[{"@type":"ReadAction","target":["https:\/\/presidentjosemontilla.cat\/es\/el-riesgo-de-la-resignacion\/"]}]},{"@type":"ImageObject","inLanguage":"es","@id":"https:\/\/presidentjosemontilla.cat\/es\/el-riesgo-de-la-resignacion\/#primaryimage","url":"https:\/\/presidentjosemontilla.cat\/wp-content\/uploads\/2013\/12\/Montilla-tribuna-Senat-2.jpg","contentUrl":"https:\/\/presidentjosemontilla.cat\/wp-content\/uploads\/2013\/12\/Montilla-tribuna-Senat-2.jpg","width":639,"height":426},{"@type":"BreadcrumbList","@id":"https:\/\/presidentjosemontilla.cat\/es\/el-riesgo-de-la-resignacion\/#breadcrumb","itemListElement":[{"@type":"ListItem","position":1,"name":"Portada","item":"https:\/\/presidentjosemontilla.cat\/es\/"},{"@type":"ListItem","position":2,"name":"El riesgo de la resignaci\u00f3n"}]},{"@type":"WebSite","@id":"https:\/\/presidentjosemontilla.cat\/es\/#website","url":"https:\/\/presidentjosemontilla.cat\/es\/","name":"President Jos\u00e9 Montilla","description":"Web del 128\u00e8 president de la Generalitat de Catalunya","publisher":{"@id":"https:\/\/presidentjosemontilla.cat\/es\/#organization"},"potentialAction":[{"@type":"SearchAction","target":{"@type":"EntryPoint","urlTemplate":"https:\/\/presidentjosemontilla.cat\/es\/?s={search_term_string}"},"query-input":{"@type":"PropertyValueSpecification","valueRequired":true,"valueName":"search_term_string"}}],"inLanguage":"es"},{"@type":"Organization","@id":"https:\/\/presidentjosemontilla.cat\/es\/#organization","name":"President Jos\u00e9 Montilla","url":"https:\/\/presidentjosemontilla.cat\/es\/","logo":{"@type":"ImageObject","inLanguage":"es","@id":"https:\/\/presidentjosemontilla.cat\/es\/#\/schema\/logo\/image\/","url":"https:\/\/presidentjosemontilla.cat\/wp-content\/uploads\/2019\/09\/logo2.png","contentUrl":"https:\/\/presidentjosemontilla.cat\/wp-content\/uploads\/2019\/09\/logo2.png","width":350,"height":60,"caption":"President Jos\u00e9 Montilla"},"image":{"@id":"https:\/\/presidentjosemontilla.cat\/es\/#\/schema\/logo\/image\/"}},{"@type":"Person","@id":"https:\/\/presidentjosemontilla.cat\/es\/#\/schema\/person\/f36cbd21c0ca240e3f825efdf1149484","name":"Oficina de Jos\u00e9 Montilla","image":{"@type":"ImageObject","inLanguage":"es","@id":"https:\/\/secure.gravatar.com\/avatar\/33c91c345935ef6b4b0dea373a0addb58d127dab8ae459c970458ce720d66dad?s=96&d=mm&r=g","url":"https:\/\/secure.gravatar.com\/avatar\/33c91c345935ef6b4b0dea373a0addb58d127dab8ae459c970458ce720d66dad?s=96&d=mm&r=g","contentUrl":"https:\/\/secure.gravatar.com\/avatar\/33c91c345935ef6b4b0dea373a0addb58d127dab8ae459c970458ce720d66dad?s=96&d=mm&r=g","caption":"Oficina de Jos\u00e9 Montilla"},"url":"https:\/\/presidentjosemontilla.cat\/es\/author\/oficina-jose-montilla\/"}]}},"_links":{"self":[{"href":"https:\/\/presidentjosemontilla.cat\/es\/wp-json\/wp\/v2\/posts\/953","targetHints":{"allow":["GET"]}}],"collection":[{"href":"https:\/\/presidentjosemontilla.cat\/es\/wp-json\/wp\/v2\/posts"}],"about":[{"href":"https:\/\/presidentjosemontilla.cat\/es\/wp-json\/wp\/v2\/types\/post"}],"author":[{"embeddable":true,"href":"https:\/\/presidentjosemontilla.cat\/es\/wp-json\/wp\/v2\/users\/5"}],"replies":[{"embeddable":true,"href":"https:\/\/presidentjosemontilla.cat\/es\/wp-json\/wp\/v2\/comments?post=953"}],"version-history":[{"count":1,"href":"https:\/\/presidentjosemontilla.cat\/es\/wp-json\/wp\/v2\/posts\/953\/revisions"}],"predecessor-version":[{"id":5158,"href":"https:\/\/presidentjosemontilla.cat\/es\/wp-json\/wp\/v2\/posts\/953\/revisions\/5158"}],"wp:featuredmedia":[{"embeddable":true,"href":"https:\/\/presidentjosemontilla.cat\/es\/wp-json\/wp\/v2\/media\/856"}],"wp:attachment":[{"href":"https:\/\/presidentjosemontilla.cat\/es\/wp-json\/wp\/v2\/media?parent=953"}],"wp:term":[{"taxonomy":"category","embeddable":true,"href":"https:\/\/presidentjosemontilla.cat\/es\/wp-json\/wp\/v2\/categories?post=953"},{"taxonomy":"post_tag","embeddable":true,"href":"https:\/\/presidentjosemontilla.cat\/es\/wp-json\/wp\/v2\/tags?post=953"},{"taxonomy":"post_series","embeddable":true,"href":"https:\/\/presidentjosemontilla.cat\/es\/wp-json\/wp\/v2\/post_series?post=953"}],"curies":[{"name":"wp","href":"https:\/\/api.w.org\/{rel}","templated":true}]}}