{"id":961,"date":"2014-06-06T08:45:45","date_gmt":"2014-06-06T07:45:45","guid":{"rendered":"http:\/\/presidentjosemontilla.cat\/es\/?p=961"},"modified":"2014-06-06T08:45:45","modified_gmt":"2014-06-06T07:45:45","slug":"mi-vision-de-las-cosas","status":"publish","type":"post","link":"https:\/\/presidentjosemontilla.cat\/es\/mi-vision-de-las-cosas\/","title":{"rendered":"\u00abMi visi\u00f3n de las cosas\u00bb"},"content":{"rendered":"<p style=\"text-align: justify\"><a href=\"http:\/\/presidentjosemontilla.cat\/wp-content\/uploads\/2014\/06\/MHP_Puente_Genil_FINAL-2.jpg\"><img loading=\"lazy\" decoding=\"async\" class=\"alignleft size-medium wp-image-962\" src=\"http:\/\/presidentjosemontilla.cat\/wp-content\/uploads\/2014\/06\/MHP_Puente_Genil_FINAL-2-300x239.jpg\" alt=\"MHP_Puente_Genil_FINAL\" width=\"300\" height=\"239\" \/><\/a>El president Montilla ha realizado una conferencia en Puente Genil, en el marco del centenario de la Agrupaci\u00f3n Local del PSOE.<\/p>\n<p style=\"text-align: justify\">A continuaci\u00f3n, facilitamos el texto completo de su intervenci\u00f3n.<\/p>\n<p style=\"text-align: justify\"><span style=\"color: #ff0000\"><a href=\"http:\/\/presidentjosemontilla.cat\/wp-content\/uploads\/2014\/06\/Intervenci\u00f3n_MHP_Puente_Genil-2.pdf\"><span style=\"color: #ff0000\">ENLACE<\/span><\/a><\/span><\/p>\n","protected":false},"excerpt":{"rendered":"<p>El president Montilla ha realizado una conferencia en Puente Genil, en el marco del centenario de la Agrupaci\u00f3n Local del PSOE. A continuaci\u00f3n, facilitamos el texto completo de su intervenci\u00f3n. ENLACE<\/p>\n","protected":false},"author":5,"featured_media":962,"comment_status":"open","ping_status":"open","sticky":false,"template":"","format":"standard","meta":{"footnotes":""},"categories":[3,4,5],"tags":[79],"post_series":[],"class_list":["post-961","post","type-post","status-publish","format-standard","has-post-thumbnail","hentry","category-actividad","category-opinion","category-reflexiones-compartidas","tag-montilla-puente-genil-conferencia","entry","has-media"],"yoast_head":"<!-- This site is optimized with the Yoast SEO plugin v27.5 - https:\/\/yoast.com\/product\/yoast-seo-wordpress\/ -->\n<title>&quot;Mi visi\u00f3n de las cosas&quot; - President Jos\u00e9 Montilla<\/title>\n<meta name=\"robots\" content=\"index, follow, max-snippet:-1, max-image-preview:large, max-video-preview:-1\" \/>\n<link rel=\"canonical\" href=\"https:\/\/presidentjosemontilla.cat\/es\/mi-vision-de-las-cosas\/\" \/>\n<meta property=\"og:locale\" content=\"es_ES\" \/>\n<meta property=\"og:type\" content=\"article\" \/>\n<meta property=\"og:title\" content=\"&quot;Mi visi\u00f3n de las cosas&quot; - President Jos\u00e9 Montilla\" \/>\n<meta property=\"og:description\" content=\"El president Montilla ha realizado una conferencia en Puente Genil, en el marco del centenario de la Agrupaci\u00f3n Local del PSOE. A continuaci\u00f3n, facilitamos el texto completo de su intervenci\u00f3n. ENLACE\" \/>\n<meta property=\"og:url\" content=\"https:\/\/presidentjosemontilla.cat\/es\/mi-vision-de-las-cosas\/\" \/>\n<meta property=\"og:site_name\" content=\"President Jos\u00e9 Montilla\" \/>\n<meta property=\"article:published_time\" content=\"2014-06-06T07:45:45+00:00\" \/>\n<meta property=\"og:image\" content=\"https:\/\/presidentjosemontilla.cat\/wp-content\/uploads\/2014\/06\/MHP_Puente_Genil_FINAL-2.jpg\" \/>\n\t<meta property=\"og:image:width\" content=\"544\" \/>\n\t<meta property=\"og:image:height\" content=\"435\" \/>\n\t<meta property=\"og:image:type\" content=\"image\/jpeg\" \/>\n<meta name=\"author\" content=\"Oficina de Jos\u00e9 Montilla\" \/>\n<meta name=\"twitter:card\" content=\"summary_large_image\" \/>\n<meta name=\"twitter:label1\" content=\"Escrito por\" \/>\n\t<meta name=\"twitter:data1\" content=\"Oficina de Jos\u00e9 Montilla\" \/>\n<script type=\"application\/ld+json\" class=\"yoast-schema-graph\">{\"@context\":\"https:\\\/\\\/schema.org\",\"@graph\":[{\"@type\":\"Article\",\"@id\":\"https:\\\/\\\/presidentjosemontilla.cat\\\/es\\\/mi-vision-de-las-cosas\\\/#article\",\"isPartOf\":{\"@id\":\"https:\\\/\\\/presidentjosemontilla.cat\\\/es\\\/mi-vision-de-las-cosas\\\/\"},\"author\":{\"name\":\"Oficina de Jos\u00e9 Montilla\",\"@id\":\"https:\\\/\\\/presidentjosemontilla.cat\\\/es\\\/#\\\/schema\\\/person\\\/f36cbd21c0ca240e3f825efdf1149484\"},\"headline\":\"\u00abMi visi\u00f3n de las cosas\u00bb\",\"datePublished\":\"2014-06-06T07:45:45+00:00\",\"mainEntityOfPage\":{\"@id\":\"https:\\\/\\\/presidentjosemontilla.cat\\\/es\\\/mi-vision-de-las-cosas\\\/\"},\"wordCount\":40,\"commentCount\":0,\"publisher\":{\"@id\":\"https:\\\/\\\/presidentjosemontilla.cat\\\/es\\\/#organization\"},\"image\":{\"@id\":\"https:\\\/\\\/presidentjosemontilla.cat\\\/es\\\/mi-vision-de-las-cosas\\\/#primaryimage\"},\"thumbnailUrl\":\"https:\\\/\\\/presidentjosemontilla.cat\\\/wp-content\\\/uploads\\\/2014\\\/06\\\/MHP_Puente_Genil_FINAL-2.jpg\",\"keywords\":[\"Montilla; Puente Genil; Conferencia\"],\"articleSection\":[\"Actividad\",\"Opini\u00f3n\",\"Reflexiones compartidas\"],\"inLanguage\":\"es\",\"potentialAction\":[{\"@type\":\"CommentAction\",\"name\":\"Comment\",\"target\":[\"https:\\\/\\\/presidentjosemontilla.cat\\\/es\\\/mi-vision-de-las-cosas\\\/#respond\"]}]},{\"@type\":\"WebPage\",\"@id\":\"https:\\\/\\\/presidentjosemontilla.cat\\\/es\\\/mi-vision-de-las-cosas\\\/\",\"url\":\"https:\\\/\\\/presidentjosemontilla.cat\\\/es\\\/mi-vision-de-las-cosas\\\/\",\"name\":\"\\\"Mi visi\u00f3n de las cosas\\\" - President Jos\u00e9 Montilla\",\"isPartOf\":{\"@id\":\"https:\\\/\\\/presidentjosemontilla.cat\\\/es\\\/#website\"},\"primaryImageOfPage\":{\"@id\":\"https:\\\/\\\/presidentjosemontilla.cat\\\/es\\\/mi-vision-de-las-cosas\\\/#primaryimage\"},\"image\":{\"@id\":\"https:\\\/\\\/presidentjosemontilla.cat\\\/es\\\/mi-vision-de-las-cosas\\\/#primaryimage\"},\"thumbnailUrl\":\"https:\\\/\\\/presidentjosemontilla.cat\\\/wp-content\\\/uploads\\\/2014\\\/06\\\/MHP_Puente_Genil_FINAL-2.jpg\",\"datePublished\":\"2014-06-06T07:45:45+00:00\",\"breadcrumb\":{\"@id\":\"https:\\\/\\\/presidentjosemontilla.cat\\\/es\\\/mi-vision-de-las-cosas\\\/#breadcrumb\"},\"inLanguage\":\"es\",\"potentialAction\":[{\"@type\":\"ReadAction\",\"target\":[\"https:\\\/\\\/presidentjosemontilla.cat\\\/es\\\/mi-vision-de-las-cosas\\\/\"]}]},{\"@type\":\"ImageObject\",\"inLanguage\":\"es\",\"@id\":\"https:\\\/\\\/presidentjosemontilla.cat\\\/es\\\/mi-vision-de-las-cosas\\\/#primaryimage\",\"url\":\"https:\\\/\\\/presidentjosemontilla.cat\\\/wp-content\\\/uploads\\\/2014\\\/06\\\/MHP_Puente_Genil_FINAL-2.jpg\",\"contentUrl\":\"https:\\\/\\\/presidentjosemontilla.cat\\\/wp-content\\\/uploads\\\/2014\\\/06\\\/MHP_Puente_Genil_FINAL-2.jpg\",\"width\":544,\"height\":435},{\"@type\":\"BreadcrumbList\",\"@id\":\"https:\\\/\\\/presidentjosemontilla.cat\\\/es\\\/mi-vision-de-las-cosas\\\/#breadcrumb\",\"itemListElement\":[{\"@type\":\"ListItem\",\"position\":1,\"name\":\"Portada\",\"item\":\"https:\\\/\\\/presidentjosemontilla.cat\\\/es\\\/\"},{\"@type\":\"ListItem\",\"position\":2,\"name\":\"&#8220;Mi visi\u00f3n de las cosas&#8221;\"}]},{\"@type\":\"WebSite\",\"@id\":\"https:\\\/\\\/presidentjosemontilla.cat\\\/es\\\/#website\",\"url\":\"https:\\\/\\\/presidentjosemontilla.cat\\\/es\\\/\",\"name\":\"President Jos\u00e9 Montilla\",\"description\":\"Web del 128\u00e8 president de la Generalitat de Catalunya\",\"publisher\":{\"@id\":\"https:\\\/\\\/presidentjosemontilla.cat\\\/es\\\/#organization\"},\"potentialAction\":[{\"@type\":\"SearchAction\",\"target\":{\"@type\":\"EntryPoint\",\"urlTemplate\":\"https:\\\/\\\/presidentjosemontilla.cat\\\/es\\\/?s={search_term_string}\"},\"query-input\":{\"@type\":\"PropertyValueSpecification\",\"valueRequired\":true,\"valueName\":\"search_term_string\"}}],\"inLanguage\":\"es\"},{\"@type\":\"Organization\",\"@id\":\"https:\\\/\\\/presidentjosemontilla.cat\\\/es\\\/#organization\",\"name\":\"President Jos\u00e9 Montilla\",\"url\":\"https:\\\/\\\/presidentjosemontilla.cat\\\/es\\\/\",\"logo\":{\"@type\":\"ImageObject\",\"inLanguage\":\"es\",\"@id\":\"https:\\\/\\\/presidentjosemontilla.cat\\\/es\\\/#\\\/schema\\\/logo\\\/image\\\/\",\"url\":\"https:\\\/\\\/presidentjosemontilla.cat\\\/wp-content\\\/uploads\\\/2019\\\/09\\\/logo2.png\",\"contentUrl\":\"https:\\\/\\\/presidentjosemontilla.cat\\\/wp-content\\\/uploads\\\/2019\\\/09\\\/logo2.png\",\"width\":350,\"height\":60,\"caption\":\"President Jos\u00e9 Montilla\"},\"image\":{\"@id\":\"https:\\\/\\\/presidentjosemontilla.cat\\\/es\\\/#\\\/schema\\\/logo\\\/image\\\/\"}},{\"@type\":\"Person\",\"@id\":\"https:\\\/\\\/presidentjosemontilla.cat\\\/es\\\/#\\\/schema\\\/person\\\/f36cbd21c0ca240e3f825efdf1149484\",\"name\":\"Oficina de Jos\u00e9 Montilla\",\"image\":{\"@type\":\"ImageObject\",\"inLanguage\":\"es\",\"@id\":\"https:\\\/\\\/secure.gravatar.com\\\/avatar\\\/33c91c345935ef6b4b0dea373a0addb58d127dab8ae459c970458ce720d66dad?s=96&d=mm&r=g\",\"url\":\"https:\\\/\\\/secure.gravatar.com\\\/avatar\\\/33c91c345935ef6b4b0dea373a0addb58d127dab8ae459c970458ce720d66dad?s=96&d=mm&r=g\",\"contentUrl\":\"https:\\\/\\\/secure.gravatar.com\\\/avatar\\\/33c91c345935ef6b4b0dea373a0addb58d127dab8ae459c970458ce720d66dad?s=96&d=mm&r=g\",\"caption\":\"Oficina de Jos\u00e9 Montilla\"},\"url\":\"https:\\\/\\\/presidentjosemontilla.cat\\\/es\\\/author\\\/oficina-jose-montilla\\\/\"}]}<\/script>\n<!-- \/ Yoast SEO plugin. -->","yoast_head_json":{"title":"\"Mi visi\u00f3n de las cosas\" - President Jos\u00e9 Montilla","robots":{"index":"index","follow":"follow","max-snippet":"max-snippet:-1","max-image-preview":"max-image-preview:large","max-video-preview":"max-video-preview:-1"},"canonical":"https:\/\/presidentjosemontilla.cat\/es\/mi-vision-de-las-cosas\/","og_locale":"es_ES","og_type":"article","og_title":"\"Mi visi\u00f3n de las cosas\" - President Jos\u00e9 Montilla","og_description":"El president Montilla ha realizado una conferencia en Puente Genil, en el marco del centenario de la Agrupaci\u00f3n Local del PSOE. A continuaci\u00f3n, facilitamos el texto completo de su intervenci\u00f3n. ENLACE","og_url":"https:\/\/presidentjosemontilla.cat\/es\/mi-vision-de-las-cosas\/","og_site_name":"President Jos\u00e9 Montilla","article_published_time":"2014-06-06T07:45:45+00:00","og_image":[{"width":544,"height":435,"url":"https:\/\/presidentjosemontilla.cat\/wp-content\/uploads\/2014\/06\/MHP_Puente_Genil_FINAL-2.jpg","type":"image\/jpeg"}],"author":"Oficina de Jos\u00e9 Montilla","twitter_card":"summary_large_image","twitter_misc":{"Escrito por":"Oficina de Jos\u00e9 Montilla"},"schema":{"@context":"https:\/\/schema.org","@graph":[{"@type":"Article","@id":"https:\/\/presidentjosemontilla.cat\/es\/mi-vision-de-las-cosas\/#article","isPartOf":{"@id":"https:\/\/presidentjosemontilla.cat\/es\/mi-vision-de-las-cosas\/"},"author":{"name":"Oficina de Jos\u00e9 Montilla","@id":"https:\/\/presidentjosemontilla.cat\/es\/#\/schema\/person\/f36cbd21c0ca240e3f825efdf1149484"},"headline":"\u00abMi visi\u00f3n de las cosas\u00bb","datePublished":"2014-06-06T07:45:45+00:00","mainEntityOfPage":{"@id":"https:\/\/presidentjosemontilla.cat\/es\/mi-vision-de-las-cosas\/"},"wordCount":40,"commentCount":0,"publisher":{"@id":"https:\/\/presidentjosemontilla.cat\/es\/#organization"},"image":{"@id":"https:\/\/presidentjosemontilla.cat\/es\/mi-vision-de-las-cosas\/#primaryimage"},"thumbnailUrl":"https:\/\/presidentjosemontilla.cat\/wp-content\/uploads\/2014\/06\/MHP_Puente_Genil_FINAL-2.jpg","keywords":["Montilla; Puente Genil; Conferencia"],"articleSection":["Actividad","Opini\u00f3n","Reflexiones compartidas"],"inLanguage":"es","potentialAction":[{"@type":"CommentAction","name":"Comment","target":["https:\/\/presidentjosemontilla.cat\/es\/mi-vision-de-las-cosas\/#respond"]}]},{"@type":"WebPage","@id":"https:\/\/presidentjosemontilla.cat\/es\/mi-vision-de-las-cosas\/","url":"https:\/\/presidentjosemontilla.cat\/es\/mi-vision-de-las-cosas\/","name":"\"Mi visi\u00f3n de las cosas\" - President Jos\u00e9 Montilla","isPartOf":{"@id":"https:\/\/presidentjosemontilla.cat\/es\/#website"},"primaryImageOfPage":{"@id":"https:\/\/presidentjosemontilla.cat\/es\/mi-vision-de-las-cosas\/#primaryimage"},"image":{"@id":"https:\/\/presidentjosemontilla.cat\/es\/mi-vision-de-las-cosas\/#primaryimage"},"thumbnailUrl":"https:\/\/presidentjosemontilla.cat\/wp-content\/uploads\/2014\/06\/MHP_Puente_Genil_FINAL-2.jpg","datePublished":"2014-06-06T07:45:45+00:00","breadcrumb":{"@id":"https:\/\/presidentjosemontilla.cat\/es\/mi-vision-de-las-cosas\/#breadcrumb"},"inLanguage":"es","potentialAction":[{"@type":"ReadAction","target":["https:\/\/presidentjosemontilla.cat\/es\/mi-vision-de-las-cosas\/"]}]},{"@type":"ImageObject","inLanguage":"es","@id":"https:\/\/presidentjosemontilla.cat\/es\/mi-vision-de-las-cosas\/#primaryimage","url":"https:\/\/presidentjosemontilla.cat\/wp-content\/uploads\/2014\/06\/MHP_Puente_Genil_FINAL-2.jpg","contentUrl":"https:\/\/presidentjosemontilla.cat\/wp-content\/uploads\/2014\/06\/MHP_Puente_Genil_FINAL-2.jpg","width":544,"height":435},{"@type":"BreadcrumbList","@id":"https:\/\/presidentjosemontilla.cat\/es\/mi-vision-de-las-cosas\/#breadcrumb","itemListElement":[{"@type":"ListItem","position":1,"name":"Portada","item":"https:\/\/presidentjosemontilla.cat\/es\/"},{"@type":"ListItem","position":2,"name":"&#8220;Mi visi\u00f3n de las cosas&#8221;"}]},{"@type":"WebSite","@id":"https:\/\/presidentjosemontilla.cat\/es\/#website","url":"https:\/\/presidentjosemontilla.cat\/es\/","name":"President Jos\u00e9 Montilla","description":"Web del 128\u00e8 president de la Generalitat de Catalunya","publisher":{"@id":"https:\/\/presidentjosemontilla.cat\/es\/#organization"},"potentialAction":[{"@type":"SearchAction","target":{"@type":"EntryPoint","urlTemplate":"https:\/\/presidentjosemontilla.cat\/es\/?s={search_term_string}"},"query-input":{"@type":"PropertyValueSpecification","valueRequired":true,"valueName":"search_term_string"}}],"inLanguage":"es"},{"@type":"Organization","@id":"https:\/\/presidentjosemontilla.cat\/es\/#organization","name":"President Jos\u00e9 Montilla","url":"https:\/\/presidentjosemontilla.cat\/es\/","logo":{"@type":"ImageObject","inLanguage":"es","@id":"https:\/\/presidentjosemontilla.cat\/es\/#\/schema\/logo\/image\/","url":"https:\/\/presidentjosemontilla.cat\/wp-content\/uploads\/2019\/09\/logo2.png","contentUrl":"https:\/\/presidentjosemontilla.cat\/wp-content\/uploads\/2019\/09\/logo2.png","width":350,"height":60,"caption":"President Jos\u00e9 Montilla"},"image":{"@id":"https:\/\/presidentjosemontilla.cat\/es\/#\/schema\/logo\/image\/"}},{"@type":"Person","@id":"https:\/\/presidentjosemontilla.cat\/es\/#\/schema\/person\/f36cbd21c0ca240e3f825efdf1149484","name":"Oficina de Jos\u00e9 Montilla","image":{"@type":"ImageObject","inLanguage":"es","@id":"https:\/\/secure.gravatar.com\/avatar\/33c91c345935ef6b4b0dea373a0addb58d127dab8ae459c970458ce720d66dad?s=96&d=mm&r=g","url":"https:\/\/secure.gravatar.com\/avatar\/33c91c345935ef6b4b0dea373a0addb58d127dab8ae459c970458ce720d66dad?s=96&d=mm&r=g","contentUrl":"https:\/\/secure.gravatar.com\/avatar\/33c91c345935ef6b4b0dea373a0addb58d127dab8ae459c970458ce720d66dad?s=96&d=mm&r=g","caption":"Oficina de Jos\u00e9 Montilla"},"url":"https:\/\/presidentjosemontilla.cat\/es\/author\/oficina-jose-montilla\/"}]}},"_links":{"self":[{"href":"https:\/\/presidentjosemontilla.cat\/es\/wp-json\/wp\/v2\/posts\/961","targetHints":{"allow":["GET"]}}],"collection":[{"href":"https:\/\/presidentjosemontilla.cat\/es\/wp-json\/wp\/v2\/posts"}],"about":[{"href":"https:\/\/presidentjosemontilla.cat\/es\/wp-json\/wp\/v2\/types\/post"}],"author":[{"embeddable":true,"href":"https:\/\/presidentjosemontilla.cat\/es\/wp-json\/wp\/v2\/users\/5"}],"replies":[{"embeddable":true,"href":"https:\/\/presidentjosemontilla.cat\/es\/wp-json\/wp\/v2\/comments?post=961"}],"version-history":[{"count":0,"href":"https:\/\/presidentjosemontilla.cat\/es\/wp-json\/wp\/v2\/posts\/961\/revisions"}],"wp:featuredmedia":[{"embeddable":true,"href":"https:\/\/presidentjosemontilla.cat\/es\/wp-json\/wp\/v2\/media\/962"}],"wp:attachment":[{"href":"https:\/\/presidentjosemontilla.cat\/es\/wp-json\/wp\/v2\/media?parent=961"}],"wp:term":[{"taxonomy":"category","embeddable":true,"href":"https:\/\/presidentjosemontilla.cat\/es\/wp-json\/wp\/v2\/categories?post=961"},{"taxonomy":"post_tag","embeddable":true,"href":"https:\/\/presidentjosemontilla.cat\/es\/wp-json\/wp\/v2\/tags?post=961"},{"taxonomy":"post_series","embeddable":true,"href":"https:\/\/presidentjosemontilla.cat\/es\/wp-json\/wp\/v2\/post_series?post=961"}],"curies":[{"name":"wp","href":"https:\/\/api.w.org\/{rel}","templated":true}]}}