{"id":9931,"date":"2025-12-29T13:31:33","date_gmt":"2025-12-29T12:31:33","guid":{"rendered":"https:\/\/presidentjosemontilla.cat\/a-madrid-hi-ha-una-casta-de-persones-que-es-creuen-que-espanya-son-ells-i-que-espanya-es-madrid\/"},"modified":"2026-03-31T14:03:34","modified_gmt":"2026-03-31T12:03:34","slug":"en-madrid-hay-una-casta-de-persones-que-se-creen-que-espana-son-ellos-y-que-espana-es-madrid","status":"publish","type":"post","link":"https:\/\/presidentjosemontilla.cat\/es\/en-madrid-hay-una-casta-de-persones-que-se-creen-que-espana-son-ellos-y-que-espana-es-madrid\/","title":{"rendered":"En Madrid hay una casta de personas que se creen que Espa\u00f1a son ellos y que Espa\u00f1a es Madrid."},"content":{"rendered":"<p>Este fin de semana se ha publicado en el diario <a href=\"https:\/\/www.noticiasdenavarra.com\/\" target=\"_blank\" rel=\"noopener\">\u00a0Noticias de Navarra<\/a>, una entrevista hecha por el periodista Jes\u00fas Barcos.<\/p>\n<p>Hablamos de la situaci\u00f3n pol\u00edtica actual, tanto en Espa\u00f1a y Catalunya, como de la pol\u00edtica europea e internacional.<\/p>\n<p>Pod\u00e9is leer la entrevista siguiendo este <a href=\"https:\/\/www.noticiasdenavarra.com\/politica\/2025\/12\/27\/madrid-hay-casta-personas-creen-10516295.html\" target=\"_blank\" rel=\"noopener\">enlace<\/a>.<\/p>\n","protected":false},"excerpt":{"rendered":"<p>Este fin de semana se ha publicado en el diario \u00a0Noticias de Navarra, una entrevista hecha por el periodista Jes\u00fas Barcos. Hablamos de la situaci\u00f3n pol\u00edtica actual, tanto en Espa\u00f1a y Catalunya, como de la pol\u00edtica europea e internacional. Pod\u00e9is&hellip;<\/p>\n","protected":false},"author":10,"featured_media":7792,"comment_status":"open","ping_status":"open","sticky":false,"template":"","format":"standard","meta":{"footnotes":""},"categories":[3,908,4],"tags":[19,1349,2037],"post_series":[],"class_list":["post-9931","post","type-post","status-publish","format-standard","has-post-thumbnail","hentry","category-actividad","category-medios-de-comunicacion","category-opinion","tag-catalunya","tag-espanya-es","tag-noticias-de-navarra","entry","has-media"],"yoast_head":"<!-- This site is optimized with the Yoast SEO plugin v27.5 - https:\/\/yoast.com\/product\/yoast-seo-wordpress\/ -->\n<title>En Madrid hay una casta de personas que se creen que Espa\u00f1a son ellos y que Espa\u00f1a es Madrid. - President Jos\u00e9 Montilla<\/title>\n<meta name=\"robots\" content=\"index, follow, max-snippet:-1, max-image-preview:large, max-video-preview:-1\" \/>\n<link rel=\"canonical\" href=\"https:\/\/presidentjosemontilla.cat\/es\/en-madrid-hay-una-casta-de-persones-que-se-creen-que-espana-son-ellos-y-que-espana-es-madrid\/\" \/>\n<meta property=\"og:locale\" content=\"es_ES\" \/>\n<meta property=\"og:type\" content=\"article\" \/>\n<meta property=\"og:title\" content=\"En Madrid hay una casta de personas que se creen que Espa\u00f1a son ellos y que Espa\u00f1a es Madrid. - President Jos\u00e9 Montilla\" \/>\n<meta property=\"og:description\" content=\"Este fin de semana se ha publicado en el diario \u00a0Noticias de Navarra, una entrevista hecha por el periodista Jes\u00fas Barcos. Hablamos de la situaci\u00f3n pol\u00edtica actual, tanto en Espa\u00f1a y Catalunya, como de la pol\u00edtica europea e internacional. Pod\u00e9is&hellip;\" \/>\n<meta property=\"og:url\" content=\"https:\/\/presidentjosemontilla.cat\/es\/en-madrid-hay-una-casta-de-persones-que-se-creen-que-espana-son-ellos-y-que-espana-es-madrid\/\" \/>\n<meta property=\"og:site_name\" content=\"President Jos\u00e9 Montilla\" \/>\n<meta property=\"article:published_time\" content=\"2025-12-29T12:31:33+00:00\" \/>\n<meta property=\"article:modified_time\" content=\"2026-03-31T12:03:34+00:00\" \/>\n<meta property=\"og:image\" content=\"https:\/\/presidentjosemontilla.cat\/wp-content\/uploads\/2023\/04\/DSC_9885ps-copia-1-scaled-e1767011466515.jpg\" \/>\n\t<meta property=\"og:image:width\" content=\"2010\" \/>\n\t<meta property=\"og:image:height\" content=\"2560\" \/>\n\t<meta property=\"og:image:type\" content=\"image\/jpeg\" \/>\n<meta name=\"author\" content=\"Jessica Revestido Romero\" \/>\n<meta name=\"twitter:card\" content=\"summary_large_image\" \/>\n<meta name=\"twitter:label1\" content=\"Escrito por\" \/>\n\t<meta name=\"twitter:data1\" content=\"Jessica Revestido Romero\" \/>\n\t<meta name=\"twitter:label2\" content=\"Tiempo de lectura\" \/>\n\t<meta name=\"twitter:data2\" content=\"1 minuto\" \/>\n<script type=\"application\/ld+json\" class=\"yoast-schema-graph\">{\"@context\":\"https:\\\/\\\/schema.org\",\"@graph\":[{\"@type\":\"Article\",\"@id\":\"https:\\\/\\\/presidentjosemontilla.cat\\\/es\\\/en-madrid-hay-una-casta-de-persones-que-se-creen-que-espana-son-ellos-y-que-espana-es-madrid\\\/#article\",\"isPartOf\":{\"@id\":\"https:\\\/\\\/presidentjosemontilla.cat\\\/es\\\/en-madrid-hay-una-casta-de-persones-que-se-creen-que-espana-son-ellos-y-que-espana-es-madrid\\\/\"},\"author\":{\"name\":\"Jessica Revestido Romero\",\"@id\":\"https:\\\/\\\/presidentjosemontilla.cat\\\/es\\\/#\\\/schema\\\/person\\\/62493e1116e8949483d9ab379453b20d\"},\"headline\":\"En Madrid hay una casta de personas que se creen que Espa\u00f1a son ellos y que Espa\u00f1a es Madrid.\",\"datePublished\":\"2025-12-29T12:31:33+00:00\",\"dateModified\":\"2026-03-31T12:03:34+00:00\",\"mainEntityOfPage\":{\"@id\":\"https:\\\/\\\/presidentjosemontilla.cat\\\/es\\\/en-madrid-hay-una-casta-de-persones-que-se-creen-que-espana-son-ellos-y-que-espana-es-madrid\\\/\"},\"wordCount\":73,\"commentCount\":0,\"publisher\":{\"@id\":\"https:\\\/\\\/presidentjosemontilla.cat\\\/es\\\/#organization\"},\"image\":{\"@id\":\"https:\\\/\\\/presidentjosemontilla.cat\\\/es\\\/en-madrid-hay-una-casta-de-persones-que-se-creen-que-espana-son-ellos-y-que-espana-es-madrid\\\/#primaryimage\"},\"thumbnailUrl\":\"https:\\\/\\\/presidentjosemontilla.cat\\\/wp-content\\\/uploads\\\/2023\\\/04\\\/DSC_9885ps-copia-1-scaled-e1767011466515.jpg\",\"keywords\":[\"Catalunya\",\"Espanya\",\"Noticias de Navarra\"],\"articleSection\":[\"Actividad\",\"Medios de comunicaci\u00f3n\",\"Opini\u00f3n\"],\"inLanguage\":\"es\",\"potentialAction\":[{\"@type\":\"CommentAction\",\"name\":\"Comment\",\"target\":[\"https:\\\/\\\/presidentjosemontilla.cat\\\/es\\\/en-madrid-hay-una-casta-de-persones-que-se-creen-que-espana-son-ellos-y-que-espana-es-madrid\\\/#respond\"]}]},{\"@type\":\"WebPage\",\"@id\":\"https:\\\/\\\/presidentjosemontilla.cat\\\/es\\\/en-madrid-hay-una-casta-de-persones-que-se-creen-que-espana-son-ellos-y-que-espana-es-madrid\\\/\",\"url\":\"https:\\\/\\\/presidentjosemontilla.cat\\\/es\\\/en-madrid-hay-una-casta-de-persones-que-se-creen-que-espana-son-ellos-y-que-espana-es-madrid\\\/\",\"name\":\"En Madrid hay una casta de personas que se creen que Espa\u00f1a son ellos y que Espa\u00f1a es Madrid. - President Jos\u00e9 Montilla\",\"isPartOf\":{\"@id\":\"https:\\\/\\\/presidentjosemontilla.cat\\\/es\\\/#website\"},\"primaryImageOfPage\":{\"@id\":\"https:\\\/\\\/presidentjosemontilla.cat\\\/es\\\/en-madrid-hay-una-casta-de-persones-que-se-creen-que-espana-son-ellos-y-que-espana-es-madrid\\\/#primaryimage\"},\"image\":{\"@id\":\"https:\\\/\\\/presidentjosemontilla.cat\\\/es\\\/en-madrid-hay-una-casta-de-persones-que-se-creen-que-espana-son-ellos-y-que-espana-es-madrid\\\/#primaryimage\"},\"thumbnailUrl\":\"https:\\\/\\\/presidentjosemontilla.cat\\\/wp-content\\\/uploads\\\/2023\\\/04\\\/DSC_9885ps-copia-1-scaled-e1767011466515.jpg\",\"datePublished\":\"2025-12-29T12:31:33+00:00\",\"dateModified\":\"2026-03-31T12:03:34+00:00\",\"breadcrumb\":{\"@id\":\"https:\\\/\\\/presidentjosemontilla.cat\\\/es\\\/en-madrid-hay-una-casta-de-persones-que-se-creen-que-espana-son-ellos-y-que-espana-es-madrid\\\/#breadcrumb\"},\"inLanguage\":\"es\",\"potentialAction\":[{\"@type\":\"ReadAction\",\"target\":[\"https:\\\/\\\/presidentjosemontilla.cat\\\/es\\\/en-madrid-hay-una-casta-de-persones-que-se-creen-que-espana-son-ellos-y-que-espana-es-madrid\\\/\"]}]},{\"@type\":\"ImageObject\",\"inLanguage\":\"es\",\"@id\":\"https:\\\/\\\/presidentjosemontilla.cat\\\/es\\\/en-madrid-hay-una-casta-de-persones-que-se-creen-que-espana-son-ellos-y-que-espana-es-madrid\\\/#primaryimage\",\"url\":\"https:\\\/\\\/presidentjosemontilla.cat\\\/wp-content\\\/uploads\\\/2023\\\/04\\\/DSC_9885ps-copia-1-scaled-e1767011466515.jpg\",\"contentUrl\":\"https:\\\/\\\/presidentjosemontilla.cat\\\/wp-content\\\/uploads\\\/2023\\\/04\\\/DSC_9885ps-copia-1-scaled-e1767011466515.jpg\",\"width\":2010,\"height\":2560},{\"@type\":\"BreadcrumbList\",\"@id\":\"https:\\\/\\\/presidentjosemontilla.cat\\\/es\\\/en-madrid-hay-una-casta-de-persones-que-se-creen-que-espana-son-ellos-y-que-espana-es-madrid\\\/#breadcrumb\",\"itemListElement\":[{\"@type\":\"ListItem\",\"position\":1,\"name\":\"Portada\",\"item\":\"https:\\\/\\\/presidentjosemontilla.cat\\\/es\\\/\"},{\"@type\":\"ListItem\",\"position\":2,\"name\":\"En Madrid hay una casta de personas que se creen que Espa\u00f1a son ellos y que Espa\u00f1a es Madrid.\"}]},{\"@type\":\"WebSite\",\"@id\":\"https:\\\/\\\/presidentjosemontilla.cat\\\/es\\\/#website\",\"url\":\"https:\\\/\\\/presidentjosemontilla.cat\\\/es\\\/\",\"name\":\"President Jos\u00e9 Montilla\",\"description\":\"Web del 128\u00e8 president de la Generalitat de Catalunya\",\"publisher\":{\"@id\":\"https:\\\/\\\/presidentjosemontilla.cat\\\/es\\\/#organization\"},\"potentialAction\":[{\"@type\":\"SearchAction\",\"target\":{\"@type\":\"EntryPoint\",\"urlTemplate\":\"https:\\\/\\\/presidentjosemontilla.cat\\\/es\\\/?s={search_term_string}\"},\"query-input\":{\"@type\":\"PropertyValueSpecification\",\"valueRequired\":true,\"valueName\":\"search_term_string\"}}],\"inLanguage\":\"es\"},{\"@type\":\"Organization\",\"@id\":\"https:\\\/\\\/presidentjosemontilla.cat\\\/es\\\/#organization\",\"name\":\"President Jos\u00e9 Montilla\",\"url\":\"https:\\\/\\\/presidentjosemontilla.cat\\\/es\\\/\",\"logo\":{\"@type\":\"ImageObject\",\"inLanguage\":\"es\",\"@id\":\"https:\\\/\\\/presidentjosemontilla.cat\\\/es\\\/#\\\/schema\\\/logo\\\/image\\\/\",\"url\":\"https:\\\/\\\/presidentjosemontilla.cat\\\/wp-content\\\/uploads\\\/2019\\\/09\\\/logo2.png\",\"contentUrl\":\"https:\\\/\\\/presidentjosemontilla.cat\\\/wp-content\\\/uploads\\\/2019\\\/09\\\/logo2.png\",\"width\":350,\"height\":60,\"caption\":\"President Jos\u00e9 Montilla\"},\"image\":{\"@id\":\"https:\\\/\\\/presidentjosemontilla.cat\\\/es\\\/#\\\/schema\\\/logo\\\/image\\\/\"}},{\"@type\":\"Person\",\"@id\":\"https:\\\/\\\/presidentjosemontilla.cat\\\/es\\\/#\\\/schema\\\/person\\\/62493e1116e8949483d9ab379453b20d\",\"name\":\"Jessica Revestido Romero\",\"image\":{\"@type\":\"ImageObject\",\"inLanguage\":\"es\",\"@id\":\"https:\\\/\\\/secure.gravatar.com\\\/avatar\\\/8f9a937ae096aa3761457cef89d806bbfd6ce076f659749d8f9f5143fe35e64e?s=96&d=mm&r=g\",\"url\":\"https:\\\/\\\/secure.gravatar.com\\\/avatar\\\/8f9a937ae096aa3761457cef89d806bbfd6ce076f659749d8f9f5143fe35e64e?s=96&d=mm&r=g\",\"contentUrl\":\"https:\\\/\\\/secure.gravatar.com\\\/avatar\\\/8f9a937ae096aa3761457cef89d806bbfd6ce076f659749d8f9f5143fe35e64e?s=96&d=mm&r=g\",\"caption\":\"Jessica Revestido Romero\"},\"url\":\"https:\\\/\\\/presidentjosemontilla.cat\\\/es\\\/author\\\/jessica\\\/\"}]}<\/script>\n<!-- \/ Yoast SEO plugin. -->","yoast_head_json":{"title":"En Madrid hay una casta de personas que se creen que Espa\u00f1a son ellos y que Espa\u00f1a es Madrid. - President Jos\u00e9 Montilla","robots":{"index":"index","follow":"follow","max-snippet":"max-snippet:-1","max-image-preview":"max-image-preview:large","max-video-preview":"max-video-preview:-1"},"canonical":"https:\/\/presidentjosemontilla.cat\/es\/en-madrid-hay-una-casta-de-persones-que-se-creen-que-espana-son-ellos-y-que-espana-es-madrid\/","og_locale":"es_ES","og_type":"article","og_title":"En Madrid hay una casta de personas que se creen que Espa\u00f1a son ellos y que Espa\u00f1a es Madrid. - President Jos\u00e9 Montilla","og_description":"Este fin de semana se ha publicado en el diario \u00a0Noticias de Navarra, una entrevista hecha por el periodista Jes\u00fas Barcos. Hablamos de la situaci\u00f3n pol\u00edtica actual, tanto en Espa\u00f1a y Catalunya, como de la pol\u00edtica europea e internacional. Pod\u00e9is&hellip;","og_url":"https:\/\/presidentjosemontilla.cat\/es\/en-madrid-hay-una-casta-de-persones-que-se-creen-que-espana-son-ellos-y-que-espana-es-madrid\/","og_site_name":"President Jos\u00e9 Montilla","article_published_time":"2025-12-29T12:31:33+00:00","article_modified_time":"2026-03-31T12:03:34+00:00","og_image":[{"width":2010,"height":2560,"url":"https:\/\/presidentjosemontilla.cat\/wp-content\/uploads\/2023\/04\/DSC_9885ps-copia-1-scaled-e1767011466515.jpg","type":"image\/jpeg"}],"author":"Jessica Revestido Romero","twitter_card":"summary_large_image","twitter_misc":{"Escrito por":"Jessica Revestido Romero","Tiempo de lectura":"1 minuto"},"schema":{"@context":"https:\/\/schema.org","@graph":[{"@type":"Article","@id":"https:\/\/presidentjosemontilla.cat\/es\/en-madrid-hay-una-casta-de-persones-que-se-creen-que-espana-son-ellos-y-que-espana-es-madrid\/#article","isPartOf":{"@id":"https:\/\/presidentjosemontilla.cat\/es\/en-madrid-hay-una-casta-de-persones-que-se-creen-que-espana-son-ellos-y-que-espana-es-madrid\/"},"author":{"name":"Jessica Revestido Romero","@id":"https:\/\/presidentjosemontilla.cat\/es\/#\/schema\/person\/62493e1116e8949483d9ab379453b20d"},"headline":"En Madrid hay una casta de personas que se creen que Espa\u00f1a son ellos y que Espa\u00f1a es Madrid.","datePublished":"2025-12-29T12:31:33+00:00","dateModified":"2026-03-31T12:03:34+00:00","mainEntityOfPage":{"@id":"https:\/\/presidentjosemontilla.cat\/es\/en-madrid-hay-una-casta-de-persones-que-se-creen-que-espana-son-ellos-y-que-espana-es-madrid\/"},"wordCount":73,"commentCount":0,"publisher":{"@id":"https:\/\/presidentjosemontilla.cat\/es\/#organization"},"image":{"@id":"https:\/\/presidentjosemontilla.cat\/es\/en-madrid-hay-una-casta-de-persones-que-se-creen-que-espana-son-ellos-y-que-espana-es-madrid\/#primaryimage"},"thumbnailUrl":"https:\/\/presidentjosemontilla.cat\/wp-content\/uploads\/2023\/04\/DSC_9885ps-copia-1-scaled-e1767011466515.jpg","keywords":["Catalunya","Espanya","Noticias de Navarra"],"articleSection":["Actividad","Medios de comunicaci\u00f3n","Opini\u00f3n"],"inLanguage":"es","potentialAction":[{"@type":"CommentAction","name":"Comment","target":["https:\/\/presidentjosemontilla.cat\/es\/en-madrid-hay-una-casta-de-persones-que-se-creen-que-espana-son-ellos-y-que-espana-es-madrid\/#respond"]}]},{"@type":"WebPage","@id":"https:\/\/presidentjosemontilla.cat\/es\/en-madrid-hay-una-casta-de-persones-que-se-creen-que-espana-son-ellos-y-que-espana-es-madrid\/","url":"https:\/\/presidentjosemontilla.cat\/es\/en-madrid-hay-una-casta-de-persones-que-se-creen-que-espana-son-ellos-y-que-espana-es-madrid\/","name":"En Madrid hay una casta de personas que se creen que Espa\u00f1a son ellos y que Espa\u00f1a es Madrid. - President Jos\u00e9 Montilla","isPartOf":{"@id":"https:\/\/presidentjosemontilla.cat\/es\/#website"},"primaryImageOfPage":{"@id":"https:\/\/presidentjosemontilla.cat\/es\/en-madrid-hay-una-casta-de-persones-que-se-creen-que-espana-son-ellos-y-que-espana-es-madrid\/#primaryimage"},"image":{"@id":"https:\/\/presidentjosemontilla.cat\/es\/en-madrid-hay-una-casta-de-persones-que-se-creen-que-espana-son-ellos-y-que-espana-es-madrid\/#primaryimage"},"thumbnailUrl":"https:\/\/presidentjosemontilla.cat\/wp-content\/uploads\/2023\/04\/DSC_9885ps-copia-1-scaled-e1767011466515.jpg","datePublished":"2025-12-29T12:31:33+00:00","dateModified":"2026-03-31T12:03:34+00:00","breadcrumb":{"@id":"https:\/\/presidentjosemontilla.cat\/es\/en-madrid-hay-una-casta-de-persones-que-se-creen-que-espana-son-ellos-y-que-espana-es-madrid\/#breadcrumb"},"inLanguage":"es","potentialAction":[{"@type":"ReadAction","target":["https:\/\/presidentjosemontilla.cat\/es\/en-madrid-hay-una-casta-de-persones-que-se-creen-que-espana-son-ellos-y-que-espana-es-madrid\/"]}]},{"@type":"ImageObject","inLanguage":"es","@id":"https:\/\/presidentjosemontilla.cat\/es\/en-madrid-hay-una-casta-de-persones-que-se-creen-que-espana-son-ellos-y-que-espana-es-madrid\/#primaryimage","url":"https:\/\/presidentjosemontilla.cat\/wp-content\/uploads\/2023\/04\/DSC_9885ps-copia-1-scaled-e1767011466515.jpg","contentUrl":"https:\/\/presidentjosemontilla.cat\/wp-content\/uploads\/2023\/04\/DSC_9885ps-copia-1-scaled-e1767011466515.jpg","width":2010,"height":2560},{"@type":"BreadcrumbList","@id":"https:\/\/presidentjosemontilla.cat\/es\/en-madrid-hay-una-casta-de-persones-que-se-creen-que-espana-son-ellos-y-que-espana-es-madrid\/#breadcrumb","itemListElement":[{"@type":"ListItem","position":1,"name":"Portada","item":"https:\/\/presidentjosemontilla.cat\/es\/"},{"@type":"ListItem","position":2,"name":"En Madrid hay una casta de personas que se creen que Espa\u00f1a son ellos y que Espa\u00f1a es Madrid."}]},{"@type":"WebSite","@id":"https:\/\/presidentjosemontilla.cat\/es\/#website","url":"https:\/\/presidentjosemontilla.cat\/es\/","name":"President Jos\u00e9 Montilla","description":"Web del 128\u00e8 president de la Generalitat de Catalunya","publisher":{"@id":"https:\/\/presidentjosemontilla.cat\/es\/#organization"},"potentialAction":[{"@type":"SearchAction","target":{"@type":"EntryPoint","urlTemplate":"https:\/\/presidentjosemontilla.cat\/es\/?s={search_term_string}"},"query-input":{"@type":"PropertyValueSpecification","valueRequired":true,"valueName":"search_term_string"}}],"inLanguage":"es"},{"@type":"Organization","@id":"https:\/\/presidentjosemontilla.cat\/es\/#organization","name":"President Jos\u00e9 Montilla","url":"https:\/\/presidentjosemontilla.cat\/es\/","logo":{"@type":"ImageObject","inLanguage":"es","@id":"https:\/\/presidentjosemontilla.cat\/es\/#\/schema\/logo\/image\/","url":"https:\/\/presidentjosemontilla.cat\/wp-content\/uploads\/2019\/09\/logo2.png","contentUrl":"https:\/\/presidentjosemontilla.cat\/wp-content\/uploads\/2019\/09\/logo2.png","width":350,"height":60,"caption":"President Jos\u00e9 Montilla"},"image":{"@id":"https:\/\/presidentjosemontilla.cat\/es\/#\/schema\/logo\/image\/"}},{"@type":"Person","@id":"https:\/\/presidentjosemontilla.cat\/es\/#\/schema\/person\/62493e1116e8949483d9ab379453b20d","name":"Jessica Revestido Romero","image":{"@type":"ImageObject","inLanguage":"es","@id":"https:\/\/secure.gravatar.com\/avatar\/8f9a937ae096aa3761457cef89d806bbfd6ce076f659749d8f9f5143fe35e64e?s=96&d=mm&r=g","url":"https:\/\/secure.gravatar.com\/avatar\/8f9a937ae096aa3761457cef89d806bbfd6ce076f659749d8f9f5143fe35e64e?s=96&d=mm&r=g","contentUrl":"https:\/\/secure.gravatar.com\/avatar\/8f9a937ae096aa3761457cef89d806bbfd6ce076f659749d8f9f5143fe35e64e?s=96&d=mm&r=g","caption":"Jessica Revestido Romero"},"url":"https:\/\/presidentjosemontilla.cat\/es\/author\/jessica\/"}]}},"_links":{"self":[{"href":"https:\/\/presidentjosemontilla.cat\/es\/wp-json\/wp\/v2\/posts\/9931","targetHints":{"allow":["GET"]}}],"collection":[{"href":"https:\/\/presidentjosemontilla.cat\/es\/wp-json\/wp\/v2\/posts"}],"about":[{"href":"https:\/\/presidentjosemontilla.cat\/es\/wp-json\/wp\/v2\/types\/post"}],"author":[{"embeddable":true,"href":"https:\/\/presidentjosemontilla.cat\/es\/wp-json\/wp\/v2\/users\/10"}],"replies":[{"embeddable":true,"href":"https:\/\/presidentjosemontilla.cat\/es\/wp-json\/wp\/v2\/comments?post=9931"}],"version-history":[{"count":3,"href":"https:\/\/presidentjosemontilla.cat\/es\/wp-json\/wp\/v2\/posts\/9931\/revisions"}],"predecessor-version":[{"id":9934,"href":"https:\/\/presidentjosemontilla.cat\/es\/wp-json\/wp\/v2\/posts\/9931\/revisions\/9934"}],"wp:featuredmedia":[{"embeddable":true,"href":"https:\/\/presidentjosemontilla.cat\/es\/wp-json\/wp\/v2\/media\/7792"}],"wp:attachment":[{"href":"https:\/\/presidentjosemontilla.cat\/es\/wp-json\/wp\/v2\/media?parent=9931"}],"wp:term":[{"taxonomy":"category","embeddable":true,"href":"https:\/\/presidentjosemontilla.cat\/es\/wp-json\/wp\/v2\/categories?post=9931"},{"taxonomy":"post_tag","embeddable":true,"href":"https:\/\/presidentjosemontilla.cat\/es\/wp-json\/wp\/v2\/tags?post=9931"},{"taxonomy":"post_series","embeddable":true,"href":"https:\/\/presidentjosemontilla.cat\/es\/wp-json\/wp\/v2\/post_series?post=9931"}],"curies":[{"name":"wp","href":"https:\/\/api.w.org\/{rel}","templated":true}]}}