{"id":9949,"date":"2026-04-17T09:15:27","date_gmt":"2026-04-17T07:15:27","guid":{"rendered":"https:\/\/presidentjosemontilla.cat\/trobada-amb-la-fundacio-per-a-estudis-progressistes-europeus-feps\/"},"modified":"2026-04-17T09:15:27","modified_gmt":"2026-04-17T07:15:27","slug":"trobada-amb-la-fundacio-per-a-estudis-progressistes-europeus-feps","status":"publish","type":"post","link":"https:\/\/presidentjosemontilla.cat\/es\/trobada-amb-la-fundacio-per-a-estudis-progressistes-europeus-feps\/","title":{"rendered":"Trobada amb la Fundaci\u00f3 per a Estudis Progressistes Europeus (FEPS)"},"content":{"rendered":"<p>En el marc de la <a href=\"https:\/\/globalprogressivemobilisation.org\/es\" target=\"_blank\" rel=\"noopener\">Global Progressive Mobilisation<\/a>, la <a href=\"https:\/\/feps-europe.eu\/\" target=\"_blank\" rel=\"noopener\">Fundaci\u00f3 per a Estudis Progressistes Europeus (FEPS)<\/a>, ha organitzat un seminari per debatre sobre l&#8217;ideari progressista i europeista, i com donar-li forma en el context actual.<\/p>\n<p>Per nosaltres \u00e9s un motiu d&#8217;orgull acollir aquest acte, i tamb\u00e9, formar part de la Global Progressive Mobilisation, s\u00f3n una magn\u00edfica oportunitat per llan\u00e7ar un crit d\u2019esperan\u00e7a i de comprom\u00eds.<\/p>\n<p>Podeu llegir la meva benvinguda <a href=\"https:\/\/presidentjosemontilla.cat\/wp-content\/uploads\/2026\/04\/260416-Benvinguda-FEPS_revisat-RevFINAL.pdf\">aqu\u00ed<\/a>.<\/p>\n<p>&nbsp;<\/p>\n","protected":false},"excerpt":{"rendered":"<p>En el marc de la Global Progressive Mobilisation, la Fundaci\u00f3 per a Estudis Progressistes Europeus (FEPS), ha organitzat un seminari per debatre sobre l&#8217;ideari progressista i europeista, i com donar-li forma en el context actual. Per nosaltres \u00e9s un motiu&hellip;<\/p>\n","protected":false},"author":10,"featured_media":9947,"comment_status":"open","ping_status":"open","sticky":false,"template":"","format":"standard","meta":{"footnotes":""},"categories":[3,4,8],"tags":[1601,1758,2040],"post_series":[],"class_list":["post-9949","post","type-post","status-publish","format-standard","has-post-thumbnail","hentry","category-actividad","category-opinion","category-textos-es","tag-europa-ca-es","tag-fundacio-rafael-campalans-es-2","tag-global-progressive-mobilisation","entry","has-media"],"yoast_head":"<!-- This site is optimized with the Yoast SEO plugin v27.5 - https:\/\/yoast.com\/product\/yoast-seo-wordpress\/ -->\n<title>Trobada amb la Fundaci\u00f3 per a Estudis Progressistes Europeus (FEPS) - President Jos\u00e9 Montilla<\/title>\n<meta name=\"robots\" content=\"index, follow, max-snippet:-1, max-image-preview:large, max-video-preview:-1\" \/>\n<link rel=\"canonical\" href=\"https:\/\/presidentjosemontilla.cat\/es\/trobada-amb-la-fundacio-per-a-estudis-progressistes-europeus-feps\/\" \/>\n<meta property=\"og:locale\" content=\"es_ES\" \/>\n<meta property=\"og:type\" content=\"article\" \/>\n<meta property=\"og:title\" content=\"Trobada amb la Fundaci\u00f3 per a Estudis Progressistes Europeus (FEPS) - President Jos\u00e9 Montilla\" \/>\n<meta property=\"og:description\" content=\"En el marc de la Global Progressive Mobilisation, la Fundaci\u00f3 per a Estudis Progressistes Europeus (FEPS), ha organitzat un seminari per debatre sobre l&#8217;ideari progressista i europeista, i com donar-li forma en el context actual. Per nosaltres \u00e9s un motiu&hellip;\" \/>\n<meta property=\"og:url\" content=\"https:\/\/presidentjosemontilla.cat\/es\/trobada-amb-la-fundacio-per-a-estudis-progressistes-europeus-feps\/\" \/>\n<meta property=\"og:site_name\" content=\"President Jos\u00e9 Montilla\" \/>\n<meta property=\"article:published_time\" content=\"2026-04-17T07:15:27+00:00\" \/>\n<meta name=\"author\" content=\"Jessica Revestido Romero\" \/>\n<meta name=\"twitter:card\" content=\"summary_large_image\" \/>\n<meta name=\"twitter:label1\" content=\"Escrito por\" \/>\n\t<meta name=\"twitter:data1\" content=\"Jessica Revestido Romero\" \/>\n<script type=\"application\/ld+json\" class=\"yoast-schema-graph\">{\"@context\":\"https:\\\/\\\/schema.org\",\"@graph\":[{\"@type\":\"Article\",\"@id\":\"https:\\\/\\\/presidentjosemontilla.cat\\\/es\\\/trobada-amb-la-fundacio-per-a-estudis-progressistes-europeus-feps\\\/#article\",\"isPartOf\":{\"@id\":\"https:\\\/\\\/presidentjosemontilla.cat\\\/es\\\/trobada-amb-la-fundacio-per-a-estudis-progressistes-europeus-feps\\\/\"},\"author\":{\"name\":\"Jessica Revestido Romero\",\"@id\":\"https:\\\/\\\/presidentjosemontilla.cat\\\/es\\\/#\\\/schema\\\/person\\\/62493e1116e8949483d9ab379453b20d\"},\"headline\":\"Trobada amb la Fundaci\u00f3 per a Estudis Progressistes Europeus (FEPS)\",\"datePublished\":\"2026-04-17T07:15:27+00:00\",\"mainEntityOfPage\":{\"@id\":\"https:\\\/\\\/presidentjosemontilla.cat\\\/es\\\/trobada-amb-la-fundacio-per-a-estudis-progressistes-europeus-feps\\\/\"},\"wordCount\":88,\"commentCount\":0,\"publisher\":{\"@id\":\"https:\\\/\\\/presidentjosemontilla.cat\\\/es\\\/#organization\"},\"image\":{\"@id\":\"https:\\\/\\\/presidentjosemontilla.cat\\\/es\\\/trobada-amb-la-fundacio-per-a-estudis-progressistes-europeus-feps\\\/#primaryimage\"},\"thumbnailUrl\":\"https:\\\/\\\/presidentjosemontilla.cat\\\/wp-content\\\/uploads\\\/2026\\\/04\\\/1.jpg\",\"keywords\":[\"Europa\",\"Fundaci\u00f3 Rafael Campalans\",\"Global Progressive Mobilisation\"],\"articleSection\":[\"Actividad\",\"Opini\u00f3n\",\"Textos\"],\"inLanguage\":\"es\",\"potentialAction\":[{\"@type\":\"CommentAction\",\"name\":\"Comment\",\"target\":[\"https:\\\/\\\/presidentjosemontilla.cat\\\/es\\\/trobada-amb-la-fundacio-per-a-estudis-progressistes-europeus-feps\\\/#respond\"]}]},{\"@type\":\"WebPage\",\"@id\":\"https:\\\/\\\/presidentjosemontilla.cat\\\/es\\\/trobada-amb-la-fundacio-per-a-estudis-progressistes-europeus-feps\\\/\",\"url\":\"https:\\\/\\\/presidentjosemontilla.cat\\\/es\\\/trobada-amb-la-fundacio-per-a-estudis-progressistes-europeus-feps\\\/\",\"name\":\"Trobada amb la Fundaci\u00f3 per a Estudis Progressistes Europeus (FEPS) - President Jos\u00e9 Montilla\",\"isPartOf\":{\"@id\":\"https:\\\/\\\/presidentjosemontilla.cat\\\/es\\\/#website\"},\"primaryImageOfPage\":{\"@id\":\"https:\\\/\\\/presidentjosemontilla.cat\\\/es\\\/trobada-amb-la-fundacio-per-a-estudis-progressistes-europeus-feps\\\/#primaryimage\"},\"image\":{\"@id\":\"https:\\\/\\\/presidentjosemontilla.cat\\\/es\\\/trobada-amb-la-fundacio-per-a-estudis-progressistes-europeus-feps\\\/#primaryimage\"},\"thumbnailUrl\":\"https:\\\/\\\/presidentjosemontilla.cat\\\/wp-content\\\/uploads\\\/2026\\\/04\\\/1.jpg\",\"datePublished\":\"2026-04-17T07:15:27+00:00\",\"breadcrumb\":{\"@id\":\"https:\\\/\\\/presidentjosemontilla.cat\\\/es\\\/trobada-amb-la-fundacio-per-a-estudis-progressistes-europeus-feps\\\/#breadcrumb\"},\"inLanguage\":\"es\",\"potentialAction\":[{\"@type\":\"ReadAction\",\"target\":[\"https:\\\/\\\/presidentjosemontilla.cat\\\/es\\\/trobada-amb-la-fundacio-per-a-estudis-progressistes-europeus-feps\\\/\"]}]},{\"@type\":\"ImageObject\",\"inLanguage\":\"es\",\"@id\":\"https:\\\/\\\/presidentjosemontilla.cat\\\/es\\\/trobada-amb-la-fundacio-per-a-estudis-progressistes-europeus-feps\\\/#primaryimage\",\"url\":\"https:\\\/\\\/presidentjosemontilla.cat\\\/wp-content\\\/uploads\\\/2026\\\/04\\\/1.jpg\",\"contentUrl\":\"https:\\\/\\\/presidentjosemontilla.cat\\\/wp-content\\\/uploads\\\/2026\\\/04\\\/1.jpg\",\"width\":1600,\"height\":1200},{\"@type\":\"BreadcrumbList\",\"@id\":\"https:\\\/\\\/presidentjosemontilla.cat\\\/es\\\/trobada-amb-la-fundacio-per-a-estudis-progressistes-europeus-feps\\\/#breadcrumb\",\"itemListElement\":[{\"@type\":\"ListItem\",\"position\":1,\"name\":\"Portada\",\"item\":\"https:\\\/\\\/presidentjosemontilla.cat\\\/es\\\/\"},{\"@type\":\"ListItem\",\"position\":2,\"name\":\"Trobada amb la Fundaci\u00f3 per a Estudis Progressistes Europeus (FEPS)\"}]},{\"@type\":\"WebSite\",\"@id\":\"https:\\\/\\\/presidentjosemontilla.cat\\\/es\\\/#website\",\"url\":\"https:\\\/\\\/presidentjosemontilla.cat\\\/es\\\/\",\"name\":\"President Jos\u00e9 Montilla\",\"description\":\"Web del 128\u00e8 president de la Generalitat de Catalunya\",\"publisher\":{\"@id\":\"https:\\\/\\\/presidentjosemontilla.cat\\\/es\\\/#organization\"},\"potentialAction\":[{\"@type\":\"SearchAction\",\"target\":{\"@type\":\"EntryPoint\",\"urlTemplate\":\"https:\\\/\\\/presidentjosemontilla.cat\\\/es\\\/?s={search_term_string}\"},\"query-input\":{\"@type\":\"PropertyValueSpecification\",\"valueRequired\":true,\"valueName\":\"search_term_string\"}}],\"inLanguage\":\"es\"},{\"@type\":\"Organization\",\"@id\":\"https:\\\/\\\/presidentjosemontilla.cat\\\/es\\\/#organization\",\"name\":\"President Jos\u00e9 Montilla\",\"url\":\"https:\\\/\\\/presidentjosemontilla.cat\\\/es\\\/\",\"logo\":{\"@type\":\"ImageObject\",\"inLanguage\":\"es\",\"@id\":\"https:\\\/\\\/presidentjosemontilla.cat\\\/es\\\/#\\\/schema\\\/logo\\\/image\\\/\",\"url\":\"https:\\\/\\\/presidentjosemontilla.cat\\\/wp-content\\\/uploads\\\/2019\\\/09\\\/logo2.png\",\"contentUrl\":\"https:\\\/\\\/presidentjosemontilla.cat\\\/wp-content\\\/uploads\\\/2019\\\/09\\\/logo2.png\",\"width\":350,\"height\":60,\"caption\":\"President Jos\u00e9 Montilla\"},\"image\":{\"@id\":\"https:\\\/\\\/presidentjosemontilla.cat\\\/es\\\/#\\\/schema\\\/logo\\\/image\\\/\"}},{\"@type\":\"Person\",\"@id\":\"https:\\\/\\\/presidentjosemontilla.cat\\\/es\\\/#\\\/schema\\\/person\\\/62493e1116e8949483d9ab379453b20d\",\"name\":\"Jessica Revestido Romero\",\"image\":{\"@type\":\"ImageObject\",\"inLanguage\":\"es\",\"@id\":\"https:\\\/\\\/secure.gravatar.com\\\/avatar\\\/8f9a937ae096aa3761457cef89d806bbfd6ce076f659749d8f9f5143fe35e64e?s=96&d=mm&r=g\",\"url\":\"https:\\\/\\\/secure.gravatar.com\\\/avatar\\\/8f9a937ae096aa3761457cef89d806bbfd6ce076f659749d8f9f5143fe35e64e?s=96&d=mm&r=g\",\"contentUrl\":\"https:\\\/\\\/secure.gravatar.com\\\/avatar\\\/8f9a937ae096aa3761457cef89d806bbfd6ce076f659749d8f9f5143fe35e64e?s=96&d=mm&r=g\",\"caption\":\"Jessica Revestido Romero\"},\"url\":\"https:\\\/\\\/presidentjosemontilla.cat\\\/es\\\/author\\\/jessica\\\/\"}]}<\/script>\n<!-- \/ Yoast SEO plugin. -->","yoast_head_json":{"title":"Trobada amb la Fundaci\u00f3 per a Estudis Progressistes Europeus (FEPS) - President Jos\u00e9 Montilla","robots":{"index":"index","follow":"follow","max-snippet":"max-snippet:-1","max-image-preview":"max-image-preview:large","max-video-preview":"max-video-preview:-1"},"canonical":"https:\/\/presidentjosemontilla.cat\/es\/trobada-amb-la-fundacio-per-a-estudis-progressistes-europeus-feps\/","og_locale":"es_ES","og_type":"article","og_title":"Trobada amb la Fundaci\u00f3 per a Estudis Progressistes Europeus (FEPS) - President Jos\u00e9 Montilla","og_description":"En el marc de la Global Progressive Mobilisation, la Fundaci\u00f3 per a Estudis Progressistes Europeus (FEPS), ha organitzat un seminari per debatre sobre l&#8217;ideari progressista i europeista, i com donar-li forma en el context actual. Per nosaltres \u00e9s un motiu&hellip;","og_url":"https:\/\/presidentjosemontilla.cat\/es\/trobada-amb-la-fundacio-per-a-estudis-progressistes-europeus-feps\/","og_site_name":"President Jos\u00e9 Montilla","article_published_time":"2026-04-17T07:15:27+00:00","author":"Jessica Revestido Romero","twitter_card":"summary_large_image","twitter_misc":{"Escrito por":"Jessica Revestido Romero"},"schema":{"@context":"https:\/\/schema.org","@graph":[{"@type":"Article","@id":"https:\/\/presidentjosemontilla.cat\/es\/trobada-amb-la-fundacio-per-a-estudis-progressistes-europeus-feps\/#article","isPartOf":{"@id":"https:\/\/presidentjosemontilla.cat\/es\/trobada-amb-la-fundacio-per-a-estudis-progressistes-europeus-feps\/"},"author":{"name":"Jessica Revestido Romero","@id":"https:\/\/presidentjosemontilla.cat\/es\/#\/schema\/person\/62493e1116e8949483d9ab379453b20d"},"headline":"Trobada amb la Fundaci\u00f3 per a Estudis Progressistes Europeus (FEPS)","datePublished":"2026-04-17T07:15:27+00:00","mainEntityOfPage":{"@id":"https:\/\/presidentjosemontilla.cat\/es\/trobada-amb-la-fundacio-per-a-estudis-progressistes-europeus-feps\/"},"wordCount":88,"commentCount":0,"publisher":{"@id":"https:\/\/presidentjosemontilla.cat\/es\/#organization"},"image":{"@id":"https:\/\/presidentjosemontilla.cat\/es\/trobada-amb-la-fundacio-per-a-estudis-progressistes-europeus-feps\/#primaryimage"},"thumbnailUrl":"https:\/\/presidentjosemontilla.cat\/wp-content\/uploads\/2026\/04\/1.jpg","keywords":["Europa","Fundaci\u00f3 Rafael Campalans","Global Progressive Mobilisation"],"articleSection":["Actividad","Opini\u00f3n","Textos"],"inLanguage":"es","potentialAction":[{"@type":"CommentAction","name":"Comment","target":["https:\/\/presidentjosemontilla.cat\/es\/trobada-amb-la-fundacio-per-a-estudis-progressistes-europeus-feps\/#respond"]}]},{"@type":"WebPage","@id":"https:\/\/presidentjosemontilla.cat\/es\/trobada-amb-la-fundacio-per-a-estudis-progressistes-europeus-feps\/","url":"https:\/\/presidentjosemontilla.cat\/es\/trobada-amb-la-fundacio-per-a-estudis-progressistes-europeus-feps\/","name":"Trobada amb la Fundaci\u00f3 per a Estudis Progressistes Europeus (FEPS) - President Jos\u00e9 Montilla","isPartOf":{"@id":"https:\/\/presidentjosemontilla.cat\/es\/#website"},"primaryImageOfPage":{"@id":"https:\/\/presidentjosemontilla.cat\/es\/trobada-amb-la-fundacio-per-a-estudis-progressistes-europeus-feps\/#primaryimage"},"image":{"@id":"https:\/\/presidentjosemontilla.cat\/es\/trobada-amb-la-fundacio-per-a-estudis-progressistes-europeus-feps\/#primaryimage"},"thumbnailUrl":"https:\/\/presidentjosemontilla.cat\/wp-content\/uploads\/2026\/04\/1.jpg","datePublished":"2026-04-17T07:15:27+00:00","breadcrumb":{"@id":"https:\/\/presidentjosemontilla.cat\/es\/trobada-amb-la-fundacio-per-a-estudis-progressistes-europeus-feps\/#breadcrumb"},"inLanguage":"es","potentialAction":[{"@type":"ReadAction","target":["https:\/\/presidentjosemontilla.cat\/es\/trobada-amb-la-fundacio-per-a-estudis-progressistes-europeus-feps\/"]}]},{"@type":"ImageObject","inLanguage":"es","@id":"https:\/\/presidentjosemontilla.cat\/es\/trobada-amb-la-fundacio-per-a-estudis-progressistes-europeus-feps\/#primaryimage","url":"https:\/\/presidentjosemontilla.cat\/wp-content\/uploads\/2026\/04\/1.jpg","contentUrl":"https:\/\/presidentjosemontilla.cat\/wp-content\/uploads\/2026\/04\/1.jpg","width":1600,"height":1200},{"@type":"BreadcrumbList","@id":"https:\/\/presidentjosemontilla.cat\/es\/trobada-amb-la-fundacio-per-a-estudis-progressistes-europeus-feps\/#breadcrumb","itemListElement":[{"@type":"ListItem","position":1,"name":"Portada","item":"https:\/\/presidentjosemontilla.cat\/es\/"},{"@type":"ListItem","position":2,"name":"Trobada amb la Fundaci\u00f3 per a Estudis Progressistes Europeus (FEPS)"}]},{"@type":"WebSite","@id":"https:\/\/presidentjosemontilla.cat\/es\/#website","url":"https:\/\/presidentjosemontilla.cat\/es\/","name":"President Jos\u00e9 Montilla","description":"Web del 128\u00e8 president de la Generalitat de Catalunya","publisher":{"@id":"https:\/\/presidentjosemontilla.cat\/es\/#organization"},"potentialAction":[{"@type":"SearchAction","target":{"@type":"EntryPoint","urlTemplate":"https:\/\/presidentjosemontilla.cat\/es\/?s={search_term_string}"},"query-input":{"@type":"PropertyValueSpecification","valueRequired":true,"valueName":"search_term_string"}}],"inLanguage":"es"},{"@type":"Organization","@id":"https:\/\/presidentjosemontilla.cat\/es\/#organization","name":"President Jos\u00e9 Montilla","url":"https:\/\/presidentjosemontilla.cat\/es\/","logo":{"@type":"ImageObject","inLanguage":"es","@id":"https:\/\/presidentjosemontilla.cat\/es\/#\/schema\/logo\/image\/","url":"https:\/\/presidentjosemontilla.cat\/wp-content\/uploads\/2019\/09\/logo2.png","contentUrl":"https:\/\/presidentjosemontilla.cat\/wp-content\/uploads\/2019\/09\/logo2.png","width":350,"height":60,"caption":"President Jos\u00e9 Montilla"},"image":{"@id":"https:\/\/presidentjosemontilla.cat\/es\/#\/schema\/logo\/image\/"}},{"@type":"Person","@id":"https:\/\/presidentjosemontilla.cat\/es\/#\/schema\/person\/62493e1116e8949483d9ab379453b20d","name":"Jessica Revestido Romero","image":{"@type":"ImageObject","inLanguage":"es","@id":"https:\/\/secure.gravatar.com\/avatar\/8f9a937ae096aa3761457cef89d806bbfd6ce076f659749d8f9f5143fe35e64e?s=96&d=mm&r=g","url":"https:\/\/secure.gravatar.com\/avatar\/8f9a937ae096aa3761457cef89d806bbfd6ce076f659749d8f9f5143fe35e64e?s=96&d=mm&r=g","contentUrl":"https:\/\/secure.gravatar.com\/avatar\/8f9a937ae096aa3761457cef89d806bbfd6ce076f659749d8f9f5143fe35e64e?s=96&d=mm&r=g","caption":"Jessica Revestido Romero"},"url":"https:\/\/presidentjosemontilla.cat\/es\/author\/jessica\/"}]}},"_links":{"self":[{"href":"https:\/\/presidentjosemontilla.cat\/es\/wp-json\/wp\/v2\/posts\/9949","targetHints":{"allow":["GET"]}}],"collection":[{"href":"https:\/\/presidentjosemontilla.cat\/es\/wp-json\/wp\/v2\/posts"}],"about":[{"href":"https:\/\/presidentjosemontilla.cat\/es\/wp-json\/wp\/v2\/types\/post"}],"author":[{"embeddable":true,"href":"https:\/\/presidentjosemontilla.cat\/es\/wp-json\/wp\/v2\/users\/10"}],"replies":[{"embeddable":true,"href":"https:\/\/presidentjosemontilla.cat\/es\/wp-json\/wp\/v2\/comments?post=9949"}],"version-history":[{"count":0,"href":"https:\/\/presidentjosemontilla.cat\/es\/wp-json\/wp\/v2\/posts\/9949\/revisions"}],"wp:featuredmedia":[{"embeddable":true,"href":"https:\/\/presidentjosemontilla.cat\/es\/wp-json\/wp\/v2\/media\/9947"}],"wp:attachment":[{"href":"https:\/\/presidentjosemontilla.cat\/es\/wp-json\/wp\/v2\/media?parent=9949"}],"wp:term":[{"taxonomy":"category","embeddable":true,"href":"https:\/\/presidentjosemontilla.cat\/es\/wp-json\/wp\/v2\/categories?post=9949"},{"taxonomy":"post_tag","embeddable":true,"href":"https:\/\/presidentjosemontilla.cat\/es\/wp-json\/wp\/v2\/tags?post=9949"},{"taxonomy":"post_series","embeddable":true,"href":"https:\/\/presidentjosemontilla.cat\/es\/wp-json\/wp\/v2\/post_series?post=9949"}],"curies":[{"name":"wp","href":"https:\/\/api.w.org\/{rel}","templated":true}]}}