{"id":9962,"date":"2026-04-17T15:49:14","date_gmt":"2026-04-17T13:49:14","guid":{"rendered":"https:\/\/presidentjosemontilla.cat\/la-preservacio-de-la-memoria-en-defensa-de-la-democracia\/"},"modified":"2026-04-20T12:45:53","modified_gmt":"2026-04-20T10:45:53","slug":"la-preservacio-de-la-memoria-en-defensa-de-la-democracia","status":"publish","type":"post","link":"https:\/\/presidentjosemontilla.cat\/es\/la-preservacio-de-la-memoria-en-defensa-de-la-democracia\/","title":{"rendered":"La preservaci\u00f3 de la Mem\u00f2ria en defensa de la democr\u00e0cia"},"content":{"rendered":"<p>Aquest cap de setmana es celebra la <a href=\"https:\/\/globalprogressivemobilisation.org\/es\" target=\"_blank\" rel=\"noopener\">Global Progressive Mobilisation<\/a>, una espai de trobada entre diferents entitats i col\u00b7lectius progressistes.<\/p>\n<p>Aquest \u00e9s un espai perqu\u00e8 les xarxes, organitzacions i pensadors progressistes m\u00e9s influents aline\u00efn les seves visions i dimensionin el seu impacte. Un espai de debat, on es trobarem diferents col\u00b7lectius i referents pol\u00edtics, econ\u00f2mics i socials per a reflexionar, intercanviar i coordinar-se sobre els desafiaments del nostre temps.<\/p>\n<p>Podeu veure el programa <a href=\"https:\/\/globalprogressivemobilisation.org\/es\/program\" target=\"_blank\" rel=\"noopener\">aqu\u00ed<\/a>.<\/p>\n<p>Vaig tenir la sort de participar en una taula de debat organitzada per la Fundaci\u00f3n Pablo Iglesias i la Fundaci\u00f3n Rafael Campalans: <strong>\u00abPreservar la mem\u00f2ria per a defensar la democr\u00e0cia\u00bb.<\/strong><\/p>\n<p>Un honor compartir un espai de reflexi\u00f3 amb Isabel Allende, amb la professora Ana Mart\u00ednez Ruz i la companya Luisa Carcedo, presidenta de la Fundaci\u00f3n Pablo Iglesias.<\/p>\n<p>Podeu llegir la meva intervenci\u00f3 <a href=\"https:\/\/presidentjosemontilla.cat\/wp-content\/uploads\/2026\/04\/GPM-Memoria_rev.pdf\" target=\"_blank\" rel=\"noopener\">aqu\u00ed<\/a>.<\/p>\n<p>I podeu veure tota la jornada aqu\u00ed.<\/p>\n<p><iframe loading=\"lazy\" title=\"YouTube video player\" src=\"https:\/\/www.youtube.com\/embed\/_3dZuKZW93E?si=p25uVe9iYrE7ih1X\" width=\"560\" height=\"315\" frameborder=\"0\" allowfullscreen=\"allowfullscreen\"><\/iframe><\/p>\n<p>&nbsp;<\/p>\n","protected":false},"excerpt":{"rendered":"<p>Aquest cap de setmana es celebra la Global Progressive Mobilisation, una espai de trobada entre diferents entitats i col\u00b7lectius progressistes. Aquest \u00e9s un espai perqu\u00e8 les xarxes, organitzacions i pensadors progressistes m\u00e9s influents aline\u00efn les seves visions i dimensionin el&hellip;<\/p>\n","protected":false},"author":10,"featured_media":9960,"comment_status":"open","ping_status":"open","sticky":false,"template":"","format":"standard","meta":{"footnotes":""},"categories":[3,4,8],"tags":[1758,2043,2040,2044],"post_series":[],"class_list":["post-9962","post","type-post","status-publish","format-standard","has-post-thumbnail","hentry","category-actividad","category-opinion","category-textos-es","tag-fundacio-rafael-campalans-es-2","tag-fundacion-pablo-iglesias","tag-global-progressive-mobilisation","tag-pes","entry","has-media"],"yoast_head":"<!-- This site is optimized with the Yoast SEO plugin v27.5 - https:\/\/yoast.com\/product\/yoast-seo-wordpress\/ -->\n<title>La preservaci\u00f3 de la Mem\u00f2ria en defensa de la democr\u00e0cia - President Jos\u00e9 Montilla<\/title>\n<meta name=\"robots\" content=\"index, follow, max-snippet:-1, max-image-preview:large, max-video-preview:-1\" \/>\n<link rel=\"canonical\" href=\"https:\/\/presidentjosemontilla.cat\/es\/la-preservacio-de-la-memoria-en-defensa-de-la-democracia\/\" \/>\n<meta property=\"og:locale\" content=\"es_ES\" \/>\n<meta property=\"og:type\" content=\"article\" \/>\n<meta property=\"og:title\" content=\"La preservaci\u00f3 de la Mem\u00f2ria en defensa de la democr\u00e0cia - President Jos\u00e9 Montilla\" \/>\n<meta property=\"og:description\" content=\"Aquest cap de setmana es celebra la Global Progressive Mobilisation, una espai de trobada entre diferents entitats i col\u00b7lectius progressistes. Aquest \u00e9s un espai perqu\u00e8 les xarxes, organitzacions i pensadors progressistes m\u00e9s influents aline\u00efn les seves visions i dimensionin el&hellip;\" \/>\n<meta property=\"og:url\" content=\"https:\/\/presidentjosemontilla.cat\/es\/la-preservacio-de-la-memoria-en-defensa-de-la-democracia\/\" \/>\n<meta property=\"og:site_name\" content=\"President Jos\u00e9 Montilla\" \/>\n<meta property=\"article:published_time\" content=\"2026-04-17T13:49:14+00:00\" \/>\n<meta property=\"article:modified_time\" content=\"2026-04-20T10:45:53+00:00\" \/>\n<meta property=\"og:image\" content=\"https:\/\/presidentjosemontilla.cat\/wp-content\/uploads\/2026\/04\/3.jpg\" \/>\n\t<meta property=\"og:image:width\" content=\"1600\" \/>\n\t<meta property=\"og:image:height\" content=\"1200\" \/>\n\t<meta property=\"og:image:type\" content=\"image\/jpeg\" \/>\n<meta name=\"author\" content=\"Jessica Revestido Romero\" \/>\n<meta name=\"twitter:card\" content=\"summary_large_image\" \/>\n<meta name=\"twitter:label1\" content=\"Escrito por\" \/>\n\t<meta name=\"twitter:data1\" content=\"Jessica Revestido Romero\" \/>\n\t<meta name=\"twitter:label2\" content=\"Tiempo de lectura\" \/>\n\t<meta name=\"twitter:data2\" content=\"2 minutos\" \/>\n<script type=\"application\/ld+json\" class=\"yoast-schema-graph\">{\"@context\":\"https:\\\/\\\/schema.org\",\"@graph\":[{\"@type\":\"Article\",\"@id\":\"https:\\\/\\\/presidentjosemontilla.cat\\\/es\\\/la-preservacio-de-la-memoria-en-defensa-de-la-democracia\\\/#article\",\"isPartOf\":{\"@id\":\"https:\\\/\\\/presidentjosemontilla.cat\\\/es\\\/la-preservacio-de-la-memoria-en-defensa-de-la-democracia\\\/\"},\"author\":{\"name\":\"Jessica Revestido Romero\",\"@id\":\"https:\\\/\\\/presidentjosemontilla.cat\\\/es\\\/#\\\/schema\\\/person\\\/62493e1116e8949483d9ab379453b20d\"},\"headline\":\"La preservaci\u00f3 de la Mem\u00f2ria en defensa de la democr\u00e0cia\",\"datePublished\":\"2026-04-17T13:49:14+00:00\",\"dateModified\":\"2026-04-20T10:45:53+00:00\",\"mainEntityOfPage\":{\"@id\":\"https:\\\/\\\/presidentjosemontilla.cat\\\/es\\\/la-preservacio-de-la-memoria-en-defensa-de-la-democracia\\\/\"},\"wordCount\":169,\"commentCount\":0,\"publisher\":{\"@id\":\"https:\\\/\\\/presidentjosemontilla.cat\\\/es\\\/#organization\"},\"image\":{\"@id\":\"https:\\\/\\\/presidentjosemontilla.cat\\\/es\\\/la-preservacio-de-la-memoria-en-defensa-de-la-democracia\\\/#primaryimage\"},\"thumbnailUrl\":\"https:\\\/\\\/presidentjosemontilla.cat\\\/wp-content\\\/uploads\\\/2026\\\/04\\\/3.jpg\",\"keywords\":[\"Fundaci\u00f3 Rafael Campalans\",\"Fundaci\u00f3n Pablo Iglesias\",\"Global Progressive Mobilisation\",\"PES\"],\"articleSection\":[\"Actividad\",\"Opini\u00f3n\",\"Textos\"],\"inLanguage\":\"es\",\"potentialAction\":[{\"@type\":\"CommentAction\",\"name\":\"Comment\",\"target\":[\"https:\\\/\\\/presidentjosemontilla.cat\\\/es\\\/la-preservacio-de-la-memoria-en-defensa-de-la-democracia\\\/#respond\"]}]},{\"@type\":\"WebPage\",\"@id\":\"https:\\\/\\\/presidentjosemontilla.cat\\\/es\\\/la-preservacio-de-la-memoria-en-defensa-de-la-democracia\\\/\",\"url\":\"https:\\\/\\\/presidentjosemontilla.cat\\\/es\\\/la-preservacio-de-la-memoria-en-defensa-de-la-democracia\\\/\",\"name\":\"La preservaci\u00f3 de la Mem\u00f2ria en defensa de la democr\u00e0cia - President Jos\u00e9 Montilla\",\"isPartOf\":{\"@id\":\"https:\\\/\\\/presidentjosemontilla.cat\\\/es\\\/#website\"},\"primaryImageOfPage\":{\"@id\":\"https:\\\/\\\/presidentjosemontilla.cat\\\/es\\\/la-preservacio-de-la-memoria-en-defensa-de-la-democracia\\\/#primaryimage\"},\"image\":{\"@id\":\"https:\\\/\\\/presidentjosemontilla.cat\\\/es\\\/la-preservacio-de-la-memoria-en-defensa-de-la-democracia\\\/#primaryimage\"},\"thumbnailUrl\":\"https:\\\/\\\/presidentjosemontilla.cat\\\/wp-content\\\/uploads\\\/2026\\\/04\\\/3.jpg\",\"datePublished\":\"2026-04-17T13:49:14+00:00\",\"dateModified\":\"2026-04-20T10:45:53+00:00\",\"breadcrumb\":{\"@id\":\"https:\\\/\\\/presidentjosemontilla.cat\\\/es\\\/la-preservacio-de-la-memoria-en-defensa-de-la-democracia\\\/#breadcrumb\"},\"inLanguage\":\"es\",\"potentialAction\":[{\"@type\":\"ReadAction\",\"target\":[\"https:\\\/\\\/presidentjosemontilla.cat\\\/es\\\/la-preservacio-de-la-memoria-en-defensa-de-la-democracia\\\/\"]}]},{\"@type\":\"ImageObject\",\"inLanguage\":\"es\",\"@id\":\"https:\\\/\\\/presidentjosemontilla.cat\\\/es\\\/la-preservacio-de-la-memoria-en-defensa-de-la-democracia\\\/#primaryimage\",\"url\":\"https:\\\/\\\/presidentjosemontilla.cat\\\/wp-content\\\/uploads\\\/2026\\\/04\\\/3.jpg\",\"contentUrl\":\"https:\\\/\\\/presidentjosemontilla.cat\\\/wp-content\\\/uploads\\\/2026\\\/04\\\/3.jpg\",\"width\":1600,\"height\":1200},{\"@type\":\"BreadcrumbList\",\"@id\":\"https:\\\/\\\/presidentjosemontilla.cat\\\/es\\\/la-preservacio-de-la-memoria-en-defensa-de-la-democracia\\\/#breadcrumb\",\"itemListElement\":[{\"@type\":\"ListItem\",\"position\":1,\"name\":\"Portada\",\"item\":\"https:\\\/\\\/presidentjosemontilla.cat\\\/es\\\/\"},{\"@type\":\"ListItem\",\"position\":2,\"name\":\"La preservaci\u00f3 de la Mem\u00f2ria en defensa de la democr\u00e0cia\"}]},{\"@type\":\"WebSite\",\"@id\":\"https:\\\/\\\/presidentjosemontilla.cat\\\/es\\\/#website\",\"url\":\"https:\\\/\\\/presidentjosemontilla.cat\\\/es\\\/\",\"name\":\"President Jos\u00e9 Montilla\",\"description\":\"Web del 128\u00e8 president de la Generalitat de Catalunya\",\"publisher\":{\"@id\":\"https:\\\/\\\/presidentjosemontilla.cat\\\/es\\\/#organization\"},\"potentialAction\":[{\"@type\":\"SearchAction\",\"target\":{\"@type\":\"EntryPoint\",\"urlTemplate\":\"https:\\\/\\\/presidentjosemontilla.cat\\\/es\\\/?s={search_term_string}\"},\"query-input\":{\"@type\":\"PropertyValueSpecification\",\"valueRequired\":true,\"valueName\":\"search_term_string\"}}],\"inLanguage\":\"es\"},{\"@type\":\"Organization\",\"@id\":\"https:\\\/\\\/presidentjosemontilla.cat\\\/es\\\/#organization\",\"name\":\"President Jos\u00e9 Montilla\",\"url\":\"https:\\\/\\\/presidentjosemontilla.cat\\\/es\\\/\",\"logo\":{\"@type\":\"ImageObject\",\"inLanguage\":\"es\",\"@id\":\"https:\\\/\\\/presidentjosemontilla.cat\\\/es\\\/#\\\/schema\\\/logo\\\/image\\\/\",\"url\":\"https:\\\/\\\/presidentjosemontilla.cat\\\/wp-content\\\/uploads\\\/2019\\\/09\\\/logo2.png\",\"contentUrl\":\"https:\\\/\\\/presidentjosemontilla.cat\\\/wp-content\\\/uploads\\\/2019\\\/09\\\/logo2.png\",\"width\":350,\"height\":60,\"caption\":\"President Jos\u00e9 Montilla\"},\"image\":{\"@id\":\"https:\\\/\\\/presidentjosemontilla.cat\\\/es\\\/#\\\/schema\\\/logo\\\/image\\\/\"}},{\"@type\":\"Person\",\"@id\":\"https:\\\/\\\/presidentjosemontilla.cat\\\/es\\\/#\\\/schema\\\/person\\\/62493e1116e8949483d9ab379453b20d\",\"name\":\"Jessica Revestido Romero\",\"image\":{\"@type\":\"ImageObject\",\"inLanguage\":\"es\",\"@id\":\"https:\\\/\\\/secure.gravatar.com\\\/avatar\\\/8f9a937ae096aa3761457cef89d806bbfd6ce076f659749d8f9f5143fe35e64e?s=96&d=mm&r=g\",\"url\":\"https:\\\/\\\/secure.gravatar.com\\\/avatar\\\/8f9a937ae096aa3761457cef89d806bbfd6ce076f659749d8f9f5143fe35e64e?s=96&d=mm&r=g\",\"contentUrl\":\"https:\\\/\\\/secure.gravatar.com\\\/avatar\\\/8f9a937ae096aa3761457cef89d806bbfd6ce076f659749d8f9f5143fe35e64e?s=96&d=mm&r=g\",\"caption\":\"Jessica Revestido Romero\"},\"url\":\"https:\\\/\\\/presidentjosemontilla.cat\\\/es\\\/author\\\/jessica\\\/\"}]}<\/script>\n<!-- \/ Yoast SEO plugin. -->","yoast_head_json":{"title":"La preservaci\u00f3 de la Mem\u00f2ria en defensa de la democr\u00e0cia - President Jos\u00e9 Montilla","robots":{"index":"index","follow":"follow","max-snippet":"max-snippet:-1","max-image-preview":"max-image-preview:large","max-video-preview":"max-video-preview:-1"},"canonical":"https:\/\/presidentjosemontilla.cat\/es\/la-preservacio-de-la-memoria-en-defensa-de-la-democracia\/","og_locale":"es_ES","og_type":"article","og_title":"La preservaci\u00f3 de la Mem\u00f2ria en defensa de la democr\u00e0cia - President Jos\u00e9 Montilla","og_description":"Aquest cap de setmana es celebra la Global Progressive Mobilisation, una espai de trobada entre diferents entitats i col\u00b7lectius progressistes. Aquest \u00e9s un espai perqu\u00e8 les xarxes, organitzacions i pensadors progressistes m\u00e9s influents aline\u00efn les seves visions i dimensionin el&hellip;","og_url":"https:\/\/presidentjosemontilla.cat\/es\/la-preservacio-de-la-memoria-en-defensa-de-la-democracia\/","og_site_name":"President Jos\u00e9 Montilla","article_published_time":"2026-04-17T13:49:14+00:00","article_modified_time":"2026-04-20T10:45:53+00:00","og_image":[{"width":1600,"height":1200,"url":"https:\/\/presidentjosemontilla.cat\/wp-content\/uploads\/2026\/04\/3.jpg","type":"image\/jpeg"}],"author":"Jessica Revestido Romero","twitter_card":"summary_large_image","twitter_misc":{"Escrito por":"Jessica Revestido Romero","Tiempo de lectura":"2 minutos"},"schema":{"@context":"https:\/\/schema.org","@graph":[{"@type":"Article","@id":"https:\/\/presidentjosemontilla.cat\/es\/la-preservacio-de-la-memoria-en-defensa-de-la-democracia\/#article","isPartOf":{"@id":"https:\/\/presidentjosemontilla.cat\/es\/la-preservacio-de-la-memoria-en-defensa-de-la-democracia\/"},"author":{"name":"Jessica Revestido Romero","@id":"https:\/\/presidentjosemontilla.cat\/es\/#\/schema\/person\/62493e1116e8949483d9ab379453b20d"},"headline":"La preservaci\u00f3 de la Mem\u00f2ria en defensa de la democr\u00e0cia","datePublished":"2026-04-17T13:49:14+00:00","dateModified":"2026-04-20T10:45:53+00:00","mainEntityOfPage":{"@id":"https:\/\/presidentjosemontilla.cat\/es\/la-preservacio-de-la-memoria-en-defensa-de-la-democracia\/"},"wordCount":169,"commentCount":0,"publisher":{"@id":"https:\/\/presidentjosemontilla.cat\/es\/#organization"},"image":{"@id":"https:\/\/presidentjosemontilla.cat\/es\/la-preservacio-de-la-memoria-en-defensa-de-la-democracia\/#primaryimage"},"thumbnailUrl":"https:\/\/presidentjosemontilla.cat\/wp-content\/uploads\/2026\/04\/3.jpg","keywords":["Fundaci\u00f3 Rafael Campalans","Fundaci\u00f3n Pablo Iglesias","Global Progressive Mobilisation","PES"],"articleSection":["Actividad","Opini\u00f3n","Textos"],"inLanguage":"es","potentialAction":[{"@type":"CommentAction","name":"Comment","target":["https:\/\/presidentjosemontilla.cat\/es\/la-preservacio-de-la-memoria-en-defensa-de-la-democracia\/#respond"]}]},{"@type":"WebPage","@id":"https:\/\/presidentjosemontilla.cat\/es\/la-preservacio-de-la-memoria-en-defensa-de-la-democracia\/","url":"https:\/\/presidentjosemontilla.cat\/es\/la-preservacio-de-la-memoria-en-defensa-de-la-democracia\/","name":"La preservaci\u00f3 de la Mem\u00f2ria en defensa de la democr\u00e0cia - President Jos\u00e9 Montilla","isPartOf":{"@id":"https:\/\/presidentjosemontilla.cat\/es\/#website"},"primaryImageOfPage":{"@id":"https:\/\/presidentjosemontilla.cat\/es\/la-preservacio-de-la-memoria-en-defensa-de-la-democracia\/#primaryimage"},"image":{"@id":"https:\/\/presidentjosemontilla.cat\/es\/la-preservacio-de-la-memoria-en-defensa-de-la-democracia\/#primaryimage"},"thumbnailUrl":"https:\/\/presidentjosemontilla.cat\/wp-content\/uploads\/2026\/04\/3.jpg","datePublished":"2026-04-17T13:49:14+00:00","dateModified":"2026-04-20T10:45:53+00:00","breadcrumb":{"@id":"https:\/\/presidentjosemontilla.cat\/es\/la-preservacio-de-la-memoria-en-defensa-de-la-democracia\/#breadcrumb"},"inLanguage":"es","potentialAction":[{"@type":"ReadAction","target":["https:\/\/presidentjosemontilla.cat\/es\/la-preservacio-de-la-memoria-en-defensa-de-la-democracia\/"]}]},{"@type":"ImageObject","inLanguage":"es","@id":"https:\/\/presidentjosemontilla.cat\/es\/la-preservacio-de-la-memoria-en-defensa-de-la-democracia\/#primaryimage","url":"https:\/\/presidentjosemontilla.cat\/wp-content\/uploads\/2026\/04\/3.jpg","contentUrl":"https:\/\/presidentjosemontilla.cat\/wp-content\/uploads\/2026\/04\/3.jpg","width":1600,"height":1200},{"@type":"BreadcrumbList","@id":"https:\/\/presidentjosemontilla.cat\/es\/la-preservacio-de-la-memoria-en-defensa-de-la-democracia\/#breadcrumb","itemListElement":[{"@type":"ListItem","position":1,"name":"Portada","item":"https:\/\/presidentjosemontilla.cat\/es\/"},{"@type":"ListItem","position":2,"name":"La preservaci\u00f3 de la Mem\u00f2ria en defensa de la democr\u00e0cia"}]},{"@type":"WebSite","@id":"https:\/\/presidentjosemontilla.cat\/es\/#website","url":"https:\/\/presidentjosemontilla.cat\/es\/","name":"President Jos\u00e9 Montilla","description":"Web del 128\u00e8 president de la Generalitat de Catalunya","publisher":{"@id":"https:\/\/presidentjosemontilla.cat\/es\/#organization"},"potentialAction":[{"@type":"SearchAction","target":{"@type":"EntryPoint","urlTemplate":"https:\/\/presidentjosemontilla.cat\/es\/?s={search_term_string}"},"query-input":{"@type":"PropertyValueSpecification","valueRequired":true,"valueName":"search_term_string"}}],"inLanguage":"es"},{"@type":"Organization","@id":"https:\/\/presidentjosemontilla.cat\/es\/#organization","name":"President Jos\u00e9 Montilla","url":"https:\/\/presidentjosemontilla.cat\/es\/","logo":{"@type":"ImageObject","inLanguage":"es","@id":"https:\/\/presidentjosemontilla.cat\/es\/#\/schema\/logo\/image\/","url":"https:\/\/presidentjosemontilla.cat\/wp-content\/uploads\/2019\/09\/logo2.png","contentUrl":"https:\/\/presidentjosemontilla.cat\/wp-content\/uploads\/2019\/09\/logo2.png","width":350,"height":60,"caption":"President Jos\u00e9 Montilla"},"image":{"@id":"https:\/\/presidentjosemontilla.cat\/es\/#\/schema\/logo\/image\/"}},{"@type":"Person","@id":"https:\/\/presidentjosemontilla.cat\/es\/#\/schema\/person\/62493e1116e8949483d9ab379453b20d","name":"Jessica Revestido Romero","image":{"@type":"ImageObject","inLanguage":"es","@id":"https:\/\/secure.gravatar.com\/avatar\/8f9a937ae096aa3761457cef89d806bbfd6ce076f659749d8f9f5143fe35e64e?s=96&d=mm&r=g","url":"https:\/\/secure.gravatar.com\/avatar\/8f9a937ae096aa3761457cef89d806bbfd6ce076f659749d8f9f5143fe35e64e?s=96&d=mm&r=g","contentUrl":"https:\/\/secure.gravatar.com\/avatar\/8f9a937ae096aa3761457cef89d806bbfd6ce076f659749d8f9f5143fe35e64e?s=96&d=mm&r=g","caption":"Jessica Revestido Romero"},"url":"https:\/\/presidentjosemontilla.cat\/es\/author\/jessica\/"}]}},"_links":{"self":[{"href":"https:\/\/presidentjosemontilla.cat\/es\/wp-json\/wp\/v2\/posts\/9962","targetHints":{"allow":["GET"]}}],"collection":[{"href":"https:\/\/presidentjosemontilla.cat\/es\/wp-json\/wp\/v2\/posts"}],"about":[{"href":"https:\/\/presidentjosemontilla.cat\/es\/wp-json\/wp\/v2\/types\/post"}],"author":[{"embeddable":true,"href":"https:\/\/presidentjosemontilla.cat\/es\/wp-json\/wp\/v2\/users\/10"}],"replies":[{"embeddable":true,"href":"https:\/\/presidentjosemontilla.cat\/es\/wp-json\/wp\/v2\/comments?post=9962"}],"version-history":[{"count":2,"href":"https:\/\/presidentjosemontilla.cat\/es\/wp-json\/wp\/v2\/posts\/9962\/revisions"}],"predecessor-version":[{"id":9966,"href":"https:\/\/presidentjosemontilla.cat\/es\/wp-json\/wp\/v2\/posts\/9962\/revisions\/9966"}],"wp:featuredmedia":[{"embeddable":true,"href":"https:\/\/presidentjosemontilla.cat\/es\/wp-json\/wp\/v2\/media\/9960"}],"wp:attachment":[{"href":"https:\/\/presidentjosemontilla.cat\/es\/wp-json\/wp\/v2\/media?parent=9962"}],"wp:term":[{"taxonomy":"category","embeddable":true,"href":"https:\/\/presidentjosemontilla.cat\/es\/wp-json\/wp\/v2\/categories?post=9962"},{"taxonomy":"post_tag","embeddable":true,"href":"https:\/\/presidentjosemontilla.cat\/es\/wp-json\/wp\/v2\/tags?post=9962"},{"taxonomy":"post_series","embeddable":true,"href":"https:\/\/presidentjosemontilla.cat\/es\/wp-json\/wp\/v2\/post_series?post=9962"}],"curies":[{"name":"wp","href":"https:\/\/api.w.org\/{rel}","templated":true}]}}